{"id":40266,"date":"2024-04-02T22:18:49","date_gmt":"2024-04-02T22:18:49","guid":{"rendered":"http:\/\/historiografija.hr\/?p=40266"},"modified":"2024-04-02T22:26:50","modified_gmt":"2024-04-02T22:26:50","slug":"the-asen-conference-2024-nationalism-and-memory","status":"publish","type":"post","link":"https:\/\/historiografija.hr\/?p=40266","title":{"rendered":"The ASEN Conference 2024: Nationalism and Memory"},"content":{"rendered":"\n<p>Na 33. godi\u0161njoj konferenciji Udru\u017eenja za studije etniciteta i nacionalizma, koja \u0107e se od 9. do 11. travnja 2024. odr\u017eati na Sveu\u010dili\u0161tu u Edinburghu, o hrvatskoj povijesti izla\u017eu Taylor McConnell, Vuk Vukoti\u0107, Snje\u017eana Koren te Davor Paukovi\u0107 i Marko Ro\u0161ko, uz druga izlaganja o povijesti Srbije, Bosne i Hercegovine i Jugoslavije. Vi\u0161e u prilogu.<\/p>\n\n\n\n<hr class=\"wp-block-separator\"\/>\n\n\n\n<p><strong>Conference 2024: Nationalism and Memory<\/strong><\/p>\n\n\n\n<p>The 33rd Annual Conference of the Association for the Study of Ethnicity and Nationalism, which will take place from 9th to 11th April 2024 at the University of Edinburgh on the subject of Nationalism and Memory.<\/p>\n\n\n\n<figure class=\"wp-block-embed-wordpress wp-block-embed is-type-wp-embed is-provider-asen\"><div class=\"wp-block-embed__wrapper\">\n<blockquote class=\"wp-embedded-content\" data-secret=\"O2p2uT80s3\"><a href=\"https:\/\/asen.ac.uk\/conference\/\">Conference 2024: Nationalism and Memory<\/a><\/blockquote><iframe loading=\"lazy\" class=\"wp-embedded-content\" sandbox=\"allow-scripts\" security=\"restricted\" style=\"position: absolute; clip: rect(1px, 1px, 1px, 1px);\" title=\"&#8220;Conference 2024: Nationalism and Memory&#8221; &#8212; ASEN\" src=\"https:\/\/asen.ac.uk\/conference\/embed\/#?secret=oKk4Hfrk8W#?secret=O2p2uT80s3\" data-secret=\"O2p2uT80s3\" width=\"600\" height=\"338\" frameborder=\"0\" marginwidth=\"0\" marginheight=\"0\" scrolling=\"no\"><\/iframe>\n<\/div><\/figure>\n\n\n\n<figure class=\"wp-block-embed-wordpress wp-block-embed is-type-wp-embed is-provider-asen\"><div class=\"wp-block-embed__wrapper\">\n<blockquote class=\"wp-embedded-content\" data-secret=\"bf65h5pO3Z\"><a href=\"https:\/\/asen.ac.uk\/conference\/abstracts\/\">Abstracts<\/a><\/blockquote><iframe loading=\"lazy\" class=\"wp-embedded-content\" sandbox=\"allow-scripts\" security=\"restricted\" style=\"position: absolute; clip: rect(1px, 1px, 1px, 1px);\" title=\"&#8220;Abstracts&#8221; &#8212; ASEN\" src=\"https:\/\/asen.ac.uk\/conference\/abstracts\/embed\/#?secret=aBxmwsSw1h#?secret=bf65h5pO3Z\" data-secret=\"bf65h5pO3Z\" width=\"600\" height=\"338\" frameborder=\"0\" marginwidth=\"0\" marginheight=\"0\" scrolling=\"no\"><\/iframe>\n<\/div><\/figure>\n\n\n\n<hr class=\"wp-block-separator\"\/>\n","protected":false},"excerpt":{"rendered":"","protected":false},"author":2,"featured_media":40267,"comment_status":"open","ping_status":"open","sticky":false,"template":"","format":"standard","meta":{"_acf_changed":false,"jetpack_post_was_ever_published":false,"_jetpack_newsletter_access":"","_jetpack_dont_email_post_to_subs":false,"_jetpack_newsletter_tier_id":0,"_jetpack_memberships_contains_paywalled_content":false,"_jetpack_memberships_contains_paid_content":false,"footnotes":"","jetpack_publicize_message":"","jetpack_publicize_feature_enabled":true,"jetpack_social_post_already_shared":true,"jetpack_social_options":{"image_generator_settings":{"template":"highway","default_image_id":0,"font":"","enabled":false},"version":2}},"categories":[3,9],"tags":[],"class_list":["post-40266","post","type-post","status-publish","format-standard","has-post-thumbnail","hentry","category-novosti","category-skupovi"],"acf":{"facebook_opis":""},"jetpack_publicize_connections":[],"jetpack_featured_media_url":"https:\/\/i0.wp.com\/historiografija.hr\/wp-content\/uploads\/2024\/04\/ASEN.png?fit=1920%2C552&ssl=1","jetpack_sharing_enabled":true,"jetpack-related-posts":[],"_links":{"self":[{"href":"https:\/\/historiografija.hr\/index.php?rest_route=\/wp\/v2\/posts\/40266","targetHints":{"allow":["GET"]}}],"collection":[{"href":"https:\/\/historiografija.hr\/index.php?rest_route=\/wp\/v2\/posts"}],"about":[{"href":"https:\/\/historiografija.hr\/index.php?rest_route=\/wp\/v2\/types\/post"}],"author":[{"embeddable":true,"href":"https:\/\/historiografija.hr\/index.php?rest_route=\/wp\/v2\/users\/2"}],"replies":[{"embeddable":true,"href":"https:\/\/historiografija.hr\/index.php?rest_route=%2Fwp%2Fv2%2Fcomments&post=40266"}],"version-history":[{"count":3,"href":"https:\/\/historiografija.hr\/index.php?rest_route=\/wp\/v2\/posts\/40266\/revisions"}],"predecessor-version":[{"id":40270,"href":"https:\/\/historiografija.hr\/index.php?rest_route=\/wp\/v2\/posts\/40266\/revisions\/40270"}],"wp:featuredmedia":[{"embeddable":true,"href":"https:\/\/historiografija.hr\/index.php?rest_route=\/wp\/v2\/media\/40267"}],"wp:attachment":[{"href":"https:\/\/historiografija.hr\/index.php?rest_route=%2Fwp%2Fv2%2Fmedia&parent=40266"}],"wp:term":[{"taxonomy":"category","embeddable":true,"href":"https:\/\/historiografija.hr\/index.php?rest_route=%2Fwp%2Fv2%2Fcategories&post=40266"},{"taxonomy":"post_tag","embeddable":true,"href":"https:\/\/historiografija.hr\/index.php?rest_route=%2Fwp%2Fv2%2Ftags&post=40266"}],"curies":[{"name":"wp","href":"https:\/\/api.w.org\/{rel}","templated":true}]}}