{"id":40248,"date":"2024-03-29T08:14:04","date_gmt":"2024-03-29T08:14:04","guid":{"rendered":"http:\/\/historiografija.hr\/?p=40248"},"modified":"2024-03-29T08:14:04","modified_gmt":"2024-03-29T08:14:04","slug":"zivot-i-djelo-kardinala-franje-kuharica-zbornik-radova-sa-znanstvenoga-teoloskog-simpozija","status":"publish","type":"post","link":"https:\/\/historiografija.hr\/?p=40248","title":{"rendered":"\u017divot i djelo kardinala Franje Kuhari\u0107a. Zbornik radova sa znanstvenoga teolo\u0161kog simpozija"},"content":{"rendered":"\n<p>Ton\u010di Matuli\u0107, Ana Bio\u010di\u0107, Branko Muri\u0107 (ur.)<\/p>\n\n\n\n<hr class=\"wp-block-separator\"\/>\n\n\n\n<p><em>\u017divot i djelo kardinala Franje Kuhari\u0107a<\/em> naslov je zbornika radova sa znanstvenoga teolo\u0161kog simpozija istoga naziva koji je odr\u017ean u Zagrebu u petak i subotu 1. i 2. srpnja 2022. godine. Izvorno je trebao biti odr\u017ean 2019. godine prigodom 100. obljetnice Kardinalovog ro\u0111enja, me\u0111utim, pandemija koronavirusa sprije\u010dila je taj naum.<\/p>\n\n\n\n<p>Kardinal Franjo Kuhari\u0107 jedan je od najve\u0107ih sinova Katoli\u010dke Crkve u Hrvatskoj u 20. stolje\u0107u. Bio je klju\u010dna pastirska figura u prijelomnim povijesnim trenutcima Katoli\u010dke crkve i hrvatskoga naroda u drugoj polovici 20. stolje\u0107a, a posebno po\u010detkom devedesetih godina 20. stolje\u0107a tijekom Domovinskoga rata i osamostaljenja Republike Hrvatske. Dobro je poznata i fama sanctitatis koju je kardinal Kuhari\u0107 u\u017eivao i jo\u0161 uvijek u\u017eiva me\u0111u hrvatskim katoli\u010dkim pukom.<\/p>\n\n\n\n<p><em>\u017divot i djelo kardinala Franje Kuhari\u0107a<\/em> na jednom mjestu daje dobar, iako ne iscrpan i kona\u010dan, prikaz Kuhari\u0107eva \u017eivota i djela. U ovom zborniku objavljena su dvadeset i tri priloga (od dvadeset i osam obra\u0111enih tema na samom simpoziju) te prigodni pozdravni govori na otvaranju i zatvaranju simpozija.&nbsp;<\/p>\n\n\n\n<p>Na samom po\u010detku zbornika \u010ditatelj \u0107e nai\u0107i na kronolo\u0161ki pregled Kuhari\u0107eva \u017eivota i pastirskoga slu\u017eenja, o \u010demu je pisao An\u0111elko Ko\u0161\u0107ak. Stjepan Baloban pisao je o kardinalu Kuhari\u0107u kao crkvenom i moralnom autoritetu u vremenu komunizma, a pokriveno je i njegovo djelovanje na \u010delu Biskupske konferencije Jugoslavije od 1970. do 1991. (o \u010demu je pisao Ratko Peri\u0107), \u201e\u017dalosni Bo\u017ei\u0107\u201c 1971. i Hrvatsko prolje\u0107e u dnevniku (nad)biskupa Franje Kuhari\u0107a (Ana Bio\u010di\u0107 i Vatroslav Siketi\u0107), uloga kardinala Franje Kuhari\u0107a kao predvodnika Katoli\u010dke Crkve u Hrvatskoj u procesu stvaranja hrvatske dr\u017eave i u vrijeme Domovinskog rata (Julija Barun\u010di\u0107 Pletikosi\u0107 i Ante Nazor).<\/p>\n\n\n\n<p>Juraj Batelja pisao je o odnosu bl. Alojzija Stepinca i zagreba\u010dkog nadbiskupa kardinala Franje Kuhari\u0107a, dok je Miroslav Akmad\u017ea produbio temu djelovanja nadbiskupa Franje Kuhari\u0107a (njegovi javni prosvjedi, poslanice i propovijedi, uz o\u0161tre reakcije dr\u017eavnih vlasti) tijekom komunisti\u010dkoga re\u017eima (1970. \u2013 1989.), politi\u010dkih nemira i pogor\u0161anja odnosa Crkve i dr\u017eave. Zbornik nadalje okuplja niz zanimljivih tema iz raznih perspektiva. Tu je, primjerice, i ona vezana uz tisak i izdava\u0161tvo, o kojoj su pisali Stjepan Brebri\u0107 (<em>Nadbiskup Franjo Kuhari\u0107 i razvoj Kr\u0161\u0107anske sada\u0161njosti<\/em>) i Anto Miki\u0107 (<em>(Nad)biskup Franjo Kuhari\u0107 kao odgovorni urednik Glasa Koncila (1964. \u2013 1970.)<\/em>), kao i tema njegovih poslanica, poruka, propovijedi i govora o kojima su pisali Marija Pehar (<em>Mariolo\u0161ko-marijanski sadr\u017eaji u propovijedima i govorima zagreba\u010dkog nadbiskupa i kardinala Franje Kuhari\u0107a<\/em>), Tomislav Ha\u010dko (<em>Kardinal Franjo Kuhari\u0107 i glavne teme bo\u017ei\u0107nih, korizmenih i uskrsnih pastirskih poruka<\/em>), Branko Muri\u0107 (<em>Nadbiskup Franjo Kuhari\u0107 i Crkva iz naroda. Pastirski poticaji primjene koncilskog nauka o Crkvi u njegovim javnim nastupima<\/em>) i \u017delimir Pulji\u0107 (<em>Otajstvo biskupske slu\u017ebe u nastupima sluge Bo\u017ejega Franje kardinala Kuhari\u0107a<\/em>). O\u00a0 \u010detiri osnovne zna\u010dajke duhovnosti koju je promovirao kardinal Kuhari\u0107 i glavnim temama moralnog nau\u010davanja pisali su Ton\u010di Matuli\u0107 i Ante Bekavac (<em>Glavne moralne teme u nau\u010davanju nadbiskupa Franje Kuhari\u0107a: \u010dovjek, grijeh, nadnaravne krjeposti, moralna savjest i moralni zakon<\/em>) te Franjo Podgorelec (<em>Zna\u010dajke duhovnosti koju je promicao kardinal Franjo Kuhari\u0107<\/em>).<\/p>\n\n\n\n<hr class=\"wp-block-separator\"\/>\n\n\n\n<p>Izvor:<\/p>\n\n\n\n<p><a href=\"https:\/\/www.ks.hr\/naslovnica\/9104630-zivot-i-djelo-kardinala-franje-kuharica.html\">https:\/\/www.ks.hr\/naslovnica\/9104630-zivot-i-djelo-kardinala-franje-kuharica.html<\/a><\/p>\n\n\n\n<hr class=\"wp-block-separator\"\/>\n","protected":false},"excerpt":{"rendered":"","protected":false},"author":2,"featured_media":40249,"comment_status":"open","ping_status":"open","sticky":false,"template":"","format":"standard","meta":{"_acf_changed":false,"jetpack_post_was_ever_published":false,"_jetpack_newsletter_access":"","_jetpack_dont_email_post_to_subs":false,"_jetpack_newsletter_tier_id":0,"_jetpack_memberships_contains_paywalled_content":false,"_jetpack_memberships_contains_paid_content":false,"footnotes":"","jetpack_publicize_message":"","jetpack_publicize_feature_enabled":true,"jetpack_social_post_already_shared":true,"jetpack_social_options":{"image_generator_settings":{"template":"highway","default_image_id":0,"font":"","enabled":false},"version":2}},"categories":[8,3],"tags":[],"class_list":["post-40248","post","type-post","status-publish","format-standard","has-post-thumbnail","hentry","category-knjige","category-novosti"],"acf":{"facebook_opis":""},"jetpack_publicize_connections":[],"jetpack_featured_media_url":"https:\/\/i0.wp.com\/historiografija.hr\/wp-content\/uploads\/2024\/03\/zivot-i-djelo-kardinala-franje-kuharica.jpg?fit=540%2C540&ssl=1","jetpack_sharing_enabled":true,"jetpack-related-posts":[],"_links":{"self":[{"href":"https:\/\/historiografija.hr\/index.php?rest_route=\/wp\/v2\/posts\/40248","targetHints":{"allow":["GET"]}}],"collection":[{"href":"https:\/\/historiografija.hr\/index.php?rest_route=\/wp\/v2\/posts"}],"about":[{"href":"https:\/\/historiografija.hr\/index.php?rest_route=\/wp\/v2\/types\/post"}],"author":[{"embeddable":true,"href":"https:\/\/historiografija.hr\/index.php?rest_route=\/wp\/v2\/users\/2"}],"replies":[{"embeddable":true,"href":"https:\/\/historiografija.hr\/index.php?rest_route=%2Fwp%2Fv2%2Fcomments&post=40248"}],"version-history":[{"count":1,"href":"https:\/\/historiografija.hr\/index.php?rest_route=\/wp\/v2\/posts\/40248\/revisions"}],"predecessor-version":[{"id":40250,"href":"https:\/\/historiografija.hr\/index.php?rest_route=\/wp\/v2\/posts\/40248\/revisions\/40250"}],"wp:featuredmedia":[{"embeddable":true,"href":"https:\/\/historiografija.hr\/index.php?rest_route=\/wp\/v2\/media\/40249"}],"wp:attachment":[{"href":"https:\/\/historiografija.hr\/index.php?rest_route=%2Fwp%2Fv2%2Fmedia&parent=40248"}],"wp:term":[{"taxonomy":"category","embeddable":true,"href":"https:\/\/historiografija.hr\/index.php?rest_route=%2Fwp%2Fv2%2Fcategories&post=40248"},{"taxonomy":"post_tag","embeddable":true,"href":"https:\/\/historiografija.hr\/index.php?rest_route=%2Fwp%2Fv2%2Ftags&post=40248"}],"curies":[{"name":"wp","href":"https:\/\/api.w.org\/{rel}","templated":true}]}}