{"id":40184,"date":"2024-03-22T21:36:12","date_gmt":"2024-03-22T21:36:12","guid":{"rendered":"http:\/\/historiografija.hr\/?p=40184"},"modified":"2024-03-22T21:36:12","modified_gmt":"2024-03-22T21:36:12","slug":"druhy-polocas-jugoslavie-v-dobe-vrcholneho-a-pozdniho-socialismu-pocta-janu-pelikanovi","status":"publish","type":"post","link":"https:\/\/historiografija.hr\/?p=40184","title":{"rendered":"Druh\u00fd polo\u010das. Jugosl\u00e1vie v dob\u011b vrcholn\u00e9ho a pozdn\u00edho socialismu. Pocta Janu Pelik\u00e1novi"},"content":{"rendered":"\n<p><strong>Milan Sovilj, Ond\u0159ej Vojt\u011bchovsk\u00fd, Boris Moskovi\u0107, eds., <em>Druh\u00fd polo\u010das. Jugosl\u00e1vie v dob\u011b vrcholn\u00e9ho a pozdn\u00edho socialismu. Pocta Janu Pelik\u00e1novi <\/em>[Drugo poluvrijeme. Jugoslavija na vrhuncu i tijekom kasnog socijalizma], Praha: Filozofick\u00e1 fakulta Univerzity Karlovy 2023.<\/strong><\/p>\n\n\n\n<p>Pojedina\u010dni prilozi u ovoj publikaciji na \u010de\u0161kom jeziku usmjereni su na politi\u010dke, nacionalne, kulturne, vjerske i druge aspekte jugoslavenskog razvoja od 1960-ih do ranih 1990-ih, tj. u posljednjih \u010detvrt stolje\u0107a postojanja jedinstvene dr\u017eave. Odlikuje ih bogata heuristi\u010dka baza i inovativna interpretacija, koja omogu\u0107uje da se otkriju i dosad manje poznati ili nedovoljno nagla\u0161eni aspekti povijesti kasne socijalisti\u010dke Jugoslavije. Kolektivna monografija izlazi i u povodu zna\u010dajne \u017eivotne obljetnice i djela Jana Pelik\u00e1na, vode\u0107eg \u010de\u0161kog stru\u010dnjaka za povijest jugoisto\u010dne Europe i dugogodi\u0161njeg predava\u010da na Filozofskom fakultetu Karlovog sveu\u010dili\u0161ta u Pragu. Autori studija su renomirani povijesni\u010dari, koji ne samo da su tijekom svojih istra\u017eiva\u010dkih aktivnosti vi\u0161e puta dolazili u doticaj s djelima Jana Pelik\u00e1na, ve\u0107 su imali priliku s njim i profesionalno sura\u0111ivati i dru\u017eiti se. Publikacija sadr\u017ei i opse\u017enu studiju o izdava\u010dkoj i profesionalnoj djelatnosti Jana Pelik\u00e1na, kao i bibliografski popis njegovih tekstova.<\/p>\n\n\n\n<p><strong>Info:<\/strong><\/p>\n\n\n\n<p><a href=\"https:\/\/books.ff.cuni.cz\/2024\/03\/04\/druhy-polocas-jugoslavie-v-dobe-vrcholneho-a-pozdniho-socialismu-pocta-janu-pelikanovi\/\">https:\/\/books.ff.cuni.cz\/2024\/03\/04\/druhy-polocas-jugoslavie-v-dobe-vrcholneho-a-pozdniho-socialismu-pocta-janu-pelikanovi\/<\/a><\/p>\n\n\n\n<hr class=\"wp-block-separator\"\/>\n\n\n\n<p>Dodatne obavijesti o knjizi objavljene su i na portalu <strong>Historiografija.ba<\/strong>:<\/p>\n\n\n\n<p><a href=\"https:\/\/historiografija.ba\/article.php?id=2393\">https:\/\/historiografija.ba\/article.php?id=2393<\/a><\/p>\n\n\n\n<hr class=\"wp-block-separator\"\/>\n","protected":false},"excerpt":{"rendered":"","protected":false},"author":2,"featured_media":40185,"comment_status":"open","ping_status":"open","sticky":false,"template":"","format":"standard","meta":{"_acf_changed":false,"jetpack_post_was_ever_published":false,"_jetpack_newsletter_access":"","_jetpack_dont_email_post_to_subs":false,"_jetpack_newsletter_tier_id":0,"_jetpack_memberships_contains_paywalled_content":false,"_jetpack_memberships_contains_paid_content":false,"footnotes":"","jetpack_publicize_message":"","jetpack_publicize_feature_enabled":true,"jetpack_social_post_already_shared":true,"jetpack_social_options":{"image_generator_settings":{"template":"highway","default_image_id":0,"font":"","enabled":false},"version":2}},"categories":[8,3],"tags":[],"class_list":["post-40184","post","type-post","status-publish","format-standard","has-post-thumbnail","hentry","category-knjige","category-novosti"],"acf":{"facebook_opis":""},"jetpack_publicize_connections":[],"jetpack_featured_media_url":"https:\/\/i0.wp.com\/historiografija.hr\/wp-content\/uploads\/2024\/03\/J_Pelikan.jpg?fit=450%2C595&ssl=1","jetpack_sharing_enabled":true,"jetpack-related-posts":[],"_links":{"self":[{"href":"https:\/\/historiografija.hr\/index.php?rest_route=\/wp\/v2\/posts\/40184","targetHints":{"allow":["GET"]}}],"collection":[{"href":"https:\/\/historiografija.hr\/index.php?rest_route=\/wp\/v2\/posts"}],"about":[{"href":"https:\/\/historiografija.hr\/index.php?rest_route=\/wp\/v2\/types\/post"}],"author":[{"embeddable":true,"href":"https:\/\/historiografija.hr\/index.php?rest_route=\/wp\/v2\/users\/2"}],"replies":[{"embeddable":true,"href":"https:\/\/historiografija.hr\/index.php?rest_route=%2Fwp%2Fv2%2Fcomments&post=40184"}],"version-history":[{"count":1,"href":"https:\/\/historiografija.hr\/index.php?rest_route=\/wp\/v2\/posts\/40184\/revisions"}],"predecessor-version":[{"id":40186,"href":"https:\/\/historiografija.hr\/index.php?rest_route=\/wp\/v2\/posts\/40184\/revisions\/40186"}],"wp:featuredmedia":[{"embeddable":true,"href":"https:\/\/historiografija.hr\/index.php?rest_route=\/wp\/v2\/media\/40185"}],"wp:attachment":[{"href":"https:\/\/historiografija.hr\/index.php?rest_route=%2Fwp%2Fv2%2Fmedia&parent=40184"}],"wp:term":[{"taxonomy":"category","embeddable":true,"href":"https:\/\/historiografija.hr\/index.php?rest_route=%2Fwp%2Fv2%2Fcategories&post=40184"},{"taxonomy":"post_tag","embeddable":true,"href":"https:\/\/historiografija.hr\/index.php?rest_route=%2Fwp%2Fv2%2Ftags&post=40184"}],"curies":[{"name":"wp","href":"https:\/\/api.w.org\/{rel}","templated":true}]}}