{"id":40181,"date":"2024-03-22T21:24:51","date_gmt":"2024-03-22T21:24:51","guid":{"rendered":"http:\/\/historiografija.hr\/?p=40181"},"modified":"2024-03-22T21:24:51","modified_gmt":"2024-03-22T21:24:51","slug":"jelena-lalatovic-tako-se-kalio-celik-omladinska-stampa-i-borba-za-slobodni-univerzitet-1937%e2%80%921968","status":"publish","type":"post","link":"https:\/\/historiografija.hr\/?p=40181","title":{"rendered":"Jelena Lalatovi\u0107, \u201eTako se kalio \u010delik: omladinska \u0161tampa i borba za slobodni univerzitet 1937\u20121968.\u201c"},"content":{"rendered":"\n<p><strong>Izdava\u010d:<\/strong><\/p>\n\n\n\n<p>Institut za knji\u017eevnost i umetnost, 2023.<\/p>\n\n\n\n<p><strong>Kratak opis:<\/strong><\/p>\n\n\n\n<p>Studija <em>Tako se kalio \u010delik: omladinska \u0161tampa i borba za slobodni univerzitet 1937\u20121968.<\/em> dr Jelene Lalatovi\u0107, nau\u010dne saradnice Instituta za knji\u017eevnost i umetnost, bavi se periodizacijom jugoslovenske omladinske kulture u kontekstu vi\u0161edecenijskih borbi za autonomiju univerziteta. Razvoj \u017eanrova knji\u017eevne kritike i polemike u omladinskoj i studentskoj periodici, koja obuhvata raspon od <em>Borbenog studenta<\/em>, glasila ilegalne Komunisti\u010dke partije s po\u010detka tridesetih godina, do teorijskog \u010dasopisa <em>Ideje<\/em> iz 1970. godine, sme\u0161ten je u sredi\u0161te (re)interpretacije me\u0111uzavisnosti knji\u017eevnoistorijskih i dru\u0161tveno-politi\u010dkih procesa. Autonomija univerziteta, svojevrsna metonimija op\u0161teg kulturnog napretka, ispostavlja se kao jedan od frontova na kojima se istovremeno odvijala borba za op\u0161tedru\u0161tvenu emancipaciju i osnovne demokratske slobode kao \u0161to su sloboda udru\u017eivanja, te sloboda izra\u017eavanja i sloboda nau\u010dnog rada. Autorka omladinsku periodiku \u2012 list Student, nedvosmisleno najuticajnije glasilo studenata Beogradskog univerziteta u Jugoslaviji, i knji\u017eevne \u010dasopise <em>Mladost<\/em> i <em>Mlada kultura<\/em> \u2012 promatra kao klju\u010dne aktere u formiranju programa i zahteva omladinskog antifa\u0161isti\u010dkog pokreta u me\u0111uratnom razdoblju. Omladinska periodika analizira se na dve me\u0111usobno povezane ravni. Najpre, kao bitan izvor za sinteti\u010dko razumevanje odnosa knji\u017eevnosti, knji\u017eevne kritike i revolucionarnih kretanja u Jugoslaviji, a zatim i kao delatan sloj kulturne ba\u0161tine, \u010diji poslednji odjek predstavljaju i studentski pokreti iz 1968. godine Studija <em>Tako se kalio \u010delik: omladinska \u0161tampa i borba za slobodni univerzitet 1937\u20121968. <\/em>elaborira na koji na\u010din razvoj ideje slobodnog univerziteta i \u017eanrova knji\u017eevne kritike i polemike nude upori\u0161te da se nazna\u010deni vremenski okvir tretira kao samosvojna etapa u razvoju omladinske knji\u017eevnosti i kulture kod nas.<\/p>\n\n\n\n<hr class=\"wp-block-separator\"\/>\n\n\n\n<p>Izvor:<\/p>\n\n\n\n<p><a href=\"https:\/\/www.ikum.org.rs\/izdanje.php?id=176#\">https:\/\/www.ikum.org.rs\/izdanje.php?id=176#<\/a><\/p>\n\n\n\n<hr class=\"wp-block-separator\"\/>\n","protected":false},"excerpt":{"rendered":"","protected":false},"author":2,"featured_media":40182,"comment_status":"open","ping_status":"open","sticky":false,"template":"","format":"standard","meta":{"_acf_changed":false,"jetpack_post_was_ever_published":false,"_jetpack_newsletter_access":"","_jetpack_dont_email_post_to_subs":false,"_jetpack_newsletter_tier_id":0,"_jetpack_memberships_contains_paywalled_content":false,"_jetpack_memberships_contains_paid_content":false,"footnotes":"","jetpack_publicize_message":"","jetpack_publicize_feature_enabled":true,"jetpack_social_post_already_shared":true,"jetpack_social_options":{"image_generator_settings":{"template":"highway","default_image_id":0,"font":"","enabled":false},"version":2}},"categories":[8,3],"tags":[],"class_list":["post-40181","post","type-post","status-publish","format-standard","has-post-thumbnail","hentry","category-knjige","category-novosti"],"acf":{"facebook_opis":""},"jetpack_publicize_connections":[],"jetpack_featured_media_url":"https:\/\/i0.wp.com\/historiografija.hr\/wp-content\/uploads\/2024\/03\/tako_se_kalio_%C4%8Delik.jpg?fit=1302%2C1851&ssl=1","jetpack_sharing_enabled":true,"jetpack-related-posts":[],"_links":{"self":[{"href":"https:\/\/historiografija.hr\/index.php?rest_route=\/wp\/v2\/posts\/40181","targetHints":{"allow":["GET"]}}],"collection":[{"href":"https:\/\/historiografija.hr\/index.php?rest_route=\/wp\/v2\/posts"}],"about":[{"href":"https:\/\/historiografija.hr\/index.php?rest_route=\/wp\/v2\/types\/post"}],"author":[{"embeddable":true,"href":"https:\/\/historiografija.hr\/index.php?rest_route=\/wp\/v2\/users\/2"}],"replies":[{"embeddable":true,"href":"https:\/\/historiografija.hr\/index.php?rest_route=%2Fwp%2Fv2%2Fcomments&post=40181"}],"version-history":[{"count":1,"href":"https:\/\/historiografija.hr\/index.php?rest_route=\/wp\/v2\/posts\/40181\/revisions"}],"predecessor-version":[{"id":40183,"href":"https:\/\/historiografija.hr\/index.php?rest_route=\/wp\/v2\/posts\/40181\/revisions\/40183"}],"wp:featuredmedia":[{"embeddable":true,"href":"https:\/\/historiografija.hr\/index.php?rest_route=\/wp\/v2\/media\/40182"}],"wp:attachment":[{"href":"https:\/\/historiografija.hr\/index.php?rest_route=%2Fwp%2Fv2%2Fmedia&parent=40181"}],"wp:term":[{"taxonomy":"category","embeddable":true,"href":"https:\/\/historiografija.hr\/index.php?rest_route=%2Fwp%2Fv2%2Fcategories&post=40181"},{"taxonomy":"post_tag","embeddable":true,"href":"https:\/\/historiografija.hr\/index.php?rest_route=%2Fwp%2Fv2%2Ftags&post=40181"}],"curies":[{"name":"wp","href":"https:\/\/api.w.org\/{rel}","templated":true}]}}