{"id":40172,"date":"2024-03-22T21:03:50","date_gmt":"2024-03-22T21:03:50","guid":{"rendered":"http:\/\/historiografija.hr\/?p=40172"},"modified":"2025-04-09T15:04:18","modified_gmt":"2025-04-09T15:04:18","slug":"hrvatski-sabor-2025-godinu-proglasio-godinom-obiljezavanja-1100-obljetnice-hrvatskoga-kraljevstva","status":"publish","type":"post","link":"https:\/\/historiografija.hr\/?p=40172","title":{"rendered":"Hrvatski sabor 2025. godinu proglasio &#8220;Godinom obilje\u017eavanja 1100. obljetnice hrvatskoga kraljevstva&#8221;"},"content":{"rendered":"\n<p>Dana 14. o\u017eujka 2024. Hrvatski sabor proglasio je 2025. godinu &#8220;Godinom obilje\u017eavanja 1100. obljetnice hrvatskoga kraljevstva&#8221;, \u0161to je \u2013 osim saborske rasprave \u2013 potaknulo i polemi\u010dke reakcije dijela povjesni\u010dara.<\/p>\n\n\n\n<hr class=\"wp-block-separator has-css-opacity\"\/>\n\n\n\n<p>Odluka:<\/p>\n\n\n\n<p><a href=\"https:\/\/narodne-novine.nn.hr\/clanci\/sluzbeni\/2024_03_32_484.html\">https:\/\/narodne-novine.nn.hr\/clanci\/sluzbeni\/2024_03_32_484.html<\/a><\/p>\n\n\n\n<p><a href=\"https:\/\/www.sabor.hr\/hr\/prijedlog-odluke-o-proglasenju-2025-godine-godinom-obiljezavanja-1100-obljetnice-hrvatskoga\">https:\/\/www.sabor.hr\/hr\/prijedlog-odluke-o-proglasenju-2025-godine-godinom-obiljezavanja-1100-obljetnice-hrvatskoga<\/a><\/p>\n\n\n\n<p><a href=\"https:\/\/www.matica.hr\/novosti\/na-inicijativu-matice-hrvatske-i-druzbe-braca-hrvatskoga-zmaja-hrvatski-sabor-proglasio-2025-godinom-obiljezavanja-1100-obljetnice-hrvatskoga-kraljevstva-368\/\">https:\/\/www.matica.hr\/novosti\/na-inicijativu-matice-hrvatske-i-druzbe-braca-hrvatskoga-zmaja-hrvatski-sabor-proglasio-2025-godinom-obiljezavanja-1100-obljetnice-hrvatskoga-kraljevstva-368\/<\/a><\/p>\n\n\n\n<figure class=\"wp-block-embed is-type-wp-embed is-provider-dru-ba-quot-bra-a-hrvatskoga-zmaja-quot wp-block-embed-dru-ba-quot-bra-a-hrvatskoga-zmaja-quot is-provider-druzba-quot-braca-hrvatskoga-zmaja-quot\"><div class=\"wp-block-embed__wrapper\">\n<blockquote class=\"wp-embedded-content\" data-secret=\"IppvMrrSrt\"><a href=\"https:\/\/dbhz.hr\/1100-hk\/\">1100. OBLJETNICA HRVATSKOGA KRALJEVSTVA<\/a><\/blockquote><iframe loading=\"lazy\" class=\"wp-embedded-content\" sandbox=\"allow-scripts\" security=\"restricted\" style=\"position: absolute; visibility: hidden;\" title=\"&#8220;1100. OBLJETNICA HRVATSKOGA KRALJEVSTVA&#8221; &#8212; Dru\u017eba &quot;Bra\u0107a Hrvatskoga Zmaja&quot;\" src=\"https:\/\/dbhz.hr\/1100-hk\/embed\/#?secret=2fvCEelin9#?secret=IppvMrrSrt\" data-secret=\"IppvMrrSrt\" width=\"600\" height=\"338\" frameborder=\"0\" marginwidth=\"0\" marginheight=\"0\" scrolling=\"no\"><\/iframe>\n<\/div><\/figure>\n\n\n\n<p><a href=\"https:\/\/www.matica.hr\/vijenac\/805\/kako-cemo-obiljeziti-1100-godina-hrvatskoga-kraljevstva-37340\">https:\/\/www.matica.hr\/vijenac\/805\/kako-cemo-obiljeziti-1100-godina-hrvatskoga-kraljevstva-37340<\/a><\/p>\n\n\n\n<hr class=\"wp-block-separator has-css-opacity\"\/>\n\n\n\n<p>Iz medija:<\/p>\n\n\n\n<p><a href=\"https:\/\/www.hina.hr\/vijest\/11563962\">https:\/\/www.hina.hr\/vijest\/11563962<\/a><\/p>\n\n\n\n<p><a href=\"https:\/\/www.tportal.hr\/vijesti\/clanak\/dio-oporbe-na-nogama-zbog-prijedloga-u-saboru-je-li-kralj-tomislav-bio-hdz-ovac-20240313\">https:\/\/www.tportal.hr\/vijesti\/clanak\/dio-oporbe-na-nogama-zbog-prijedloga-u-saboru-je-li-kralj-tomislav-bio-hdz-ovac-20240313<\/a><\/p>\n\n\n\n<p><a href=\"https:\/\/dalmatinskiportal.hr\/hrvatska\/jednoglasno-u-saboru-iduce-godine-obiljezit-ce-se-1100--obljetnica-hrvatskog-kraljevstva\/197792\">https:\/\/dalmatinskiportal.hr\/hrvatska\/jednoglasno-u-saboru-iduce-godine-obiljezit-ce-se-1100&#8211;obljetnica-hrvatskog-kraljevstva\/197792<\/a><\/p>\n\n\n\n<p><a href=\"https:\/\/www.glasgacke.hr\/?ispis=detalji&amp;novost=38671&amp;kat=69\">https:\/\/www.glasgacke.hr\/?ispis=detalji&amp;novost=38671&amp;kat=69<\/a><\/p>\n\n\n\n<figure class=\"wp-block-embed is-type-wp-embed is-provider-identitet wp-block-embed-identitet\"><div class=\"wp-block-embed__wrapper\">\n<blockquote class=\"wp-embedded-content\" data-secret=\"Vp5sgn4fN5\"><a href=\"https:\/\/identitet.hr\/1100-godina-hrvatskog-kraljevstva-hoce-li-autocestu-zagreb-dubrovnik-doista-ukrasiti-spomenik-dolazak-hrvata-na-jadran\/\">1100 godina Hrvatskog kraljevstva: Ho\u0107e li autocestu Zagreb-Dubrovnik doista ukrasiti spomenik \u201eDolazak Hrvata na Jadran\u201c?<\/a><\/blockquote><iframe loading=\"lazy\" class=\"wp-embedded-content\" sandbox=\"allow-scripts\" security=\"restricted\" style=\"position: absolute; visibility: hidden;\" title=\"&#8220;1100 godina Hrvatskog kraljevstva: Ho\u0107e li autocestu Zagreb-Dubrovnik doista ukrasiti spomenik \u201eDolazak Hrvata na Jadran\u201c?&#8221; &#8212; Identitet\" src=\"https:\/\/identitet.hr\/1100-godina-hrvatskog-kraljevstva-hoce-li-autocestu-zagreb-dubrovnik-doista-ukrasiti-spomenik-dolazak-hrvata-na-jadran\/embed\/#?secret=DqZWG3Tvnu#?secret=Vp5sgn4fN5\" data-secret=\"Vp5sgn4fN5\" width=\"600\" height=\"338\" frameborder=\"0\" marginwidth=\"0\" marginheight=\"0\" scrolling=\"no\"><\/iframe>\n<\/div><\/figure>\n\n\n\n<hr class=\"wp-block-separator has-alpha-channel-opacity\"\/>\n\n\n\n<p><a href=\"https:\/\/www.vecernji.hr\/vijesti\/godina-pocasti-kralju-tomislavu-obiljezavamo-1100-obljetnicu-hrvatskog-kraljevstva-cijele-2025-1830906\">https:\/\/www.vecernji.hr\/vijesti\/godina-pocasti-kralju-tomislavu-obiljezavamo-1100-obljetnicu-hrvatskog-kraljevstva-cijele-2025-1830906<\/a><\/p>\n\n\n\n<hr class=\"wp-block-separator has-css-opacity\"\/>\n\n\n\n<p><a href=\"https:\/\/www.jutarnji.hr\/vijesti\/hrvatska\/hrvatska-ce-cijelu-iducu-godinu-uz-trublje-i-fanfare-komemorirati-potpuno-nepostojeci-dogadaj-15439740\">https:\/\/www.jutarnji.hr\/vijesti\/hrvatska\/hrvatska-ce-cijelu-iducu-godinu-uz-trublje-i-fanfare-komemorirati-potpuno-nepostojeci-dogadaj-15439740<\/a><\/p>\n\n\n\n<hr class=\"wp-block-separator has-alpha-channel-opacity\"\/>\n\n\n\n<p><a href=\"https:\/\/slobodnadalmacija.hr\/vijesti\/hrvatska\/1100-obljetnica-kraljevstva-sto-je-istina-u-prici-o-krunidbi-na-duvanjskom-polju-je-li-to-zaista-bilo-925-godine-1453287\">https:\/\/slobodnadalmacija.hr\/vijesti\/hrvatska\/1100-obljetnica-kraljevstva-sto-je-istina-u-prici-o-krunidbi-na-duvanjskom-polju-je-li-to-zaista-bilo-925-godine-1453287<\/a><\/p>\n\n\n\n<hr class=\"wp-block-separator has-alpha-channel-opacity\"\/>\n\n\n\n<p><a href=\"https:\/\/www.index.hr\/vijesti\/clanak\/vecina-prica-o-kralju-tomislavu-je-izmisljotina-sto-je-istina\/2645112.aspx\">https:\/\/www.index.hr\/vijesti\/clanak\/vecina-prica-o-kralju-tomislavu-je-izmisljotina-sto-je-istina\/2645112.aspx<\/a><\/p>\n\n\n\n<hr class=\"wp-block-separator has-alpha-channel-opacity\"\/>\n\n\n\n<p><a href=\"https:\/\/www.hrvatskarijec.rs\/vijest\/8891\/Kralj-Tomislav-%C2%BBrex-Chroatorum%C2%AB\">https:\/\/www.hrvatskarijec.rs\/vijest\/8891\/Kralj-Tomislav-%C2%BBrex-Chroatorum%C2%AB<\/a><\/p>\n\n\n\n<hr class=\"wp-block-separator has-css-opacity\"\/>\n\n\n\n<p>Inicijalni komentari povjesni\u010dara:<\/p>\n\n\n\n<hr class=\"wp-block-separator has-css-opacity\"\/>\n\n\n\n<p>Neven Budak<\/p>\n\n\n\n<figure class=\"wp-block-embed is-type-wp-embed is-provider-nacional-hr wp-block-embed-nacional-hr\"><div class=\"wp-block-embed__wrapper\">\n<blockquote class=\"wp-embedded-content\" data-secret=\"oCCeMfzXL4\"><a href=\"https:\/\/www.nacional.hr\/mitomani-protiv-republike-vjerovali-ili-ne-hdz-zeli-proslavu-1100-godina-hrvatskog-kraljevstva-donosimo-analizu-nevena-budaka\/\">MITOMANI PROTIV REPUBLIKE: Vjerovali ili ne, HDZ \u017eeli proslavu &#8216;1100 godina Hrvatskog Kraljevstva&#8217;. Donosimo analizu\u00a0Nevena\u00a0Budaka<\/a><\/blockquote><iframe loading=\"lazy\" class=\"wp-embedded-content\" sandbox=\"allow-scripts\" security=\"restricted\" style=\"position: absolute; visibility: hidden;\" title=\"&#8220;MITOMANI PROTIV REPUBLIKE: Vjerovali ili ne, HDZ \u017eeli proslavu &#8216;1100 godina Hrvatskog Kraljevstva&#8217;. Donosimo analizu\u00a0Nevena\u00a0Budaka&#8221; &#8212; NACIONAL.HR\" src=\"https:\/\/www.nacional.hr\/mitomani-protiv-republike-vjerovali-ili-ne-hdz-zeli-proslavu-1100-godina-hrvatskog-kraljevstva-donosimo-analizu-nevena-budaka\/embed\/#?secret=sIEoZkCR72#?secret=oCCeMfzXL4\" data-secret=\"oCCeMfzXL4\" width=\"600\" height=\"338\" frameborder=\"0\" marginwidth=\"0\" marginheight=\"0\" scrolling=\"no\"><\/iframe>\n<\/div><\/figure>\n\n\n\n<hr class=\"wp-block-separator has-css-opacity\"\/>\n\n\n\n<p>Dragan Markovina<\/p>\n\n\n\n<p><a href=\"https:\/\/pescanik.net\/sabor-na-putu-kraljevine-i-aleksandra\/\">https:\/\/pescanik.net\/sabor-na-putu-kraljevine-i-aleksandra\/<\/a><\/p>\n\n\n\n<figure class=\"wp-block-embed is-type-wp-embed is-provider-tacno-net wp-block-embed-tacno-net\"><div class=\"wp-block-embed__wrapper\">\n<blockquote class=\"wp-embedded-content\" data-secret=\"fLzQ4hvZ0P\"><a href=\"https:\/\/tacno.net\/nacionalisticki-kic-35-godina-hdz-a-ili-1100-obljetnica-hrvatskog-kraljevstva\/\">Nacionalisti\u010dki ki\u010d: 35 godina HDZ-a ili 1100. obljetnica Hrvatskog kraljevstva<\/a><\/blockquote><iframe loading=\"lazy\" class=\"wp-embedded-content\" sandbox=\"allow-scripts\" security=\"restricted\" style=\"position: absolute; visibility: hidden;\" title=\"&#8220;Nacionalisti\u010dki ki\u010d: 35 godina HDZ-a ili 1100. obljetnica Hrvatskog kraljevstva&#8221; &#8212; Tacno.net\" src=\"https:\/\/tacno.net\/nacionalisticki-kic-35-godina-hdz-a-ili-1100-obljetnica-hrvatskog-kraljevstva\/embed\/#?secret=aRZgrjfatg#?secret=fLzQ4hvZ0P\" data-secret=\"fLzQ4hvZ0P\" width=\"600\" height=\"338\" frameborder=\"0\" marginwidth=\"0\" marginheight=\"0\" scrolling=\"no\"><\/iframe>\n<\/div><\/figure>\n\n\n\n<hr class=\"wp-block-separator has-css-opacity\"\/>\n\n\n\n<p>Mario Jareb<\/p>\n\n\n\n<p><a href=\"https:\/\/www.hkv.hr\/razgovori\/44591-povjesnicar-m-jareb.html\">https:\/\/www.hkv.hr\/razgovori\/44591-povjesnicar-m-jareb.html<\/a><\/p>\n\n\n\n<hr class=\"wp-block-separator has-alpha-channel-opacity\"\/>\n","protected":false},"excerpt":{"rendered":"","protected":false},"author":2,"featured_media":40173,"comment_status":"open","ping_status":"open","sticky":false,"template":"","format":"standard","meta":{"_acf_changed":false,"jetpack_post_was_ever_published":false,"_jetpack_newsletter_access":"","_jetpack_dont_email_post_to_subs":false,"_jetpack_newsletter_tier_id":0,"_jetpack_memberships_contains_paywalled_content":false,"_jetpack_memberships_contains_paid_content":false,"footnotes":"","jetpack_publicize_message":"","jetpack_publicize_feature_enabled":true,"jetpack_social_post_already_shared":true,"jetpack_social_options":{"image_generator_settings":{"template":"highway","default_image_id":0,"font":"","enabled":false},"version":2}},"categories":[3,17],"tags":[],"class_list":["post-40172","post","type-post","status-publish","format-standard","has-post-thumbnail","hentry","category-novosti","category-rasprave"],"acf":{"facebook_opis":""},"jetpack_publicize_connections":[],"jetpack_featured_media_url":"https:\/\/i0.wp.com\/historiografija.hr\/wp-content\/uploads\/2024\/03\/1100_godina.jpg?fit=709%2C531&ssl=1","jetpack_sharing_enabled":true,"jetpack-related-posts":[{"id":52499,"url":"https:\/\/historiografija.hr\/?p=52499","url_meta":{"origin":40172,"position":0},"title":"POTPISAN UGOVOR O ZNANSTVENO-ISTRA\u017dIVA\u010cKOJ SURADNJI: PROJEKT \u201eTEMELJI HRVATSKE SAMOSTALNOSTI\u201d","author":"Branimir Jankovi\u0107","date":"17. travnja 2026.","format":false,"excerpt":"Hrvatski institut za povijest, Sveu\u010dili\u0161te obrane i sigurnosti \u201eDr. Franjo Tu\u0111man\u201d, Institut dru\u0161tvenih znanosti Ivo Pilar i Hrvatski dr\u017eavni arhiv\u00a0potpisali su 23. o\u017eujka 2026.\u00a0Ugovor o znanstveno-istra\u017eiva\u010dkoj suradnji s ciljem provedbe projekta \u201eTemelji hrvatske samostalnosti\u201d. Tim projektom obuhva\u0107a se istra\u017eivanje arhivskoga gradiva, priprema znanstvenih publikacija, digitalizacija i javna prezentacija rezultata istra\u017eivanja\u2026","rel":"","context":"U &quot;Novosti&quot;","block_context":{"text":"Novosti","link":"https:\/\/historiografija.hr\/?cat=3"},"img":{"alt_text":"","src":"https:\/\/i0.wp.com\/historiografija.hr\/wp-content\/uploads\/2026\/04\/THS_sporazum.jpg?fit=1200%2C583&ssl=1&resize=350%2C200","width":350,"height":200,"srcset":"https:\/\/i0.wp.com\/historiografija.hr\/wp-content\/uploads\/2026\/04\/THS_sporazum.jpg?fit=1200%2C583&ssl=1&resize=350%2C200 1x, https:\/\/i0.wp.com\/historiografija.hr\/wp-content\/uploads\/2026\/04\/THS_sporazum.jpg?fit=1200%2C583&ssl=1&resize=525%2C300 1.5x, https:\/\/i0.wp.com\/historiografija.hr\/wp-content\/uploads\/2026\/04\/THS_sporazum.jpg?fit=1200%2C583&ssl=1&resize=700%2C400 2x, https:\/\/i0.wp.com\/historiografija.hr\/wp-content\/uploads\/2026\/04\/THS_sporazum.jpg?fit=1200%2C583&ssl=1&resize=1050%2C600 3x"},"classes":[]},{"id":52575,"url":"https:\/\/historiografija.hr\/?p=52575","url_meta":{"origin":40172,"position":1},"title":"Izlo\u017eba dje\u010djih radova \u201cU po\u010detku bija\u0161e crte\u017e\u2026\u201d","author":"Branimir Jankovi\u0107","date":"21. travnja 2026.","format":false,"excerpt":"U subotu, 25. travnja 2026. u 11 sati u Galeriji Klovi\u0107evi dvori sve\u010dano otvaramo izlo\u017ebu dje\u010djih radova pod nazivom U po\u010detku bija\u0161e crte\u017e\u2026 Radovi su nastali u sklopu likovnih radionica uz izlo\u017ebu U po\u010detku bija\u0161e kraljevstvo \u2013 izlo\u017eba povodom 1100 godina Hrvatskoga Kraljevstva. Na brojnim likovnim radionicama, uz \u0161kolsku djecu,\u2026","rel":"","context":"U &quot;Izlo\u017ebe&quot;","block_context":{"text":"Izlo\u017ebe","link":"https:\/\/historiografija.hr\/?cat=10"},"img":{"alt_text":"","src":"https:\/\/i0.wp.com\/historiografija.hr\/wp-content\/uploads\/2025\/10\/Klovicevi_sluzbeni-plakat.png?fit=840%2C1200&ssl=1&resize=350%2C200","width":350,"height":200,"srcset":"https:\/\/i0.wp.com\/historiografija.hr\/wp-content\/uploads\/2025\/10\/Klovicevi_sluzbeni-plakat.png?fit=840%2C1200&ssl=1&resize=350%2C200 1x, https:\/\/i0.wp.com\/historiografija.hr\/wp-content\/uploads\/2025\/10\/Klovicevi_sluzbeni-plakat.png?fit=840%2C1200&ssl=1&resize=525%2C300 1.5x, https:\/\/i0.wp.com\/historiografija.hr\/wp-content\/uploads\/2025\/10\/Klovicevi_sluzbeni-plakat.png?fit=840%2C1200&ssl=1&resize=700%2C400 2x"},"classes":[]},{"id":52559,"url":"https:\/\/historiografija.hr\/?p=52559","url_meta":{"origin":40172,"position":2},"title":"Dobitnici dr\u017eavne nagrade za znanost za 2024. godinu","author":"Branimir Jankovi\u0107","date":"20. travnja 2026.","format":false,"excerpt":"Na sjednici Odbora za podjelu dr\u017eavnih nagrada za znanost odr\u017eanoj 16. travnja 2026. godine donesena je Odluka o dodjeli dr\u017eavnih nagrada za znanost za 2024. godinu. Godi\u0161njom nagradom za popularizaciju i promid\u017ebu znanosti nagra\u0111eni su u podru\u010dju humanisti\u010dkih znanosti znanstveni suradnici dr. sc. Josip Mihaljevi\u0107 i dr. sc. Gordan Ravan\u010di\u0107,\u2026","rel":"","context":"U &quot;Novosti&quot;","block_context":{"text":"Novosti","link":"https:\/\/historiografija.hr\/?cat=3"},"img":{"alt_text":"","src":"https:\/\/i0.wp.com\/historiografija.hr\/wp-content\/uploads\/2021\/12\/povijesne-kontroverze.jpg?fit=1200%2C675&ssl=1&resize=350%2C200","width":350,"height":200,"srcset":"https:\/\/i0.wp.com\/historiografija.hr\/wp-content\/uploads\/2021\/12\/povijesne-kontroverze.jpg?fit=1200%2C675&ssl=1&resize=350%2C200 1x, https:\/\/i0.wp.com\/historiografija.hr\/wp-content\/uploads\/2021\/12\/povijesne-kontroverze.jpg?fit=1200%2C675&ssl=1&resize=525%2C300 1.5x, https:\/\/i0.wp.com\/historiografija.hr\/wp-content\/uploads\/2021\/12\/povijesne-kontroverze.jpg?fit=1200%2C675&ssl=1&resize=700%2C400 2x, https:\/\/i0.wp.com\/historiografija.hr\/wp-content\/uploads\/2021\/12\/povijesne-kontroverze.jpg?fit=1200%2C675&ssl=1&resize=1050%2C600 3x"},"classes":[]},{"id":52496,"url":"https:\/\/historiografija.hr\/?p=52496","url_meta":{"origin":40172,"position":3},"title":"30 godina Podru\u017enice \u2013 Javno predavanje Matea \u010calu\u0161i\u0107a \u201eSlavonski Brod u Domovinskom ratu\u201c","author":"Branimir Jankovi\u0107","date":"17. travnja 2026.","format":false,"excerpt":"U 2026. navr\u0161ava se trideset godina od osnutka Podru\u017enice za povijest Slavonije, Srijema i Baranje Hrvatskoga instituta za povijest. Obilje\u017eavanje ove zna\u010dajne obljetnice zapo\u010dinje ciklusom javnih povijesnih predavanja znanstvenika Instituta. Tre\u0107e po redu je predavanje Matea \u010calu\u0161i\u0107a \u2013 \u201eSLAVONSKI BROD U DOMOVINSKOM RATU\u201c. Predavanje \u0107e se odr\u017eati 21. travnja 2026.\u2026","rel":"","context":"U &quot;Novosti&quot;","block_context":{"text":"Novosti","link":"https:\/\/historiografija.hr\/?cat=3"},"img":{"alt_text":"","src":"https:\/\/i0.wp.com\/historiografija.hr\/wp-content\/uploads\/2026\/04\/Predavanje-Calusic.png?fit=860%2C1200&ssl=1&resize=350%2C200","width":350,"height":200,"srcset":"https:\/\/i0.wp.com\/historiografija.hr\/wp-content\/uploads\/2026\/04\/Predavanje-Calusic.png?fit=860%2C1200&ssl=1&resize=350%2C200 1x, https:\/\/i0.wp.com\/historiografija.hr\/wp-content\/uploads\/2026\/04\/Predavanje-Calusic.png?fit=860%2C1200&ssl=1&resize=525%2C300 1.5x, https:\/\/i0.wp.com\/historiografija.hr\/wp-content\/uploads\/2026\/04\/Predavanje-Calusic.png?fit=860%2C1200&ssl=1&resize=700%2C400 2x"},"classes":[]},{"id":52589,"url":"https:\/\/historiografija.hr\/?p=52589","url_meta":{"origin":40172,"position":4},"title":"Predstavljena knjiga Miomira \u017du\u017eula &#8220;Dayton: Diplomacija &#8211; druga strana rata&#8221;","author":"Branimir Jankovi\u0107","date":"22. travnja 2026.","format":false,"excerpt":"Knjiga Miomira \u017du\u017eula \u201eDayton: Diplomacija \u2013 druga strana rata\u201d predstavljena je u srijedu, 22. travnja 2026. godine u foajeu Hrvatskoga narodnog kazali\u0161ta u Zagrebu. Op\u0161irnije: https:\/\/vijesti.hrt.hr\/hrvatska\/predstavljena-knjiga-miomira-zuzula-dayton-diplomacija-druga-strana-rata-12683259 https:\/\/www.vecernji.ba\/amp\/vijesti\/zuzulova-knjiga-o-daytonu-predstavljena-u-zagrebu-diplomacija-kao-druga-strana-rata-1953700 https:\/\/www.tportal.hr\/vijesti\/clanak\/bivsi-sanaderov-ministar-odrzao-promociju-evo-tko-je-sve-dosao-na-predstavljanje-knjige-miomira-zuzula-foto-20260422 https:\/\/direktno.hr\/zivot\/kultura\/zuzul-otkrio-sve-o-drugoj-strani-rata-za-hrvatsku-se-nije-libio-povuci-nekoga-i-za-kosu-395042 https:\/\/www.24sata.hr\/news\/miomir-zuzul-predstavio-je-knjigu-o-daytonu-diplomacija-je-bila-druga-strana-rata-1123152 https:\/\/www.vecernji.hr\/kultura\/kolinda-grabar-kitarovic-otvoreno-miomir-zuzul-nije-vukao-samo-za-rukav-nego-i-za-kosu-1953722 https:\/\/www.vecernji.hr\/kultura\/i-papa-lav-xiv-eksplicitno-je-daytonski-sporazum-istaknuo-kao-primjer-uspjesna-rjesavanja-sukoba-1952215","rel":"","context":"U &quot;Novosti&quot;","block_context":{"text":"Novosti","link":"https:\/\/historiografija.hr\/?cat=3"},"img":{"alt_text":"","src":"https:\/\/i0.wp.com\/historiografija.hr\/wp-content\/uploads\/2026\/04\/Dayton.jpg?fit=1024%2C683&ssl=1&resize=350%2C200","width":350,"height":200,"srcset":"https:\/\/i0.wp.com\/historiografija.hr\/wp-content\/uploads\/2026\/04\/Dayton.jpg?fit=1024%2C683&ssl=1&resize=350%2C200 1x, https:\/\/i0.wp.com\/historiografija.hr\/wp-content\/uploads\/2026\/04\/Dayton.jpg?fit=1024%2C683&ssl=1&resize=525%2C300 1.5x, https:\/\/i0.wp.com\/historiografija.hr\/wp-content\/uploads\/2026\/04\/Dayton.jpg?fit=1024%2C683&ssl=1&resize=700%2C400 2x"},"classes":[]},{"id":52631,"url":"https:\/\/historiografija.hr\/?p=52631","url_meta":{"origin":40172,"position":5},"title":"Predavanje Ivana Tepe\u0161a: Djelovanje hrvatske politi\u010dke emigracije","author":"Branimir Jankovi\u0107","date":"23. travnja 2026.","format":false,"excerpt":"Odjel za me\u0111unarodnu suradnju i iseljeni\u0161tvo Matice hrvatske Predavanje Ivana Tepe\u0161a: Djelovanje hrvatske politi\u010dke emigracije Utorak, 28. travnja 2026. u 18:00 sati, Dvorana Ljudevita Jonkea (Mala dvorana MH), Strossmayerov trg 4, Zagreb dr. sc. Ivan Tepe\u0161, Institut za istra\u017eivanje migracija Hrvatska politi\u010dka emigracija obilje\u017eila je polustoljetnu hrvatsku povijest u drugoj\u2026","rel":"","context":"U &quot;Novosti&quot;","block_context":{"text":"Novosti","link":"https:\/\/historiografija.hr\/?cat=3"},"img":{"alt_text":"","src":"","width":0,"height":0},"classes":[]}],"_links":{"self":[{"href":"https:\/\/historiografija.hr\/index.php?rest_route=\/wp\/v2\/posts\/40172","targetHints":{"allow":["GET"]}}],"collection":[{"href":"https:\/\/historiografija.hr\/index.php?rest_route=\/wp\/v2\/posts"}],"about":[{"href":"https:\/\/historiografija.hr\/index.php?rest_route=\/wp\/v2\/types\/post"}],"author":[{"embeddable":true,"href":"https:\/\/historiografija.hr\/index.php?rest_route=\/wp\/v2\/users\/2"}],"replies":[{"embeddable":true,"href":"https:\/\/historiografija.hr\/index.php?rest_route=%2Fwp%2Fv2%2Fcomments&post=40172"}],"version-history":[{"count":16,"href":"https:\/\/historiografija.hr\/index.php?rest_route=\/wp\/v2\/posts\/40172\/revisions"}],"predecessor-version":[{"id":45771,"href":"https:\/\/historiografija.hr\/index.php?rest_route=\/wp\/v2\/posts\/40172\/revisions\/45771"}],"wp:featuredmedia":[{"embeddable":true,"href":"https:\/\/historiografija.hr\/index.php?rest_route=\/wp\/v2\/media\/40173"}],"wp:attachment":[{"href":"https:\/\/historiografija.hr\/index.php?rest_route=%2Fwp%2Fv2%2Fmedia&parent=40172"}],"wp:term":[{"taxonomy":"category","embeddable":true,"href":"https:\/\/historiografija.hr\/index.php?rest_route=%2Fwp%2Fv2%2Fcategories&post=40172"},{"taxonomy":"post_tag","embeddable":true,"href":"https:\/\/historiografija.hr\/index.php?rest_route=%2Fwp%2Fv2%2Ftags&post=40172"}],"curies":[{"name":"wp","href":"https:\/\/api.w.org\/{rel}","templated":true}]}}