{"id":40145,"date":"2024-03-21T23:12:40","date_gmt":"2024-03-21T23:12:40","guid":{"rendered":"http:\/\/historiografija.hr\/?p=40145"},"modified":"2024-03-21T23:12:40","modified_gmt":"2024-03-21T23:12:40","slug":"izlozba-obitelj-jankovic-u-slavoniji-od-prvog-do-posljednje-u-pozegi","status":"publish","type":"post","link":"https:\/\/historiografija.hr\/?p=40145","title":{"rendered":"Izlo\u017eba \u201eObitelj Jankovi\u0107 u Slavoniji, od prvog do posljednje\u201c u Po\u017eegi"},"content":{"rendered":"\n<p>Izlo\u017eba \u201eObitelj Jankovi\u0107 u Slavoniji, od prvog do posljednje\u201c sve\u010dano je otvorena u petak 15. o\u017eujka u 18 sati u prostoru Zavoda za znanstveni i umjetni\u010dki rad HAZU u Po\u017eegi.<\/p>\n\n\n\n<p>Plemi\u0107ka obitelj Jankovi\u0107a Daruvarskih zauzima posebno mjesto u povijesti Slavonije 18. i 19. stolje\u0107a, ostavljaju\u0107i neizbrisiv trag u gospodarstvu, politici i kulturi ovog podru\u010dja. Njihova imanja, koja su obuhva\u0107ala Daruvar, Pakrac, Lipik, Stra\u017eeman i Bi\u0161kupce, te \u010dlanovi obitelji poput Antuna, Ivana, Alojzija, Julija i Ane Elizabete, istaknuli su se svojim kulturnim, politi\u010dkim, gospodarskim i dobrotvornim doprinosima. Danas se njihova ostav\u0161tina bri\u017eno \u010duva u Gradskom muzeju Po\u017eega, a cilj ove izlo\u017ebe je predstaviti javnosti zna\u010daj cijele obitelji te svakog njenog \u010dlana pojedina\u010dno.<\/p>\n\n\n\n<p>Okupljene su na otvorenju pozdravili Ljiljana Mari\u0107, ravnateljica Gradskog muzeja Po\u017eega, Jelena Hihlik, ravnateljica Muzeja grada Pakraca te autori kataloga doc. dr. sc. Ana \u0160itina \u017depina i Ivan Roth dok je izlo\u017ebu otvorila Maja Petrovi\u0107, pro\u010delnica Odjela za dru\u0161tvene djelatnosti Grada Po\u017eege.<\/p>\n\n\n\n<p>Izlo\u017eba je rezultat plodne me\u0111umuzejske i me\u0111uinstitucionalne suradnje izme\u0111u Muzeja grada Pakraca, Gradskog muzeja Po\u017eega, Muzeja likovnih umjetnosti iz Osijeka te Odjela za povijest umjetnosti Sveu\u010dili\u0161ta u Zadru, a realizirana je uz financijsku potporu Ministarstva kulture i medija.<\/p>\n\n\n\n<p>Uz izlo\u017ebu je tiskan i katalog \u010diji su autori doc. dr. sc. Ana \u0160itina \u017depina (Sveu\u010dili\u0161te u Zadru, Odjel za povijest umjetnosti), Ivan Roth (Muzej likovnih umjetnosti Osijek) i Ivana Domanovi\u0107 (Gradski muzej Po\u017eega). Katalog se mo\u017ee nabaviti na izlo\u017ebi i u Centru za posjetitelje Po\u017ee\u0161ka ku\u0107a po cijeni od 7,00 \u20ac.<\/p>\n\n\n\n<p>Izlo\u017eba \u0107e biti otvorena za posjetitelje sve do 30. travnja 2024. godine te je mogu\u0107e posjetiti u prostorijama Zavoda za znanstveni i umjetni\u010dki rad HAZU, na adresi \u017dupanijska 9, Po\u017eega, radnim danom od 10 do 13 sati, uz mogu\u0107nost organiziranja posjeta za grupe uz prethodni dogovor.<\/p>\n\n\n\n<hr class=\"wp-block-separator\"\/>\n\n\n\n<p>Izvor:<\/p>\n\n\n\n<p><a href=\"https:\/\/www.gmp.hr\/item\/494-izlozba-obitelj-jankovic-u-slavoniji-od-prvog-do-posljednje\">https:\/\/www.gmp.hr\/item\/494-izlozba-obitelj-jankovic-u-slavoniji-od-prvog-do-posljednje<\/a><\/p>\n\n\n\n<hr class=\"wp-block-separator\"\/>\n","protected":false},"excerpt":{"rendered":"","protected":false},"author":2,"featured_media":40146,"comment_status":"open","ping_status":"open","sticky":false,"template":"","format":"standard","meta":{"_acf_changed":false,"jetpack_post_was_ever_published":false,"_jetpack_newsletter_access":"","_jetpack_dont_email_post_to_subs":false,"_jetpack_newsletter_tier_id":0,"_jetpack_memberships_contains_paywalled_content":false,"_jetpack_memberships_contains_paid_content":false,"footnotes":"","jetpack_publicize_message":"","jetpack_publicize_feature_enabled":true,"jetpack_social_post_already_shared":true,"jetpack_social_options":{"image_generator_settings":{"template":"highway","default_image_id":0,"font":"","enabled":false},"version":2}},"categories":[10,3],"tags":[],"class_list":["post-40145","post","type-post","status-publish","format-standard","has-post-thumbnail","hentry","category-izlozbe","category-novosti"],"acf":{"facebook_opis":""},"jetpack_publicize_connections":[],"jetpack_featured_media_url":"https:\/\/i0.wp.com\/historiografija.hr\/wp-content\/uploads\/2024\/03\/Izlozba_Jankovic.jpg?fit=1280%2C853&ssl=1","jetpack_sharing_enabled":true,"jetpack-related-posts":[],"_links":{"self":[{"href":"https:\/\/historiografija.hr\/index.php?rest_route=\/wp\/v2\/posts\/40145","targetHints":{"allow":["GET"]}}],"collection":[{"href":"https:\/\/historiografija.hr\/index.php?rest_route=\/wp\/v2\/posts"}],"about":[{"href":"https:\/\/historiografija.hr\/index.php?rest_route=\/wp\/v2\/types\/post"}],"author":[{"embeddable":true,"href":"https:\/\/historiografija.hr\/index.php?rest_route=\/wp\/v2\/users\/2"}],"replies":[{"embeddable":true,"href":"https:\/\/historiografija.hr\/index.php?rest_route=%2Fwp%2Fv2%2Fcomments&post=40145"}],"version-history":[{"count":1,"href":"https:\/\/historiografija.hr\/index.php?rest_route=\/wp\/v2\/posts\/40145\/revisions"}],"predecessor-version":[{"id":40147,"href":"https:\/\/historiografija.hr\/index.php?rest_route=\/wp\/v2\/posts\/40145\/revisions\/40147"}],"wp:featuredmedia":[{"embeddable":true,"href":"https:\/\/historiografija.hr\/index.php?rest_route=\/wp\/v2\/media\/40146"}],"wp:attachment":[{"href":"https:\/\/historiografija.hr\/index.php?rest_route=%2Fwp%2Fv2%2Fmedia&parent=40145"}],"wp:term":[{"taxonomy":"category","embeddable":true,"href":"https:\/\/historiografija.hr\/index.php?rest_route=%2Fwp%2Fv2%2Fcategories&post=40145"},{"taxonomy":"post_tag","embeddable":true,"href":"https:\/\/historiografija.hr\/index.php?rest_route=%2Fwp%2Fv2%2Ftags&post=40145"}],"curies":[{"name":"wp","href":"https:\/\/api.w.org\/{rel}","templated":true}]}}