{"id":40139,"date":"2024-03-21T23:00:39","date_gmt":"2024-03-21T23:00:39","guid":{"rendered":"http:\/\/historiografija.hr\/?p=40139"},"modified":"2024-03-21T23:00:39","modified_gmt":"2024-03-21T23:00:39","slug":"predstavljanje-knjige-o-dokumentarizmu-u-srednjoeuropskim-knjizevnostima-tracing-the-edges-of-literature-documentary-fiction-in-central-european-cultures","status":"publish","type":"post","link":"https:\/\/historiografija.hr\/?p=40139","title":{"rendered":"Predstavljanje knjige o dokumentarizmu u srednjoeuropskim knji\u017eevnostima \u201dTracing the Edges of Literature. Documentary Fiction in Central European Cultures\u201d"},"content":{"rendered":"\n<p>Zadovoljstvo nam je pozvati vas&nbsp;na predstavljanje knjige \u201c<strong>Tracing the Edges of Literature. Documentary Fiction in Central European Cultures<\/strong>\u201d (2024, B\u00f6hlau Verlag), koje \u0107e se odr\u017eati u petak, <strong>22. o\u017eujka 2024. s po\u010detkom u 12.30 sati u Konferencijskoj dvorani na II. katu Knji\u017enice Filozofskog fakulteta<\/strong>, Ivana Lu\u010di\u0107a 3, Zagreb.<\/p>\n\n\n\n<p>Uz urednika i urednice, knjigu \u0107e predstaviti:<\/p>\n\n\n\n<ul class=\"wp-block-list\"><li>dr. sc. Tatjana Juki\u0107<\/li><li>dr. sc. Tomislav Brlek<\/li><li>dr. sc. Kristian Novak<\/li><\/ul>\n\n\n\n<hr class=\"wp-block-separator\"\/>\n\n\n\n<p>Izvor:<\/p>\n\n\n\n<figure class=\"wp-block-embed-wordpress wp-block-embed is-type-wp-embed is-provider-filozofski-fakultet-sveucilista-u-zagrebu\"><div class=\"wp-block-embed__wrapper\">\n<blockquote class=\"wp-embedded-content\" data-secret=\"EqcUyjmhb5\"><a href=\"https:\/\/web2020.ffzg.unizg.hr\/blog\/2024\/03\/19\/predstavljanje-knjige-o-dokumentarizmu-u-srednjoeuropskim-knjizevnostima-tracing-the-edges-of-literature-documentary-fiction-in-central-european-cultures\/\">Predstavljanje knjige o dokumentarizmu u srednjoeuropskim knji\u017eevnostima &#8221;Tracing the Edges of Literature. Documentary Fiction in Central European Cultures&#8221;<\/a><\/blockquote><iframe loading=\"lazy\" class=\"wp-embedded-content\" sandbox=\"allow-scripts\" security=\"restricted\" style=\"position: absolute; clip: rect(1px, 1px, 1px, 1px);\" title=\"&#8220;Predstavljanje knjige o dokumentarizmu u srednjoeuropskim knji\u017eevnostima &#8221;Tracing the Edges of Literature. Documentary Fiction in Central European Cultures&#8221;&#8221; &#8212; Filozofski fakultet Sveu\u010dili\u0161ta u Zagrebu\" src=\"https:\/\/web2020.ffzg.unizg.hr\/blog\/2024\/03\/19\/predstavljanje-knjige-o-dokumentarizmu-u-srednjoeuropskim-knjizevnostima-tracing-the-edges-of-literature-documentary-fiction-in-central-european-cultures\/embed\/#?secret=EqcUyjmhb5\" data-secret=\"EqcUyjmhb5\" width=\"600\" height=\"338\" frameborder=\"0\" marginwidth=\"0\" marginheight=\"0\" scrolling=\"no\"><\/iframe>\n<\/div><\/figure>\n\n\n\n<hr class=\"wp-block-separator\"\/>\n","protected":false},"excerpt":{"rendered":"","protected":false},"author":2,"featured_media":40140,"comment_status":"open","ping_status":"open","sticky":false,"template":"","format":"standard","meta":{"_acf_changed":false,"jetpack_post_was_ever_published":false,"_jetpack_newsletter_access":"","_jetpack_dont_email_post_to_subs":false,"_jetpack_newsletter_tier_id":0,"_jetpack_memberships_contains_paywalled_content":false,"_jetpack_memberships_contains_paid_content":false,"footnotes":"","jetpack_publicize_message":"","jetpack_publicize_feature_enabled":true,"jetpack_social_post_already_shared":true,"jetpack_social_options":{"image_generator_settings":{"template":"highway","default_image_id":0,"font":"","enabled":false},"version":2}},"categories":[3,12],"tags":[],"class_list":["post-40139","post","type-post","status-publish","format-standard","has-post-thumbnail","hentry","category-novosti","category-knjizevnost"],"acf":{"facebook_opis":""},"jetpack_publicize_connections":[],"jetpack_featured_media_url":"https:\/\/i0.wp.com\/historiografija.hr\/wp-content\/uploads\/2024\/03\/pozivnica-2-hrvatski.jpg?fit=1536%2C817&ssl=1","jetpack_sharing_enabled":true,"jetpack-related-posts":[],"_links":{"self":[{"href":"https:\/\/historiografija.hr\/index.php?rest_route=\/wp\/v2\/posts\/40139","targetHints":{"allow":["GET"]}}],"collection":[{"href":"https:\/\/historiografija.hr\/index.php?rest_route=\/wp\/v2\/posts"}],"about":[{"href":"https:\/\/historiografija.hr\/index.php?rest_route=\/wp\/v2\/types\/post"}],"author":[{"embeddable":true,"href":"https:\/\/historiografija.hr\/index.php?rest_route=\/wp\/v2\/users\/2"}],"replies":[{"embeddable":true,"href":"https:\/\/historiografija.hr\/index.php?rest_route=%2Fwp%2Fv2%2Fcomments&post=40139"}],"version-history":[{"count":1,"href":"https:\/\/historiografija.hr\/index.php?rest_route=\/wp\/v2\/posts\/40139\/revisions"}],"predecessor-version":[{"id":40141,"href":"https:\/\/historiografija.hr\/index.php?rest_route=\/wp\/v2\/posts\/40139\/revisions\/40141"}],"wp:featuredmedia":[{"embeddable":true,"href":"https:\/\/historiografija.hr\/index.php?rest_route=\/wp\/v2\/media\/40140"}],"wp:attachment":[{"href":"https:\/\/historiografija.hr\/index.php?rest_route=%2Fwp%2Fv2%2Fmedia&parent=40139"}],"wp:term":[{"taxonomy":"category","embeddable":true,"href":"https:\/\/historiografija.hr\/index.php?rest_route=%2Fwp%2Fv2%2Fcategories&post=40139"},{"taxonomy":"post_tag","embeddable":true,"href":"https:\/\/historiografija.hr\/index.php?rest_route=%2Fwp%2Fv2%2Ftags&post=40139"}],"curies":[{"name":"wp","href":"https:\/\/api.w.org\/{rel}","templated":true}]}}