{"id":40121,"date":"2024-03-20T21:33:37","date_gmt":"2024-03-20T21:33:37","guid":{"rendered":"http:\/\/historiografija.hr\/?p=40121"},"modified":"2024-03-20T21:33:37","modified_gmt":"2024-03-20T21:33:37","slug":"znanstveni-kolokvij-u-cast-profesora-emeritusa-vladimira-p-gossa","status":"publish","type":"post","link":"https:\/\/historiografija.hr\/?p=40121","title":{"rendered":"Znanstveni kolokvij u \u010dast profesora emeritusa Vladimira P. Gossa"},"content":{"rendered":"\n<p>Matica hrvatska u petak, 22. o\u017eujka 2024. s po\u010detkom u 10.30 sati organizira kolokvij u \u010dast emeritusa Vladimira P. Gossa. Skup \u0107e biti odr\u017ean u Maloj dvorani Matice hrvatske (Strossmayerov trg 4, Zagreb).<\/p>\n\n\n\n<p>Pozdravno slovo odr\u017eat \u0107e Dino Milinovi\u0107, pro\u010delnik Odjela za likovne umjetnosti MH te potpredsjednik MH Damir Zori\u0107.<\/p>\n\n\n\n<ul class=\"wp-block-list\"><li><strong>Marina Vicelja-Matija\u0161i\u0107<\/strong>: Mit, umjetnost, povijest<\/li><li><strong>Katarina Boti\u0107<\/strong>: Prapovijesni kulturni krajolici kontinentalne Hrvatske<\/li><li><strong>Maja Petrinec<\/strong>: Na razme\u0111i istoka i zapada \u2013 prva stolje\u0107a kr\u0161\u0107anstva u Hrvatskoj<\/li><li><strong>Gordan Ravan\u010di\u0107<\/strong>: Gossovo istra\u017eivanje Vinodola u svjetlu novije historiografije<\/li><\/ul>\n\n\n\n<p>Moderator: Damir Zori\u0107<\/p>\n\n\n\n<ul class=\"wp-block-list\"><li><strong>Mirja Jarak<\/strong>: Vladarska predromani\u010dka arhitektura u djelima Vladimira Gossa \u2013 slojevitost interpretacija i otvorena pitanja<\/li><li><strong>Vlasta Begovi\u0107 Dvor\u017eak, Ivan\u010dica Dvor\u017eak Schrunk<\/strong>: Maritimna vila<\/li><li><strong>Maja Cepeti\u0107 Rogi\u0107<\/strong>: \u010cazmanska ba\u0161tina u opusu prof. Vladimira P. Gossa<\/li><li><strong>Ivana Pe\u0161kan i Vesna Pascuttini Juraga:<\/strong> Urbana transformacija i kulturni slojevi srednjovjekovnog Vara\u017edina i njegove okolice<\/li><\/ul>\n\n\n\n<p>Moderatorica: Jelena Gazivoda<\/p>\n\n\n\n<ul class=\"wp-block-list\"><li><strong>Iva Papi\u0107<\/strong>: Neznana ba\u0161tina Baranje<\/li><li><strong>Du\u0161ko \u010cikara<\/strong>: Zidana redovni\u010dka ku\u0107a s romani\u010dko-goti\u010dkim obilje\u017ejima \u2013 jezgra zapadnog krila franjeva\u010dkog samostana u Iloku<\/li><li><strong>Mladen Hou\u0161ka<\/strong>: Prilozi za povijest Dvora Paukovec<\/li><li><strong>Goran Jakovljevi\u0107<\/strong>: Novi prilozi za poznavanje srednjovjekovnog gradi\u0161ta Gudovac &#8211; Gradina kraj Bjelovara<\/li><li><strong>Mladen Peru\u0161i\u0107<\/strong>: Terenska istra\u017eivanja starih gradova i utvrda u Hrvatskoj Sene Sekuli\u0107 Gvozdanovi\u0107 od 1966. do 1968.<\/li><\/ul>\n\n\n\n<p>Moderator: Goran Jakovljevi\u0107<\/p>\n\n\n\n<ul class=\"wp-block-list\"><li><strong>Nikolina Belo\u0161evi\u0107, Danko Dujmovi\u0107<\/strong>: Prilog poznavanju ranosrednjovjekovne skulpture iz Siska<\/li><li><strong>Jelena Stin\u010di\u0107 Glagoli\u0107 i Krasanka Majer Juri\u0161i\u0107<\/strong>: Sakralni krajolik uz Savu i Kupu \u0161ireg sisa\u010dkog podru\u010dja &#8211; graditeljski zamah u srednjovjekovnim i novoosnovanim \u017eupama tijekom 18. stolje\u0107a<\/li><li><strong>Ivana Je\u017ei\u0107<\/strong>: Va\u017enost likovnoga jezika i umjetni\u010dke ba\u0161tine za odgoj i obrazovanje djece i mladih, osobito u\u010denika s te\u0161ko\u0107ama<\/li><li><strong>Vjekoslav Juki\u0107<\/strong>: Dekarbonizacija i umjetnost<\/li><li><strong>Lidija Bajuk:<\/strong> Praslavenska i anti\u010dka obilje\u017eja hrvatskih paraliturgijskih novogodi\u0161njih ophoda<\/li><\/ul>\n\n\n\n<p><a href=\"https:\/\/www.matica.hr\/media\/uploads\/zbivanja\/2024\/kolokvij_goss_knjizica_sazetaka_final1.pdf\">KNJI\u017dICA SA\u017dETAKA<\/a><\/p>\n\n\n\n<hr class=\"wp-block-separator\"\/>\n\n\n\n<p>Izvor:<\/p>\n\n\n\n<p><a href=\"https:\/\/www.matica.hr\/zbivanja\/znanstveni-kolokvij-u-cast-profesora-emeritusa-vladimira-p-gossa-4223\/\">https:\/\/www.matica.hr\/zbivanja\/znanstveni-kolokvij-u-cast-profesora-emeritusa-vladimira-p-gossa-4223\/<\/a><\/p>\n\n\n\n<hr class=\"wp-block-separator\"\/>\n","protected":false},"excerpt":{"rendered":"","protected":false},"author":2,"featured_media":40122,"comment_status":"open","ping_status":"open","sticky":false,"template":"","format":"standard","meta":{"_acf_changed":false,"jetpack_post_was_ever_published":false,"_jetpack_newsletter_access":"","_jetpack_dont_email_post_to_subs":false,"_jetpack_newsletter_tier_id":0,"_jetpack_memberships_contains_paywalled_content":false,"_jetpack_memberships_contains_paid_content":false,"footnotes":"","jetpack_publicize_message":"","jetpack_publicize_feature_enabled":true,"jetpack_social_post_already_shared":true,"jetpack_social_options":{"image_generator_settings":{"template":"highway","default_image_id":0,"font":"","enabled":false},"version":2}},"categories":[3,9],"tags":[],"class_list":["post-40121","post","type-post","status-publish","format-standard","has-post-thumbnail","hentry","category-novosti","category-skupovi"],"acf":{"facebook_opis":""},"jetpack_publicize_connections":[],"jetpack_featured_media_url":"https:\/\/i0.wp.com\/historiografija.hr\/wp-content\/uploads\/2024\/03\/kolokvij_goss.jpg?fit=680%2C965&ssl=1","jetpack_sharing_enabled":true,"jetpack-related-posts":[],"_links":{"self":[{"href":"https:\/\/historiografija.hr\/index.php?rest_route=\/wp\/v2\/posts\/40121","targetHints":{"allow":["GET"]}}],"collection":[{"href":"https:\/\/historiografija.hr\/index.php?rest_route=\/wp\/v2\/posts"}],"about":[{"href":"https:\/\/historiografija.hr\/index.php?rest_route=\/wp\/v2\/types\/post"}],"author":[{"embeddable":true,"href":"https:\/\/historiografija.hr\/index.php?rest_route=\/wp\/v2\/users\/2"}],"replies":[{"embeddable":true,"href":"https:\/\/historiografija.hr\/index.php?rest_route=%2Fwp%2Fv2%2Fcomments&post=40121"}],"version-history":[{"count":1,"href":"https:\/\/historiografija.hr\/index.php?rest_route=\/wp\/v2\/posts\/40121\/revisions"}],"predecessor-version":[{"id":40123,"href":"https:\/\/historiografija.hr\/index.php?rest_route=\/wp\/v2\/posts\/40121\/revisions\/40123"}],"wp:featuredmedia":[{"embeddable":true,"href":"https:\/\/historiografija.hr\/index.php?rest_route=\/wp\/v2\/media\/40122"}],"wp:attachment":[{"href":"https:\/\/historiografija.hr\/index.php?rest_route=%2Fwp%2Fv2%2Fmedia&parent=40121"}],"wp:term":[{"taxonomy":"category","embeddable":true,"href":"https:\/\/historiografija.hr\/index.php?rest_route=%2Fwp%2Fv2%2Fcategories&post=40121"},{"taxonomy":"post_tag","embeddable":true,"href":"https:\/\/historiografija.hr\/index.php?rest_route=%2Fwp%2Fv2%2Ftags&post=40121"}],"curies":[{"name":"wp","href":"https:\/\/api.w.org\/{rel}","templated":true}]}}