{"id":40109,"date":"2024-03-19T23:24:04","date_gmt":"2024-03-19T23:24:04","guid":{"rendered":"http:\/\/historiografija.hr\/?p=40109"},"modified":"2024-03-19T23:24:04","modified_gmt":"2024-03-19T23:24:04","slug":"prikazivanje-dokumentarnog-filma-avantura-zivka-gortana-1985-u-bermu","status":"publish","type":"post","link":"https:\/\/historiografija.hr\/?p=40109","title":{"rendered":"Prikazivanje dokumentarnog filma \u201eAvantura \u017divka Gortana\u201c (1985.) u Bermu"},"content":{"rendered":"\n<p>U subotu, 23. o\u017eujka 2024., s po\u010detkom u 18 sati u prostorijama Mjesnog odbora Beram (Beram 3, stara \u0161kola), povodom obilje\u017eavanja 95. obljetnice akcije gortanovaca, bit \u0107e prikazan dokumentarni film \u201eAvantura \u017divka Gortana\u201c (1985.). Publici \u0107e se uvodno obratiti scenarist i redatelj filma Nikola Lorencin, a moderator doga\u0111anja bit \u0107e dr. sc. Milan Rado\u0161evi\u0107. Organizatori su Grad Pazin, Mjesni odbor Beram i Istarsko povijesno dru\u0161tvo.<\/p>\n\n\n\n<p>O filmu:<\/p>\n\n\n\n<p>Ime Vladimira Gortana, istarskog antifa\u0161ista strijeljanog u Puli 17. listopada 1929., i danas je prisutno u nazivima ulica, \u0161kola i poduze\u0107a na podru\u010dju Istre i \u0161ire. No, mnogo su manje poznate sudbine \u010detvorice ostalih gortanovaca (Viktor Ba\u0107ac, \u017divko Gortan, Du\u0161an Ladavac, Vjekoslav Ladavac) koji su nakon poku\u0161aja sabotiranja fa\u0161isti\u010dkog plebiscita 1929. bili osu\u0111eni na 30 godina zatvora. Najstariji me\u0111u njima bio je \u017divko Gortan iz Berma, koji je 1985., svega godinu prije svoje smrti, za potrebe snimanja dokumentarnog filma podijelio svoja sje\u0107anja na ta povijesna zbivanja.<\/p>\n\n\n\n<p>O scenaristu i redatelju:<\/p>\n\n\n\n<p>Nikola Lorencin, ro\u0111en 1940. u Jagodini, filmski je i televizijski redatelj, kriti\u010dar i pedagog. \u0160kolovao se u Zemunu, Puli i Beogradu. Diplomirao je na Filozofskom fakultetu (Op\u0107a knji\u017eevnost i teorija) te na Akademiji za pozori\u0161te, radio, film i TV (Filmska i TV re\u017eija) u Beogradu.<\/p>\n\n\n\n<p>Ostvario je veliki dokumentaristi\u010dki i televizijski opus svih tv \u017eanrova. Za svoje filmove nagra\u0111ivan je na mnogim doma\u0107im i me\u0111unarodnim festivalima (Velika zlatna medalja \u2018Beograd\u2019 za re\u017eiju na Festivalu dokumentarnog i kratkometra\u017enog filma u Beogradu, na me\u0111unarodnim festivalima Nagrada Zlatni bor na MEFESTU, Zlatibor; Grand Prix na FESTEFu, Ku\u010devo), sudjelovao je na festivalima u Amsterdamu, Krakovu, Kalamati, Moskvi, \u010celjabinsku, Parizu\u2026<\/p>\n\n\n\n<p>Filmsko djelo sa\u010dinjava veliki broj dokumentarnih, igranih, televizijskih filmova kao i drugih oblika i \u017eanrova. Sve je dokumentarno filmove snimio prema vlastitim scenarijima, a za mnoge druge tv i filmske projekte radio je kao suradnik na scenariju.<\/p>\n\n\n\n<p>\u017divi u Beogradu, gdje je, do mirovine, kao redovni profesor na Fakultetu dramskih umetnosti (za predmete dokumentarni film, osnove filmske re\u017eije i re\u017eija zvuka) nastojao povezati svoje redateljsko iskustvo i pedago\u0161ku praksu. Predavao i na drugim \u0161kolama ili seminarima \u2013 u Beogradu, Ni\u0161u, Lazarevcu, Jagodini, Puli\u2026 Dvije je godine bio umjetni\u010dki direktor beogradskog Festivala dokumentarnog i kratkometra\u017enog filma (2000 \u2013 01.), i dvije godine (2002 \u2013 03.) predsjednik Savjeta istog Festivala.<\/p>\n\n\n\n<p><a href=\"https:\/\/ipd-ssi.hr\/wp-content\/uploads\/2024\/03\/Pozivnica-1.pdf\">Pozivnica<\/a><\/p>\n\n\n\n<hr class=\"wp-block-separator\"\/>\n\n\n\n<p>Izvor:<\/p>\n\n\n\n<figure class=\"wp-block-embed-wordpress wp-block-embed is-type-wp-embed is-provider-istarsko-povijesno-drustvo-societa-storica-istriana\"><div class=\"wp-block-embed__wrapper\">\n<blockquote class=\"wp-embedded-content\" data-secret=\"sjQmVIJxx4\"><a href=\"https:\/\/ipd-ssi.hr\/2024\/03\/15\/prikazivanje-dokumentarnog-filma-avantura-zivka-gortana-1985-u-bermu\/\">Prikazivanje dokumentarnog filma \u201eAvantura \u017divka Gortana\u201c (1985.) u Bermu<\/a><\/blockquote><iframe loading=\"lazy\" class=\"wp-embedded-content\" sandbox=\"allow-scripts\" security=\"restricted\" style=\"position: absolute; clip: rect(1px, 1px, 1px, 1px);\" title=\"&#8220;Prikazivanje dokumentarnog filma \u201eAvantura \u017divka Gortana\u201c (1985.) u Bermu&#8221; &#8212; Istarsko povijesno dru\u0161tvo - Societ\u00e0 Storica Istriana\" src=\"https:\/\/ipd-ssi.hr\/2024\/03\/15\/prikazivanje-dokumentarnog-filma-avantura-zivka-gortana-1985-u-bermu\/embed\/#?secret=Uy4zeTYuBi#?secret=sjQmVIJxx4\" data-secret=\"sjQmVIJxx4\" width=\"600\" height=\"338\" frameborder=\"0\" marginwidth=\"0\" marginheight=\"0\" scrolling=\"no\"><\/iframe>\n<\/div><\/figure>\n\n\n\n<hr class=\"wp-block-separator\"\/>\n","protected":false},"excerpt":{"rendered":"","protected":false},"author":2,"featured_media":40110,"comment_status":"open","ping_status":"open","sticky":false,"template":"","format":"standard","meta":{"_acf_changed":false,"jetpack_post_was_ever_published":false,"_jetpack_newsletter_access":"","_jetpack_dont_email_post_to_subs":false,"_jetpack_newsletter_tier_id":0,"_jetpack_memberships_contains_paywalled_content":false,"_jetpack_memberships_contains_paid_content":false,"footnotes":"","jetpack_publicize_message":"","jetpack_publicize_feature_enabled":true,"jetpack_social_post_already_shared":true,"jetpack_social_options":{"image_generator_settings":{"template":"highway","default_image_id":0,"font":"","enabled":false},"version":2}},"categories":[13,3],"tags":[],"class_list":["post-40109","post","type-post","status-publish","format-standard","has-post-thumbnail","hentry","category-filmovi-i-serije","category-novosti"],"acf":{"facebook_opis":""},"jetpack_publicize_connections":[],"jetpack_featured_media_url":"https:\/\/i0.wp.com\/historiografija.hr\/wp-content\/uploads\/2024\/03\/Gortan.jpg?fit=520%2C272&ssl=1","jetpack_sharing_enabled":true,"jetpack-related-posts":[],"_links":{"self":[{"href":"https:\/\/historiografija.hr\/index.php?rest_route=\/wp\/v2\/posts\/40109","targetHints":{"allow":["GET"]}}],"collection":[{"href":"https:\/\/historiografija.hr\/index.php?rest_route=\/wp\/v2\/posts"}],"about":[{"href":"https:\/\/historiografija.hr\/index.php?rest_route=\/wp\/v2\/types\/post"}],"author":[{"embeddable":true,"href":"https:\/\/historiografija.hr\/index.php?rest_route=\/wp\/v2\/users\/2"}],"replies":[{"embeddable":true,"href":"https:\/\/historiografija.hr\/index.php?rest_route=%2Fwp%2Fv2%2Fcomments&post=40109"}],"version-history":[{"count":1,"href":"https:\/\/historiografija.hr\/index.php?rest_route=\/wp\/v2\/posts\/40109\/revisions"}],"predecessor-version":[{"id":40111,"href":"https:\/\/historiografija.hr\/index.php?rest_route=\/wp\/v2\/posts\/40109\/revisions\/40111"}],"wp:featuredmedia":[{"embeddable":true,"href":"https:\/\/historiografija.hr\/index.php?rest_route=\/wp\/v2\/media\/40110"}],"wp:attachment":[{"href":"https:\/\/historiografija.hr\/index.php?rest_route=%2Fwp%2Fv2%2Fmedia&parent=40109"}],"wp:term":[{"taxonomy":"category","embeddable":true,"href":"https:\/\/historiografija.hr\/index.php?rest_route=%2Fwp%2Fv2%2Fcategories&post=40109"},{"taxonomy":"post_tag","embeddable":true,"href":"https:\/\/historiografija.hr\/index.php?rest_route=%2Fwp%2Fv2%2Ftags&post=40109"}],"curies":[{"name":"wp","href":"https:\/\/api.w.org\/{rel}","templated":true}]}}