{"id":40106,"date":"2024-03-19T23:19:16","date_gmt":"2024-03-19T23:19:16","guid":{"rendered":"http:\/\/historiografija.hr\/?p=40106"},"modified":"2024-03-19T23:19:16","modified_gmt":"2024-03-19T23:19:16","slug":"studijska-izlozba-nalicje-grada-prije-100-godina-fotografije-iz-zbirki-lijecnika-vladimira-cepulica-i-luje-thallera-iz-fundusa-hrvatskog-muzeja-medicine-i-farmacije-hazu","status":"publish","type":"post","link":"https:\/\/historiografija.hr\/?p=40106","title":{"rendered":"Studijska izlo\u017eba \u201eNali\u010dje grada prije 100 godina: fotografije iz zbirki lije\u010dnika Vladimira \u0106epuli\u0107a i Luje Thallera\u201c iz fundusa Hrvatskog muzeja medicine i farmacije HAZU"},"content":{"rendered":"\n<p>Studijska izlo\u017eba iz fundusa Hrvatskog muzeja medicine i farmacije HAZU <em>Nali\u010dje grada prije 100 godina: fotografije iz zbirki lije\u010dnika Vladimira \u0106epuli\u0107a i Luje Thallera <\/em>odr\u017eat \u0107e se u Etnografskom muzeju u Zagrebu od 21. o\u017eujka do 19. svibnja 2024.&nbsp;Sve\u010dano otvorenje izlo\u017ebe odr\u017eat \u0107e se 21. o\u017eujka 2014. u 18 sati.<\/p>\n\n\n\n<p>Izlo\u017eba i katalog prikazat \u0107e osobit pogled na zagreba\u010dku stambenu bijedu optikom socijalne patologije s naglaskom na tuberkulozu u prvim dekadama 20. stolje\u0107a na temelju sa\u010duvane zbirke fotografija iz ostav\u0161tine lije\u010dnika <strong>Vladimira \u0106epuli\u0107a <\/strong>(1891. \u2013 1964.), jednog od predsjednika Hrvatskoga lije\u010dni\u010dkog zbora (1935. \u2013 1945.) i <strong>Luje Thallera<\/strong> (1891. \u2013 1949.), za\u010detnika hrvatske medicinske historiografije. Fotografije socijalne bijede koje se predstavljaju na izlo\u017ebi nastale su na poticaj lije\u010dnika Vladimira \u0106epuli\u0107a i Luje Thallera sa svrhom oblikovanja svojevrsne potvrde propitivanju organske podloge dru\u0161tva u prvoj polovini 20. stolje\u0107a. Pritom su u sklopu zdravstveno-prosvjetiteljskih kampanja pridonosile utemeljenju novog sustava vrijednosti unutar medicine i dru\u0161tva. Navedene zbirke koja sadr\u017ee ukupno 132 fotografije danas se nalaze u Hrvatskome muzeju medicine i farmacije Hrvatske akademije znanosti i umjetnosti, a poslu\u017eit \u0107e kao polazi\u0161te u razmatranju pojavnosti socijalne fotografije na podru\u010dju Hrvatske, ali i socijalne medicine\/patologije s osobitim naglaskom na tuberkulozu po\u010detkom 20. stolje\u0107a. Istaknut \u0107e se njihova rana pojavnost kao do sada nezapa\u017eeni segment socijalne fotografije u Hrvatskoj te muzeolo\u0161ka vrijednost kao akvizicije prvog Muzeja za povijest zdravstva koji je osnovan 1944. u Zagrebu pri Hrvatskome lije\u010dni\u010dkom zboru.<\/p>\n\n\n\n<p>Osim katalo\u0161kih opisa i fotografija svih eksponata, dvojezi\u010dni katalog izlo\u017ebe (hrv.\/engl.) sadr\u017eavat \u0107e uvodni tekst <strong>prof. dr. sc. Stelle Fatovi\u0107-Feren\u010di\u0107<\/strong>, povjesni\u010darke medicine, znanstvene savjetnice u trajnom zvanju iz Odsjeka za povijest medicinskih znanosti i upraviteljice Zavoda za povijest i filozofiju znanosti HAZU, <strong>dr. sc. Martina Kuhara<\/strong>, znanstvenog suradnika u Odsjeku za povijest medicinskih znanosti HAZU i <strong>Silvije Brki\u0107 Mid\u017ei\u0107<\/strong>, muzejske savjetnice i upraviteljice Hrvatskog muzeja medicine i farmacije HAZU.<\/p>\n\n\n\n<p>Izlo\u017eba je organizirana u povodu 150. obljetnice osnutka <strong>Hrvatskoga lije\u010dni\u010dkog zbora<\/strong>.<\/p>\n\n\n\n<p>Uz izlo\u017ebu \u0107e biti organizirana predavanja, radionice i stru\u010dna vodstva.<\/p>\n\n\n\n<hr class=\"wp-block-separator\"\/>\n\n\n\n<p>Izvori i dodatne obavijesti:<\/p>\n\n\n\n<figure class=\"wp-block-embed-wordpress wp-block-embed is-type-wp-embed is-provider-hazu\"><div class=\"wp-block-embed__wrapper\">\n<blockquote class=\"wp-embedded-content\" data-secret=\"LOxbgWhtUi\"><a href=\"https:\/\/www.info.hazu.hr\/events\/studijska-izlozba-nalicje-grada-prije-100-godina-fotografije-iz-zbirki-lijecnika-vladimira-cepulica-i-luje-thallera-iz-fundusa-hrvatskog-muzeja-medicine-i-farmacije-hazu\/\">Studijska izlo\u017eba \u201eNali\u010dje grada prije 100 godina: fotografije iz zbirki lije\u010dnika Vladimira \u0106epuli\u0107a i Luje Thallera\u201c iz fundusa Hrvatskog muzeja medicine i farmacije HAZU<\/a><\/blockquote><iframe loading=\"lazy\" class=\"wp-embedded-content\" sandbox=\"allow-scripts\" security=\"restricted\" style=\"position: absolute; clip: rect(1px, 1px, 1px, 1px);\" title=\"&#8220;Studijska izlo\u017eba \u201eNali\u010dje grada prije 100 godina: fotografije iz zbirki lije\u010dnika Vladimira \u0106epuli\u0107a i Luje Thallera\u201c iz fundusa Hrvatskog muzeja medicine i farmacije HAZU&#8221; &#8212; HAZU\" src=\"https:\/\/www.info.hazu.hr\/events\/studijska-izlozba-nalicje-grada-prije-100-godina-fotografije-iz-zbirki-lijecnika-vladimira-cepulica-i-luje-thallera-iz-fundusa-hrvatskog-muzeja-medicine-i-farmacije-hazu\/embed\/#?secret=LOxbgWhtUi\" data-secret=\"LOxbgWhtUi\" width=\"600\" height=\"338\" frameborder=\"0\" marginwidth=\"0\" marginheight=\"0\" scrolling=\"no\"><\/iframe>\n<\/div><\/figure>\n\n\n\n<figure class=\"wp-block-embed-wordpress wp-block-embed is-type-wp-embed is-provider-etnografski-muzej\"><div class=\"wp-block-embed__wrapper\">\n<blockquote class=\"wp-embedded-content\" data-secret=\"I8KkNhnUXC\"><a href=\"https:\/\/emz.hr\/izlozbe\/izlozba-nalicje-grada-prije-100-godina-fotografije-iz-zbirki-lijecnika-vladimira-cepulica-i-luje-thallera\/\">Izlo\u017eba \u201cNali\u010dje grada prije 100 godina: fotografije iz zbirki lije\u010dnika Vladimira \u0106epuli\u0107a i Luje Thallera\u201d<\/a><\/blockquote><iframe loading=\"lazy\" class=\"wp-embedded-content\" sandbox=\"allow-scripts\" security=\"restricted\" style=\"position: absolute; clip: rect(1px, 1px, 1px, 1px);\" title=\"&#8220;Izlo\u017eba \u201cNali\u010dje grada prije 100 godina: fotografije iz zbirki lije\u010dnika Vladimira \u0106epuli\u0107a i Luje Thallera\u201d&#8221; &#8212; etnografski muzej\" src=\"https:\/\/emz.hr\/izlozbe\/izlozba-nalicje-grada-prije-100-godina-fotografije-iz-zbirki-lijecnika-vladimira-cepulica-i-luje-thallera\/embed\/#?secret=ELmtkClGwV#?secret=I8KkNhnUXC\" data-secret=\"I8KkNhnUXC\" width=\"600\" height=\"338\" frameborder=\"0\" marginwidth=\"0\" marginheight=\"0\" scrolling=\"no\"><\/iframe>\n<\/div><\/figure>\n\n\n\n<hr class=\"wp-block-separator\"\/>\n","protected":false},"excerpt":{"rendered":"","protected":false},"author":2,"featured_media":40107,"comment_status":"open","ping_status":"open","sticky":false,"template":"","format":"standard","meta":{"_acf_changed":false,"jetpack_post_was_ever_published":false,"_jetpack_newsletter_access":"","_jetpack_dont_email_post_to_subs":false,"_jetpack_newsletter_tier_id":0,"_jetpack_memberships_contains_paywalled_content":false,"_jetpack_memberships_contains_paid_content":false,"footnotes":"","jetpack_publicize_message":"","jetpack_publicize_feature_enabled":true,"jetpack_social_post_already_shared":true,"jetpack_social_options":{"image_generator_settings":{"template":"highway","default_image_id":0,"font":"","enabled":false},"version":2}},"categories":[10,3],"tags":[],"class_list":["post-40106","post","type-post","status-publish","format-standard","has-post-thumbnail","hentry","category-izlozbe","category-novosti"],"acf":{"facebook_opis":""},"jetpack_publicize_connections":[],"jetpack_featured_media_url":"https:\/\/i0.wp.com\/historiografija.hr\/wp-content\/uploads\/2024\/03\/NALICJE-GRADA.jpg?fit=1434%2C2048&ssl=1","jetpack_sharing_enabled":true,"jetpack-related-posts":[{"id":52511,"url":"https:\/\/historiografija.hr\/?p=52511","url_meta":{"origin":40106,"position":0},"title":"Izlo\u017eba &#8220;Lica Sljemena&#8221;","author":"Branimir Jankovi\u0107","date":"17. travnja 2026.","format":false,"excerpt":"Srda\u010dno vas pozivamo na otvorenje izlo\u017ebe Lica Sljemena koje \u0107e se odr\u017eati u srijedu 22. travnja 2026. u 18 h ispred Muzeja Prigorja (Trg Dragutina Domjani\u0107a 5, Sesvete). Izlo\u017eba proizlazi iz istra\u017eivanja Nevene \u0160krbi\u0107 Alempijevi\u0107, Petre Kelemen i Sanje Potkonjak te intervjua sa Sljemena\u0161icama i Sljemena\u0161ima, koji su provedeni u\u2026","rel":"","context":"U &quot;Izlo\u017ebe&quot;","block_context":{"text":"Izlo\u017ebe","link":"https:\/\/historiografija.hr\/?cat=10"},"img":{"alt_text":"","src":"https:\/\/i0.wp.com\/historiografija.hr\/wp-content\/uploads\/2026\/04\/Izlozba-Lica-Sljemena.png?fit=1080%2C686&ssl=1&resize=350%2C200","width":350,"height":200,"srcset":"https:\/\/i0.wp.com\/historiografija.hr\/wp-content\/uploads\/2026\/04\/Izlozba-Lica-Sljemena.png?fit=1080%2C686&ssl=1&resize=350%2C200 1x, https:\/\/i0.wp.com\/historiografija.hr\/wp-content\/uploads\/2026\/04\/Izlozba-Lica-Sljemena.png?fit=1080%2C686&ssl=1&resize=525%2C300 1.5x, https:\/\/i0.wp.com\/historiografija.hr\/wp-content\/uploads\/2026\/04\/Izlozba-Lica-Sljemena.png?fit=1080%2C686&ssl=1&resize=700%2C400 2x, https:\/\/i0.wp.com\/historiografija.hr\/wp-content\/uploads\/2026\/04\/Izlozba-Lica-Sljemena.png?fit=1080%2C686&ssl=1&resize=1050%2C600 3x"},"classes":[]},{"id":52666,"url":"https:\/\/historiografija.hr\/?p=52666","url_meta":{"origin":40106,"position":1},"title":"Najava programa Festivala povijesti Kliofest (5-8. V. 2026)","author":"Branimir Jankovi\u0107","date":"24. travnja 2026.","format":false,"excerpt":"Po trinaesti put odr\u017eava se Festival povijesti Kliofest! Do petka \u0107emo odr\u017eati osam okruglih stolova i dva kolokvija te niz predstavljanja knjiga i projekata razli\u010dite tematike, od antike do suvremenosti. Bit \u0107e predstavljeno i nekoliko izlo\u017ebi te odr\u017ean jedan povijesni kviz. Prikazat \u0107emo i jedan film \u2013 o generalu Boroevi\u0107u.\u2026","rel":"","context":"U &quot;Novosti&quot;","block_context":{"text":"Novosti","link":"https:\/\/historiografija.hr\/?cat=3"},"img":{"alt_text":"","src":"https:\/\/i0.wp.com\/historiografija.hr\/wp-content\/uploads\/2026\/04\/Kliofest-2026.jpg?fit=526%2C526&ssl=1&resize=350%2C200","width":350,"height":200,"srcset":"https:\/\/i0.wp.com\/historiografija.hr\/wp-content\/uploads\/2026\/04\/Kliofest-2026.jpg?fit=526%2C526&ssl=1&resize=350%2C200 1x, https:\/\/i0.wp.com\/historiografija.hr\/wp-content\/uploads\/2026\/04\/Kliofest-2026.jpg?fit=526%2C526&ssl=1&resize=525%2C300 1.5x"},"classes":[]},{"id":52575,"url":"https:\/\/historiografija.hr\/?p=52575","url_meta":{"origin":40106,"position":2},"title":"Izlo\u017eba dje\u010djih radova \u201cU po\u010detku bija\u0161e crte\u017e\u2026\u201d","author":"Branimir Jankovi\u0107","date":"21. travnja 2026.","format":false,"excerpt":"U subotu, 25. travnja 2026. u 11 sati u Galeriji Klovi\u0107evi dvori sve\u010dano otvaramo izlo\u017ebu dje\u010djih radova pod nazivom U po\u010detku bija\u0161e crte\u017e\u2026 Radovi su nastali u sklopu likovnih radionica uz izlo\u017ebu U po\u010detku bija\u0161e kraljevstvo \u2013 izlo\u017eba povodom 1100 godina Hrvatskoga Kraljevstva. Na brojnim likovnim radionicama, uz \u0161kolsku djecu,\u2026","rel":"","context":"U &quot;Izlo\u017ebe&quot;","block_context":{"text":"Izlo\u017ebe","link":"https:\/\/historiografija.hr\/?cat=10"},"img":{"alt_text":"","src":"https:\/\/i0.wp.com\/historiografija.hr\/wp-content\/uploads\/2025\/10\/Klovicevi_sluzbeni-plakat.png?fit=840%2C1200&ssl=1&resize=350%2C200","width":350,"height":200,"srcset":"https:\/\/i0.wp.com\/historiografija.hr\/wp-content\/uploads\/2025\/10\/Klovicevi_sluzbeni-plakat.png?fit=840%2C1200&ssl=1&resize=350%2C200 1x, https:\/\/i0.wp.com\/historiografija.hr\/wp-content\/uploads\/2025\/10\/Klovicevi_sluzbeni-plakat.png?fit=840%2C1200&ssl=1&resize=525%2C300 1.5x, https:\/\/i0.wp.com\/historiografija.hr\/wp-content\/uploads\/2025\/10\/Klovicevi_sluzbeni-plakat.png?fit=840%2C1200&ssl=1&resize=700%2C400 2x"},"classes":[]},{"id":52505,"url":"https:\/\/historiografija.hr\/?p=52505","url_meta":{"origin":40106,"position":3},"title":"Izlo\u017eba &#8220;Eschenstock \/ Jasenov prut&#8221;","author":"Branimir Jankovi\u0107","date":"17. travnja 2026.","format":false,"excerpt":"Srpsko narodno vije\u0107e (SNV) i Vizura aperta postavljaju izlo\u017ebu \u0161vicarskog slikara Velimira Ili\u0161evi\u0107a: Eschenstock \/ Jasenov prut. Izlo\u017eba se uz prisustvo autora otvara povodom 81. godi\u0161njice proboja logora\u0161a iz usta\u0161kog logora smrti Jasenovac 22. aprila 2026. u 19 sati u Srpskom kulturnom centru (SKC) u Preradovi\u0107evoj ulici 21 u Zagrebu.\u2026","rel":"","context":"U &quot;Izlo\u017ebe&quot;","block_context":{"text":"Izlo\u017ebe","link":"https:\/\/historiografija.hr\/?cat=10"},"img":{"alt_text":"","src":"https:\/\/i0.wp.com\/historiografija.hr\/wp-content\/uploads\/2026\/04\/Jasenov_prut.jpg?fit=1024%2C640&ssl=1&resize=350%2C200","width":350,"height":200,"srcset":"https:\/\/i0.wp.com\/historiografija.hr\/wp-content\/uploads\/2026\/04\/Jasenov_prut.jpg?fit=1024%2C640&ssl=1&resize=350%2C200 1x, https:\/\/i0.wp.com\/historiografija.hr\/wp-content\/uploads\/2026\/04\/Jasenov_prut.jpg?fit=1024%2C640&ssl=1&resize=525%2C300 1.5x, https:\/\/i0.wp.com\/historiografija.hr\/wp-content\/uploads\/2026\/04\/Jasenov_prut.jpg?fit=1024%2C640&ssl=1&resize=700%2C400 2x"},"classes":[]},{"id":52704,"url":"https:\/\/historiografija.hr\/?p=52704","url_meta":{"origin":40106,"position":4},"title":"Predstavljanje knjige &#8220;Vladimir Vasiljevi\u0107: Moji do\u017eivljaji. Dnevni\u010dki zapisi iz Prvoga svjetskog rata i poratnoga vremena&#8221;","author":"Filip \u0160imunjak","date":"29. travnja 2026.","format":false,"excerpt":"Doga\u0111anja ovogodi\u0161njega Festivala povijesti Kliofest zapo\u010dinjemo ve\u0107 i prije samoga slu\u017ebenog otvaranja, predstavljanjem knjige \u201eMoji do\u017eivljaji. Dnevni\u010dki zapisi iz Prvoga svjetskog rata i poratnoga vremena\u201d Vladimira Vasiljevi\u0107a, koju su priredili Karlo Rukavina i Damir Agi\u010di\u0107. Pozivamo Vas na predstavljanje koje \u0107e se odr\u017eati u ponedjeljak 4. svibnja, s po\u010detkom u\u2026","rel":"","context":"U &quot;Knjige&quot;","block_context":{"text":"Knjige","link":"https:\/\/historiografija.hr\/?cat=8"},"img":{"alt_text":"","src":"https:\/\/i0.wp.com\/historiografija.hr\/wp-content\/uploads\/2026\/04\/Naslovna-V.-Vasiljevic.webp?fit=1200%2C600&ssl=1&resize=350%2C200","width":350,"height":200,"srcset":"https:\/\/i0.wp.com\/historiografija.hr\/wp-content\/uploads\/2026\/04\/Naslovna-V.-Vasiljevic.webp?fit=1200%2C600&ssl=1&resize=350%2C200 1x, https:\/\/i0.wp.com\/historiografija.hr\/wp-content\/uploads\/2026\/04\/Naslovna-V.-Vasiljevic.webp?fit=1200%2C600&ssl=1&resize=525%2C300 1.5x, https:\/\/i0.wp.com\/historiografija.hr\/wp-content\/uploads\/2026\/04\/Naslovna-V.-Vasiljevic.webp?fit=1200%2C600&ssl=1&resize=700%2C400 2x, https:\/\/i0.wp.com\/historiografija.hr\/wp-content\/uploads\/2026\/04\/Naslovna-V.-Vasiljevic.webp?fit=1200%2C600&ssl=1&resize=1050%2C600 3x"},"classes":[]},{"id":52628,"url":"https:\/\/historiografija.hr\/?p=52628","url_meta":{"origin":40106,"position":5},"title":"Predavanje dopisnog \u010dlana HAZU Alaina Finkielkrauta Izrael, Europa, antisemitizam","author":"Branimir Jankovi\u0107","date":"23. travnja 2026.","format":false,"excerpt":"Francuski filozof Alain Finkielkraut, redoviti \u010dlan Francuske akademije i dopisni \u010dlan HAZU, odr\u017eat \u0107e predavanje\u00a0Izrael, Europa, antisemitizam u utorak 28. travnja 2026. u 13 sati u Knji\u017enici HAZU,\u00a0Strossmayerov trg 14 u Zagrebu. Uvodne rije\u010di odr\u017eat \u0107e\u00a0akademkinja \u017deljka \u010corak i\u00a0akademik Dra\u017een Katunari\u0107. Predavanje \u0107e se odr\u017eati na francuskom jeziku uz konsekutivno\u2026","rel":"","context":"U &quot;Novosti&quot;","block_context":{"text":"Novosti","link":"https:\/\/historiografija.hr\/?cat=3"},"img":{"alt_text":"","src":"https:\/\/i0.wp.com\/historiografija.hr\/wp-content\/uploads\/2026\/04\/Alain_Finkielkraut.jpg?fit=350%2C407&ssl=1&resize=350%2C200","width":350,"height":200},"classes":[]}],"_links":{"self":[{"href":"https:\/\/historiografija.hr\/index.php?rest_route=\/wp\/v2\/posts\/40106","targetHints":{"allow":["GET"]}}],"collection":[{"href":"https:\/\/historiografija.hr\/index.php?rest_route=\/wp\/v2\/posts"}],"about":[{"href":"https:\/\/historiografija.hr\/index.php?rest_route=\/wp\/v2\/types\/post"}],"author":[{"embeddable":true,"href":"https:\/\/historiografija.hr\/index.php?rest_route=\/wp\/v2\/users\/2"}],"replies":[{"embeddable":true,"href":"https:\/\/historiografija.hr\/index.php?rest_route=%2Fwp%2Fv2%2Fcomments&post=40106"}],"version-history":[{"count":1,"href":"https:\/\/historiografija.hr\/index.php?rest_route=\/wp\/v2\/posts\/40106\/revisions"}],"predecessor-version":[{"id":40108,"href":"https:\/\/historiografija.hr\/index.php?rest_route=\/wp\/v2\/posts\/40106\/revisions\/40108"}],"wp:featuredmedia":[{"embeddable":true,"href":"https:\/\/historiografija.hr\/index.php?rest_route=\/wp\/v2\/media\/40107"}],"wp:attachment":[{"href":"https:\/\/historiografija.hr\/index.php?rest_route=%2Fwp%2Fv2%2Fmedia&parent=40106"}],"wp:term":[{"taxonomy":"category","embeddable":true,"href":"https:\/\/historiografija.hr\/index.php?rest_route=%2Fwp%2Fv2%2Fcategories&post=40106"},{"taxonomy":"post_tag","embeddable":true,"href":"https:\/\/historiografija.hr\/index.php?rest_route=%2Fwp%2Fv2%2Ftags&post=40106"}],"curies":[{"name":"wp","href":"https:\/\/api.w.org\/{rel}","templated":true}]}}