{"id":40103,"date":"2024-03-19T23:13:24","date_gmt":"2024-03-19T23:13:24","guid":{"rendered":"http:\/\/historiografija.hr\/?p=40103"},"modified":"2024-03-19T23:13:24","modified_gmt":"2024-03-19T23:13:24","slug":"proljetna-skola-balkan-routes-studying-through-european-borderlands","status":"publish","type":"post","link":"https:\/\/historiografija.hr\/?p=40103","title":{"rendered":"Proljetna \u0161kola \u201dBalkan Route(s). Studying through European Borderlands\u201d"},"content":{"rendered":"\n<p>Od 19. do 21. o\u017eujka 2024. u Vije\u0107nici Filozofskog fakulteta odr\u017eava se proljetna \u0161kola pod naslovom \u201e<strong>Balkan Route(s). Studying through European Borderlands<\/strong>\u201c, u kojem sudjeluju studenti diplomskih studija dru\u0161tveno-humanisti\u010dkih smjerova s tri partnerska sveu\u010dili\u0161ta (Sveu\u010dili\u0161te u Zagrebu, Sveu\u010dili\u0161te Osnabr\u00fcck, Njema\u010dka i Sveu\u010dili\u0161te Padova, Italija). Ona se realizira u sklopu Erasmus+ Mje\u0161tovitog intenzivnog programa (<em>Blended Intensive Program \u2013 BIP<\/em>) kao studijsko i istra\u017eiva\u010dko putovanje za studente magistarskog programa \u201eMe\u0111unarodne migracije i interkulturalni odnosi\u201c koji se provodi na Sveu\u010dili\u0161tu u Osnabr\u00fccku, Njema\u010dka, za studente Odsjeka za politi\u010dke znanosti, pravo i me\u0111unarodne studije na Sveu\u010dili\u0161tu u Padovi, Italija, te studente Odsjeka za sociologiju i Odsjeka za etnologiju i kulturnu antropologiju, s Filozofskog fakulteta Sveu\u010dili\u0161ta u Zagrebu. Doma\u0107in-suorganizator je Odsjek za sociologiju Filozofskog fakulteta u Zagrebu, u sklopu programa obilje\u017eavanja 150. obljetnice fakulteta.<\/p>\n\n\n\n<p>Ova \u0161kola nudi doma\u0107im i me\u0111unarodnim studentima priliku za daljnje produbljivanje znanja iz polja studija granica i migracija, kombiniraju\u0107i uvide iz istra\u017eivanja, prakse i javnih politika, s posebnim naglaskom na problematiziranje Balkanske rute i naslje\u0111a Balkanskog koridora u istra\u017eiva\u010dkom polju studija migracija i granica \u0161ire Euromediteranske regije. Kao rezultat aktivnosti u\u010denja, studenti \u0107e mo\u0107i integrirati uvide iz podu\u010davanja, istra\u017eivanja, prakse i politike, istra\u017euju\u0107i globalnu i lokalnu dinamiku koja utje\u010de na grani\u010dne fenomene i procese u podru\u010dju Jugoisto\u010dne Europe.<\/p>\n\n\n\n<hr class=\"wp-block-separator\"\/>\n\n\n\n<p>Izvor i program:<\/p>\n\n\n\n<figure class=\"wp-block-embed-wordpress wp-block-embed is-type-wp-embed is-provider-filozofski-fakultet-sveucilista-u-zagrebu\"><div class=\"wp-block-embed__wrapper\">\n<blockquote class=\"wp-embedded-content\" data-secret=\"seES2oYPxn\"><a href=\"https:\/\/web2020.ffzg.unizg.hr\/blog\/2024\/03\/15\/proljetna-skola-balkan-routes-studying-through-european-borderlands\/\">Proljetna \u0161kola &#8221;Balkan Route(s). Studying through European Borderlands&#8221;<\/a><\/blockquote><iframe loading=\"lazy\" class=\"wp-embedded-content\" sandbox=\"allow-scripts\" security=\"restricted\" style=\"position: absolute; clip: rect(1px, 1px, 1px, 1px);\" title=\"&#8220;Proljetna \u0161kola &#8221;Balkan Route(s). Studying through European Borderlands&#8221;&#8221; &#8212; Filozofski fakultet Sveu\u010dili\u0161ta u Zagrebu\" src=\"https:\/\/web2020.ffzg.unizg.hr\/blog\/2024\/03\/15\/proljetna-skola-balkan-routes-studying-through-european-borderlands\/embed\/#?secret=seES2oYPxn\" data-secret=\"seES2oYPxn\" width=\"600\" height=\"338\" frameborder=\"0\" marginwidth=\"0\" marginheight=\"0\" scrolling=\"no\"><\/iframe>\n<\/div><\/figure>\n\n\n\n<hr class=\"wp-block-separator\"\/>\n","protected":false},"excerpt":{"rendered":"","protected":false},"author":2,"featured_media":40104,"comment_status":"open","ping_status":"open","sticky":false,"template":"","format":"standard","meta":{"_acf_changed":false,"jetpack_post_was_ever_published":false,"_jetpack_newsletter_access":"","_jetpack_dont_email_post_to_subs":false,"_jetpack_newsletter_tier_id":0,"_jetpack_memberships_contains_paywalled_content":false,"_jetpack_memberships_contains_paid_content":false,"footnotes":"","jetpack_publicize_message":"","jetpack_publicize_feature_enabled":true,"jetpack_social_post_already_shared":true,"jetpack_social_options":{"image_generator_settings":{"template":"highway","default_image_id":0,"font":"","enabled":false},"version":2}},"categories":[3,9],"tags":[],"class_list":["post-40103","post","type-post","status-publish","format-standard","has-post-thumbnail","hentry","category-novosti","category-skupovi"],"acf":{"facebook_opis":""},"jetpack_publicize_connections":[],"jetpack_featured_media_url":"https:\/\/i0.wp.com\/historiografija.hr\/wp-content\/uploads\/2024\/03\/BIP-Program.png?fit=744%2C1009&ssl=1","jetpack_sharing_enabled":true,"jetpack-related-posts":[],"_links":{"self":[{"href":"https:\/\/historiografija.hr\/index.php?rest_route=\/wp\/v2\/posts\/40103","targetHints":{"allow":["GET"]}}],"collection":[{"href":"https:\/\/historiografija.hr\/index.php?rest_route=\/wp\/v2\/posts"}],"about":[{"href":"https:\/\/historiografija.hr\/index.php?rest_route=\/wp\/v2\/types\/post"}],"author":[{"embeddable":true,"href":"https:\/\/historiografija.hr\/index.php?rest_route=\/wp\/v2\/users\/2"}],"replies":[{"embeddable":true,"href":"https:\/\/historiografija.hr\/index.php?rest_route=%2Fwp%2Fv2%2Fcomments&post=40103"}],"version-history":[{"count":1,"href":"https:\/\/historiografija.hr\/index.php?rest_route=\/wp\/v2\/posts\/40103\/revisions"}],"predecessor-version":[{"id":40105,"href":"https:\/\/historiografija.hr\/index.php?rest_route=\/wp\/v2\/posts\/40103\/revisions\/40105"}],"wp:featuredmedia":[{"embeddable":true,"href":"https:\/\/historiografija.hr\/index.php?rest_route=\/wp\/v2\/media\/40104"}],"wp:attachment":[{"href":"https:\/\/historiografija.hr\/index.php?rest_route=%2Fwp%2Fv2%2Fmedia&parent=40103"}],"wp:term":[{"taxonomy":"category","embeddable":true,"href":"https:\/\/historiografija.hr\/index.php?rest_route=%2Fwp%2Fv2%2Fcategories&post=40103"},{"taxonomy":"post_tag","embeddable":true,"href":"https:\/\/historiografija.hr\/index.php?rest_route=%2Fwp%2Fv2%2Ftags&post=40103"}],"curies":[{"name":"wp","href":"https:\/\/api.w.org\/{rel}","templated":true}]}}