{"id":40052,"date":"2024-03-14T21:59:15","date_gmt":"2024-03-14T21:59:15","guid":{"rendered":"http:\/\/historiografija.hr\/?p=40052"},"modified":"2024-03-14T21:59:40","modified_gmt":"2024-03-14T21:59:40","slug":"projekcija-dokumentarnog-filma-nesahranjena-secanja-secanje-na-holokaust-u-madarskoj-shoahlab","status":"publish","type":"post","link":"https:\/\/historiografija.hr\/?p=40052","title":{"rendered":"[PROJEKCIJA DOKUMENTARNOG FILMA] \u201eNesahranjena sec\u0301anja\u201d: Se\u0107anje na Holokaust u Ma\u0111arskoj (ShoahLab)"},"content":{"rendered":"\n<p>Projekcija novog dokumentarnog filma koji istra\u017euje se\u0107anje na Holokaust u kontekstu Ma\u0111arske, nakon \u010dega sledi razgovor sa autorom, Rihardom Papom<\/p>\n\n\n\n<hr class=\"wp-block-separator\"\/>\n\n\n\n<p>Osamdeset godina je pro\u0161lo od tragedije Holokausta. \u017divo, komunikativno pam\u0107enje generacije \u017ertava i svedoka polako se pretvara u obrasce kulturnog pam\u0107enja. U me\u0111uvremenu, poslednjih decenija u isto\u010dnoj i centralnoj Evropi nije bilo kolektivne konfrontacije i javnog i sveobuhvatnog otvorenog dru\u0161tvenog diskursa o se\u0107anju na ovu tragediju. Problemi zaborava i \u0107utanja kre\u0107u se od opstojnosti antisemitizma, mr\u017enje prema etni\u010dkim, kulturnim i seksualnim manjinama, politi\u010dke mr\u017enje prema izbeglicama, do poricanja Holokausta, koji su i danas prisutni u isto\u010dno- i centralnoevropskim dru\u0161tvima.<\/p>\n\n\n\n<p>U tri decenije od pada komunizma, detaljnije obrazovanje o Holokaustu je uvedeno u \u0161kolske programe u Ma\u0111arskoj. \u0160tavi\u0161e, napravljeni su spomenici, muzeji, knjige i filmovi u znak se\u0107anja na Holokaust. Me\u0111utim, postavlja se pitanje kako sve ovo doprinosi ovekove\u010denju se\u0107anja na Holokaust? \u0160ta danas zna\u010di se\u0107anje na Holokaust me\u0111u razli\u010ditim generacijama i izme\u0111u razli\u010ditih lokaliteta? Dokumentarac predstavljen na ovom doga\u0111aju poku\u0161ava da se osvrne na ovo pitanje.<\/p>\n\n\n\n<p>Istra\u017eivanje, podr\u017eano od strane Vi\u0161egradskog fonda, koji je osnova dokumentarca, koristi kvalitativne metode dru\u0161tvenih nauka za istra\u017eivanje i tuma\u010denje trenutnih zna\u010denja se\u0107anja na Holokaust u Ma\u0111arskoj. Dokumentarni film Aniko Sikesd (S\u00fck\u00fcsd Anik\u00f3), \u0110er\u0111a \u010cepelija (Csepeli Gy\u00f6rgy), Riharda Ki\u0161a (Kiss Rich\u00e1rd), Andra\u0161a \u0160uranjija (Sur\u00e1nyi Andr\u00e1s) i Riharda Papa (Papp Rich\u00e1rd) je istra\u017eivanje zasnovano na intervjuima fokus grupe u domu za stare u Budimpe\u0161ti. Dakle, narativi predstavljeni u dokumentarcu uklju\u010duju se\u0107anja pre\u017eivelih i o\u010devidaca. \u0160tavi\u0161e, kako ispitanici dolaze sa razli\u010ditih lokaliteta u Ma\u0111arskoj, mo\u017eemo ste\u0107i sveobuhvatnije znanje o lokalnim razlikama i sli\u010dnostima se\u0107anja na Holokaust u Ma\u0111arskoj. S jedne strane, filmska projekcija i diskusija koja \u0107e uslediti mogu nas navesti da razmislimo o nedavnim problemima dru\u0161tvenog pam\u0107enja u Isto\u010dnoj i Centralnoj Evropi. S druge strane, diskusija tako\u0111e mo\u017ee doprineti interpretativnom promi\u0161ljanju se\u0107anja na Holokaust.<\/p>\n\n\n\n<p><strong>Rihard Pap (Papp Rich\u00e1rd)<\/strong> je vanredni profesor kulturne antropologije i sociologije na Fakultetu dru\u0161tvenih nauka Univerziteta Etve\u0161 Lorand u Budimpe\u0161ti. Njegove oblasti nastave i istra\u017eivanja obuhvataju kulturolo\u0161ki zna\u010daj religije, etni\u010dke pripadnosti i nacionalizma. Njegova specifi\u010dna istra\u017eiva\u010dka interesovanja su sociokulturno pam\u0107enje i jevrejski kulturni identitet. Obavljao je terenske radove u Ukrajini, Rumuniji, Srbiji, Izraelu i Ma\u0111arskoj. Odnedavno vodi istra\u017eiva\u010dki projekat podr\u017ean od strane Vi\u0161egradskog fonda \u201eIstra\u017eivanje transgeneracijskog se\u0107anja na Holokaust u Centralnoj Evropi\u201c. Cilj ovog istra\u017eivanja je da se obradi i interpretira novija zna\u010denja se\u0107anja na Holokaust koriste\u0107i kvalitativne metode dru\u0161tvenih nauka u Isto\u010dnoj i Centralnoj Evropi.<\/p>\n\n\n\n<hr class=\"wp-block-separator\"\/>\n\n\n\n<p>Institut za filozofiju i dru\u0161tvenu teoriju, Kraljice Natalije 45, Beograd<\/p>\n\n\n\n<p>March, 15, 2024, 14:00h<\/p>\n\n\n\n<hr class=\"wp-block-separator\"\/>\n\n\n\n<figure class=\"wp-block-embed-wordpress wp-block-embed is-type-wp-embed is-provider-institut-za-filozofiju-i-drustvenu-teoriju\"><div class=\"wp-block-embed__wrapper\">\n<blockquote class=\"wp-embedded-content\" data-secret=\"jcQzBdKBKN\"><a href=\"https:\/\/ifdt.bg.ac.rs\/events\/projekcija-dokumentarnog-filma-nesahranjena-secanja-secanje-na-holokaust-u-madarskoj-shoahlab\/\">[PROJEKCIJA DOKUMENTARNOG FILMA] \u201eNesahranjena sec\u0301anja\u201d: Se\u0107anje na Holokaust u Ma\u0111arskoj (ShoahLab)<\/a><\/blockquote><iframe loading=\"lazy\" class=\"wp-embedded-content\" sandbox=\"allow-scripts\" security=\"restricted\" style=\"position: absolute; clip: rect(1px, 1px, 1px, 1px);\" title=\"&#132;[PROJEKCIJA DOKUMENTARNOG FILMA] \u201eNesahranjena sec\u0301anja\u201d: Se\u0107anje na Holokaust u Ma\u0111arskoj (ShoahLab)&#147; &#8212; INSTITUT ZA FILOZOFIJU I DRU\u0160TVENU TEORIJU\" src=\"https:\/\/ifdt.bg.ac.rs\/events\/projekcija-dokumentarnog-filma-nesahranjena-secanja-secanje-na-holokaust-u-madarskoj-shoahlab\/embed\/#?secret=9LmfrEwg3n#?secret=jcQzBdKBKN\" data-secret=\"jcQzBdKBKN\" width=\"600\" height=\"338\" frameborder=\"0\" marginwidth=\"0\" marginheight=\"0\" scrolling=\"no\"><\/iframe>\n<\/div><\/figure>\n\n\n\n<hr class=\"wp-block-separator\"\/>\n","protected":false},"excerpt":{"rendered":"","protected":false},"author":2,"featured_media":40053,"comment_status":"open","ping_status":"open","sticky":false,"template":"","format":"standard","meta":{"_acf_changed":false,"jetpack_post_was_ever_published":false,"_jetpack_newsletter_access":"","_jetpack_dont_email_post_to_subs":false,"_jetpack_newsletter_tier_id":0,"_jetpack_memberships_contains_paywalled_content":false,"_jetpack_memberships_contains_paid_content":false,"footnotes":"","jetpack_publicize_message":"","jetpack_publicize_feature_enabled":true,"jetpack_social_post_already_shared":true,"jetpack_social_options":{"image_generator_settings":{"template":"highway","default_image_id":0,"font":"","enabled":false},"version":2}},"categories":[13,3],"tags":[],"class_list":["post-40052","post","type-post","status-publish","format-standard","has-post-thumbnail","hentry","category-filmovi-i-serije","category-novosti"],"acf":{"facebook_opis":""},"jetpack_publicize_connections":[],"jetpack_featured_media_url":"https:\/\/i0.wp.com\/historiografija.hr\/wp-content\/uploads\/2024\/03\/Unburied-memories.png?fit=1280%2C720&ssl=1","jetpack_sharing_enabled":true,"jetpack-related-posts":[],"_links":{"self":[{"href":"https:\/\/historiografija.hr\/index.php?rest_route=\/wp\/v2\/posts\/40052","targetHints":{"allow":["GET"]}}],"collection":[{"href":"https:\/\/historiografija.hr\/index.php?rest_route=\/wp\/v2\/posts"}],"about":[{"href":"https:\/\/historiografija.hr\/index.php?rest_route=\/wp\/v2\/types\/post"}],"author":[{"embeddable":true,"href":"https:\/\/historiografija.hr\/index.php?rest_route=\/wp\/v2\/users\/2"}],"replies":[{"embeddable":true,"href":"https:\/\/historiografija.hr\/index.php?rest_route=%2Fwp%2Fv2%2Fcomments&post=40052"}],"version-history":[{"count":2,"href":"https:\/\/historiografija.hr\/index.php?rest_route=\/wp\/v2\/posts\/40052\/revisions"}],"predecessor-version":[{"id":40055,"href":"https:\/\/historiografija.hr\/index.php?rest_route=\/wp\/v2\/posts\/40052\/revisions\/40055"}],"wp:featuredmedia":[{"embeddable":true,"href":"https:\/\/historiografija.hr\/index.php?rest_route=\/wp\/v2\/media\/40053"}],"wp:attachment":[{"href":"https:\/\/historiografija.hr\/index.php?rest_route=%2Fwp%2Fv2%2Fmedia&parent=40052"}],"wp:term":[{"taxonomy":"category","embeddable":true,"href":"https:\/\/historiografija.hr\/index.php?rest_route=%2Fwp%2Fv2%2Fcategories&post=40052"},{"taxonomy":"post_tag","embeddable":true,"href":"https:\/\/historiografija.hr\/index.php?rest_route=%2Fwp%2Fv2%2Ftags&post=40052"}],"curies":[{"name":"wp","href":"https:\/\/api.w.org\/{rel}","templated":true}]}}