{"id":40022,"date":"2024-03-12T13:42:42","date_gmt":"2024-03-12T13:42:42","guid":{"rendered":"http:\/\/historiografija.hr\/?p=40022"},"modified":"2024-03-12T13:43:20","modified_gmt":"2024-03-12T13:43:20","slug":"caponeu-workshop-political-novel-in-historiographical-and-sociological-perspective-structures-and-analogies","status":"publish","type":"post","link":"https:\/\/historiografija.hr\/?p=40022","title":{"rendered":"(CAPONEU) Workshop &#8220;Political Novel in Historiographical and Sociological Perspective: Structures and Analogies&#8221;"},"content":{"rendered":"\n<p>Projekt The Cartography of the Political Novel in Europe (CAPONEU) organizira radionicu o politi\u010dkom romanu iz historiografske i sociolo\u0161ke perspektive koja \u0107e se odr\u017eati 15. i 16. o\u017eujka 2024. na Filozofskom fakultetu Sveu\u010dili\u0161ta u Zagrebu.<\/p>\n\n\n\n<hr class=\"wp-block-separator\"\/>\n\n\n\n<p>The workshop will address problematic relations between political novel and its critical, historiographical and sociological counterparts, as sets of complex signifying practices simultaneously forming particular configurations and exhibiting recurring patterns. In a series of mutually dependent theoretical discussions and case studies, discourses, narrative handlings of what is presumed to constitute material, types of representation (reality effect) and modes of veridiction (historical, novelistic, sociological) will be analysed in depth in order to map the competitive field where they contrast, intertwine, overlap, complement and legitimize each other.<\/p>\n\n\n\n<p>The workshop will take place at the Faculty of Humanities and Social Sciences at the University of Zagreb, and online via <a rel=\"noreferrer noopener\" href=\"https:\/\/l.facebook.com\/l.php?u=https%3A%2F%2Fteams.microsoft.com%2Fl%2Fmeetup-join%2F19%253ameeting_ZmQ4NjgyZTAtMzJmZC00OTM3LThkMTAtNGQ0YjEzODA0ZTU2%2540thread.v2%2F0%3Fcontext%3D%257B%2522Tid%2522%253A%2522966177f7-9bc0-476a-8430-5470af760278%2522%252C%2522Oid%2522%253A%25228845230a-e61b-4c51-8ee7-15fc55beaa39%2522%257D%26fbclid%3DIwAR369rDjMSaAoLgy5-LwXCh_61Nrr5JdZ21F-3ZRKyUf8698jBwgIkRD85s&amp;h=AT0WiPoFo8uhqFCrQiyttT18P-10I0JK869JORkE12VQPe-F5kG_TJ80zBXTGO5ST6XS7eHeazouY3k_44tuWZJZs_tX8wHsqVvKBsw1f6_2Uel27nd2kXZjcM_TeyycE8Xy&amp;__tn__=q&amp;c%5b0%5d=AT2l5ZAdWv7cl1OQrKe8SJs764e6y4UOgBnMR-rHAiVZ2j0w8DLBHjEsD9R7VMuIAmfy1PPuLBtWjVMB6uq6uPfxDRdPlvPqyiNIRqfN_s7glBCxSlmoC8UZRv5uF4TeyYLrmzJIx3PqbqdvM4RzEY55P6WX\" target=\"_blank\">Microsoft Teams<\/a>.<\/p>\n\n\n\n<hr class=\"wp-block-separator\"\/>\n\n\n\n<p><strong>Program<\/strong><\/p>\n\n\n\n<p><strong>Friday, 15 March 2024<\/strong><\/p>\n\n\n\n<p>Faculty of Humanities and Social Sciences, Zagreb, D4<\/p>\n\n\n\n<p>9.45 Zrinka Bo\u017ei\u0107 (University of Zagreb): Opening Remarks<\/p>\n\n\n\n<p>10.00-10.30 KEYNOTE Nenad Ivi\u0107 (University of Zagreb) Giving Voice<\/p>\n\n\n\n<p>10.30-11.00 Discussion<\/p>\n\n\n\n<p>11.00-11.15 Coffee break<\/p>\n\n\n\n<p>11.15-11.35 Zvonimir Glava\u0161 (University of Zagreb) First as a Tragedy, Then as some Other Figure: On Tropology of History and (Political) Novel<br><br>11.35-11.50 Discussion<\/p>\n\n\n\n<p>11.50-12.10 Tomislav Brlek (University of Zagreb) The Politics of Form in Historical Novel: Jonathan Littell (online)<br><br>12.10-12.25 Discussion<\/p>\n\n\n\n<p>12.25-12.45 Rossitsa Terzieva-Artemis (University of Nicosia) Narrativity and Politics in History and Literature (online)<br><br>12.45-13.00 Discussion<\/p>\n\n\n\n<p>13.00-13.15 Coffee break<\/p>\n\n\n\n<p>13.15-13.35 Karlo Dr\u017eai\u0107 (University of Zagreb) The Question of the Narrative in Historiography and Point of the Political<br><br>13.35-13.50 Discussion<\/p>\n\n\n\n<p>13.50-14.10 Milica Resanovi\u0107 (University of Belgrade) Disappearance or Transformation of the Committed Novel in the Post-Socialist Literary Field in Serbia (online)<br><br>14.10-14.25 Discussion<\/p>\n\n\n\n<p><br><strong>Saturday, 16 March 2024<br><br><\/strong>Faculty of Humanities and Social Sciences, Zagreb, D4<\/p>\n\n\n\n<p>10.00-10.30 KEYNOTE Goran Pavli\u0107 (University of Zagreb) The Sociology of Novel \u2013 A Few Notes on Methodology<br><br>10.30-11.00 Discussion<\/p>\n\n\n\n<p>11.00-11.15 Coffee break<\/p>\n\n\n\n<p>11.15-11.35 Mirela Daki\u0107 (University of Zagreb) Writing Between Genres: Hoggart, Bourdieu, Eribon<br>11.35-11.50 Discussion<\/p>\n\n\n\n<p>11.50-12.10 Ante Andabak (University of Zagreb) The Weber Brothers and Kafka on Bureaucracy \u2013 An Attempt at a Broader Marxist Understanding<br><br>12.10-12.25 Discussion<\/p>\n\n\n\n<p>12.25-12.45 Branimir Jankovi\u0107 (University of Zagreb) The Polylogue between History, Literature and Sociology: A Retrospective View<br><br>12.45-13.00 Discussion<\/p>\n\n\n\n<p>13.00-13.15 Coffe break<\/p>\n\n\n\n<p>13.15-13.35 Dean Duda (University of Zagreb) to be confirmed<br><br>13.35-13.50 Discussion<\/p>\n\n\n\n<hr class=\"wp-block-separator\"\/>\n\n\n\n<p>Izvori i dodatne informacije:<\/p>\n\n\n\n<p><a href=\"https:\/\/www.caponeu.eu\/\">https:\/\/www.caponeu.eu\/<\/a><\/p>\n\n\n\n<p><a href=\"https:\/\/www.facebook.com\/profile.php?id=100089829465487\">https:\/\/www.facebook.com\/profile.php?id=100089829465487<\/a><\/p>\n\n\n\n<figure class=\"wp-block-embed-wordpress wp-block-embed is-type-wp-embed is-provider-doktorski-studij-znanosti-o-knjizevnosti-teatrologije-i-dramatologije-filmologije-muzikologije-i-studija-kulture\"><div class=\"wp-block-embed__wrapper\">\n<blockquote class=\"wp-embedded-content\" data-secret=\"dmaAd0b88z\"><a href=\"https:\/\/pdszok.ffzg.unizg.hr\/2024\/03\/06\/poziv-na-radionicu-political-novel-in-historiographical-and-sociological-perspective-structures-and-analogies\/\">Poziv na radionicu &#8220;Political Novel in Historiographical and Sociological Perspective: Structures and Analogies&#8221;<\/a><\/blockquote><iframe loading=\"lazy\" class=\"wp-embedded-content\" sandbox=\"allow-scripts\" security=\"restricted\" style=\"position: absolute; clip: rect(1px, 1px, 1px, 1px);\" title=\"&#8220;Poziv na radionicu &#8220;Political Novel in Historiographical and Sociological Perspective: Structures and Analogies&#8221;&#8221; &#8212; Doktorski studij znanosti o knji\u017eevnosti, teatrologije i dramatologije, filmologije, muzikologije i studija kulture\" src=\"https:\/\/pdszok.ffzg.unizg.hr\/2024\/03\/06\/poziv-na-radionicu-political-novel-in-historiographical-and-sociological-perspective-structures-and-analogies\/embed\/#?secret=cfd8uQNopJ#?secret=dmaAd0b88z\" data-secret=\"dmaAd0b88z\" width=\"600\" height=\"338\" frameborder=\"0\" marginwidth=\"0\" marginheight=\"0\" scrolling=\"no\"><\/iframe>\n<\/div><\/figure>\n\n\n\n<p><a href=\"https:\/\/www.zfl-berlin.org\/event\/political-novel-in-historiographical-and-sociological-perspective.html\">https:\/\/www.zfl-berlin.org\/event\/political-novel-in-historiographical-and-sociological-perspective.html<\/a><\/p>\n\n\n\n<hr class=\"wp-block-separator\"\/>\n","protected":false},"excerpt":{"rendered":"","protected":false},"author":2,"featured_media":34504,"comment_status":"open","ping_status":"open","sticky":false,"template":"","format":"standard","meta":{"_acf_changed":false,"_jetpack_newsletter_access":"","_jetpack_dont_email_post_to_subs":false,"_jetpack_newsletter_tier_id":0,"_jetpack_memberships_contains_paywalled_content":false,"_jetpack_memberships_contains_paid_content":false,"footnotes":"","jetpack_publicize_message":"","jetpack_publicize_feature_enabled":true,"jetpack_social_post_already_shared":true,"jetpack_social_options":{"image_generator_settings":{"template":"highway","default_image_id":0,"font":"","enabled":false},"version":2},"jetpack_post_was_ever_published":false},"categories":[3,9],"tags":[],"class_list":["post-40022","post","type-post","status-publish","format-standard","has-post-thumbnail","hentry","category-novosti","category-skupovi"],"acf":{"facebook_opis":""},"jetpack_publicize_connections":[],"jetpack_featured_media_url":"https:\/\/i0.wp.com\/historiografija.hr\/wp-content\/uploads\/2023\/02\/CAPONEU-EU.png?fit=820%2C360&ssl=1","jetpack_sharing_enabled":true,"jetpack-related-posts":[{"id":53227,"url":"https:\/\/historiografija.hr\/?p=53227","url_meta":{"origin":40022,"position":0},"title":"Gostuju\u0107a predavanja Paula A. Rahea u Zagrebu","author":"Branimir Jankovi\u0107","date":"13. svibnja 2026.","format":false,"excerpt":"Profesor Paul A. Rahe s Hillsdale Collegea u Michiganu (Sjedinjene Ameri\u010dke Dr\u017eave) odr\u017eao je sredinom svibnja 2026. na Hrvatskom institutu za povijest predavanje \"The American Revolution: Historiographical Approaches, Contemporary Directions, and Research Methodologies\", na Filozofskom fakultetu u Zagrebu predavanje \u201cPost 1945 Reinterpretations of History; Cold War vs. Contemporary US Training\u2026","rel":"","context":"U &quot;Novosti&quot;","block_context":{"text":"Novosti","link":"https:\/\/historiografija.hr\/?cat=3"},"img":{"alt_text":"","src":"https:\/\/i0.wp.com\/historiografija.hr\/wp-content\/uploads\/2026\/05\/Predavanje-FFZG.jpg?fit=1200%2C766&ssl=1&resize=350%2C200","width":350,"height":200,"srcset":"https:\/\/i0.wp.com\/historiografija.hr\/wp-content\/uploads\/2026\/05\/Predavanje-FFZG.jpg?fit=1200%2C766&ssl=1&resize=350%2C200 1x, https:\/\/i0.wp.com\/historiografija.hr\/wp-content\/uploads\/2026\/05\/Predavanje-FFZG.jpg?fit=1200%2C766&ssl=1&resize=525%2C300 1.5x, https:\/\/i0.wp.com\/historiografija.hr\/wp-content\/uploads\/2026\/05\/Predavanje-FFZG.jpg?fit=1200%2C766&ssl=1&resize=700%2C400 2x, https:\/\/i0.wp.com\/historiografija.hr\/wp-content\/uploads\/2026\/05\/Predavanje-FFZG.jpg?fit=1200%2C766&ssl=1&resize=1050%2C600 3x"},"classes":[]},{"id":55107,"url":"https:\/\/historiografija.hr\/?p=55107","url_meta":{"origin":40022,"position":1},"title":"Leonora Neville, \u201eSailing Away from Byzantium Toward East Roman History\u201c","author":"Filip \u0160imunjak","date":"28. kolovoza 2026.","format":false,"excerpt":"Although the first thing one learns about the 'Byzantine Empire' is that it was really the eastern Roman empire, scholars have preferred to call it 'Byzantine' in a repudiation of the self-conception and emic vocabulary of the inhabitants of that polity. The terminology of 'Byzantium' artificially severs the 'medieval' eastern\u2026","rel":"","context":"U &quot;E-knjige&quot;","block_context":{"text":"E-knjige","link":"https:\/\/historiografija.hr\/?cat=19"},"img":{"alt_text":"","src":"https:\/\/i0.wp.com\/historiografija.hr\/wp-content\/uploads\/2026\/08\/Sailing-Away-from-Byzantium-Toward-East-Roman-History.webp?fit=368%2C543&ssl=1&resize=350%2C200","width":350,"height":200},"classes":[]},{"id":54007,"url":"https:\/\/historiografija.hr\/?p=54007","url_meta":{"origin":40022,"position":2},"title":"BHA Webinar \u201cThe symbolism of signifiers in historiography and publicist writings: the use of the terms \u2018Slavi\u2019 and \u2018Talijana\u0161i\u2019 in the Italian and Croatian examples\u201d","author":"Branimir Jankovi\u0107","date":"10. lipnja 2026.","format":false,"excerpt":"BHA Webinar Series (Zoom)Speaker: Ante Brali\u0107 (University of Zadar)Date & Hour: June 11 (Thursday), 12:00 CET \/ 13:00 EETModerator: Timothy FrenchTechnical assistance: Timothy French, contact: timothymfrench@yahoo.com Webinar linkhttps:\/\/us06web.zoom.us\/j\/85440365125Webinar ID 854 4036 5125 How to name an ethnicity, and in later development a nation, is often not just a historiographical question.\u2026","rel":"","context":"U &quot;Novosti&quot;","block_context":{"text":"Novosti","link":"https:\/\/historiografija.hr\/?cat=3"},"img":{"alt_text":"","src":"https:\/\/i0.wp.com\/historiografija.hr\/wp-content\/uploads\/2025\/06\/BHA-Webinar-Series.png?fit=820%2C312&ssl=1&resize=350%2C200","width":350,"height":200,"srcset":"https:\/\/i0.wp.com\/historiografija.hr\/wp-content\/uploads\/2025\/06\/BHA-Webinar-Series.png?fit=820%2C312&ssl=1&resize=350%2C200 1x, https:\/\/i0.wp.com\/historiografija.hr\/wp-content\/uploads\/2025\/06\/BHA-Webinar-Series.png?fit=820%2C312&ssl=1&resize=525%2C300 1.5x, https:\/\/i0.wp.com\/historiografija.hr\/wp-content\/uploads\/2025\/06\/BHA-Webinar-Series.png?fit=820%2C312&ssl=1&resize=700%2C400 2x"},"classes":[]},{"id":52622,"url":"https:\/\/historiografija.hr\/?p=52622","url_meta":{"origin":40022,"position":3},"title":"Annual CAPONEU conference: Political Novel in Europe Between Democracy and Authoritarianism","author":"Branimir Jankovi\u0107","date":"23. travnja 2026.","format":false,"excerpt":"Caponeu event 22.04.2026 - 24.04.2026 Location: The Faculty of Polish and Classical Philology AMU (Fredry 10, Pozna\u0144)Organized by: Tomasz Mizerkiewicz, Krystyna Pieni\u0105\u017cek-Markovi\u0107, Anna Gawarecka, Ewa Szperlik, Magda Potok, B\u0142a\u017cej Warkocki, Gerard Ronge (all Adam Mickiewicz University in Pozna\u0144)Contact: gerron@amu.edu.pl The Adam Mickiewicz University team, as part of the international CAPONEU\u2026","rel":"","context":"U &quot;Novosti&quot;","block_context":{"text":"Novosti","link":"https:\/\/historiografija.hr\/?cat=3"},"img":{"alt_text":"","src":"https:\/\/i0.wp.com\/historiografija.hr\/wp-content\/uploads\/2026\/04\/Caponeu-political-novel.jpg?fit=500%2C261&ssl=1&resize=350%2C200","width":350,"height":200},"classes":[]},{"id":55011,"url":"https:\/\/historiografija.hr\/?p=55011","url_meta":{"origin":40022,"position":4},"title":"Jeffrey Andrew Barash, \u201eThe Politics of Historical Interpretation: Reflections on Ideology and the Perplexities of Political Myth\u201c","author":"Branimir Jankovi\u0107","date":"19. kolovoza 2026.","format":false,"excerpt":"This book focuses on political presuppositions animating modern historical reflection in Germany that underwent sharp radicalization in the post-World War I context of the Weimar Republic. It is in this context that a novel polemical use of political concepts, nourished by radical forms of reflection on the historical character of\u2026","rel":"","context":"U &quot;Knjige&quot;","block_context":{"text":"Knjige","link":"https:\/\/historiografija.hr\/?cat=8"},"img":{"alt_text":"","src":"https:\/\/i0.wp.com\/historiografija.hr\/wp-content\/uploads\/2026\/08\/The-Politics-of-Historical-Interpretation.jpg?fit=800%2C1189&ssl=1&resize=350%2C200","width":350,"height":200,"srcset":"https:\/\/i0.wp.com\/historiografija.hr\/wp-content\/uploads\/2026\/08\/The-Politics-of-Historical-Interpretation.jpg?fit=800%2C1189&ssl=1&resize=350%2C200 1x, https:\/\/i0.wp.com\/historiografija.hr\/wp-content\/uploads\/2026\/08\/The-Politics-of-Historical-Interpretation.jpg?fit=800%2C1189&ssl=1&resize=525%2C300 1.5x, https:\/\/i0.wp.com\/historiografija.hr\/wp-content\/uploads\/2026\/08\/The-Politics-of-Historical-Interpretation.jpg?fit=800%2C1189&ssl=1&resize=700%2C400 2x"},"classes":[]},{"id":52586,"url":"https:\/\/historiografija.hr\/?p=52586","url_meta":{"origin":40022,"position":5},"title":"Aur\u00e9lie Daher, \u201eHezbollah: Mobilisation and Power\u201c","author":"Branimir Jankovi\u0107","date":"22. travnja 2026.","format":false,"excerpt":"Morning Star \u2018Book of the Year\u2019 Social movement, liberation party or terrorist group? With Hezbollah\u2019s growing involvement in the war in Syria, this study of its impact on Lebanon, drawing heavily on first-hand interviews, could not be more timely. Description Almost forty years after its foundation, Hezbollah remains an enigma.\u2026","rel":"","context":"U &quot;Knjige&quot;","block_context":{"text":"Knjige","link":"https:\/\/historiografija.hr\/?cat=8"},"img":{"alt_text":"","src":"https:\/\/i0.wp.com\/historiografija.hr\/wp-content\/uploads\/2026\/04\/Daher-Hezbollah.jpg?fit=600%2C931&ssl=1&resize=350%2C200","width":350,"height":200,"srcset":"https:\/\/i0.wp.com\/historiografija.hr\/wp-content\/uploads\/2026\/04\/Daher-Hezbollah.jpg?fit=600%2C931&ssl=1&resize=350%2C200 1x, https:\/\/i0.wp.com\/historiografija.hr\/wp-content\/uploads\/2026\/04\/Daher-Hezbollah.jpg?fit=600%2C931&ssl=1&resize=525%2C300 1.5x"},"classes":[]}],"_links":{"self":[{"href":"https:\/\/historiografija.hr\/index.php?rest_route=\/wp\/v2\/posts\/40022","targetHints":{"allow":["GET"]}}],"collection":[{"href":"https:\/\/historiografija.hr\/index.php?rest_route=\/wp\/v2\/posts"}],"about":[{"href":"https:\/\/historiografija.hr\/index.php?rest_route=\/wp\/v2\/types\/post"}],"author":[{"embeddable":true,"href":"https:\/\/historiografija.hr\/index.php?rest_route=\/wp\/v2\/users\/2"}],"replies":[{"embeddable":true,"href":"https:\/\/historiografija.hr\/index.php?rest_route=%2Fwp%2Fv2%2Fcomments&post=40022"}],"version-history":[{"count":2,"href":"https:\/\/historiografija.hr\/index.php?rest_route=\/wp\/v2\/posts\/40022\/revisions"}],"predecessor-version":[{"id":40024,"href":"https:\/\/historiografija.hr\/index.php?rest_route=\/wp\/v2\/posts\/40022\/revisions\/40024"}],"wp:featuredmedia":[{"embeddable":true,"href":"https:\/\/historiografija.hr\/index.php?rest_route=\/wp\/v2\/media\/34504"}],"wp:attachment":[{"href":"https:\/\/historiografija.hr\/index.php?rest_route=%2Fwp%2Fv2%2Fmedia&parent=40022"}],"wp:term":[{"taxonomy":"category","embeddable":true,"href":"https:\/\/historiografija.hr\/index.php?rest_route=%2Fwp%2Fv2%2Fcategories&post=40022"},{"taxonomy":"post_tag","embeddable":true,"href":"https:\/\/historiografija.hr\/index.php?rest_route=%2Fwp%2Fv2%2Ftags&post=40022"}],"curies":[{"name":"wp","href":"https:\/\/api.w.org\/{rel}","templated":true}]}}