{"id":40016,"date":"2024-03-12T13:12:08","date_gmt":"2024-03-12T13:12:08","guid":{"rendered":"http:\/\/historiografija.hr\/?p=40016"},"modified":"2024-03-12T13:12:08","modified_gmt":"2024-03-12T13:12:08","slug":"tribina-kako-rebrendirati-srbe-u-hrvatskoj","status":"publish","type":"post","link":"https:\/\/historiografija.hr\/?p=40016","title":{"rendered":"Tribina: Kako rebrendirati Srbe u Hrvatskoj?"},"content":{"rendered":"\n<p>Srbi u Hrvatskoj. Nekada ponosni, antifa\u0161isti\u010dki, konstitutivni narod, danas nacionalna manjina u izumiranju. Potu\u010deni, izba\u010deni iz kolektivne memorije, sotonizirani, dobrovoljno i malo manje dobrovoljno asimilirani, Srbi u Hrvatskoj jo\u0161 su va\u017ean faktor samo u Saboru. Kako je krenulo s uvozom radne snage, mo\u017eda nas ni tu uskoro ne\u0107e biti. Hrvatska se depopulizira, demografska katastrofa prijeti. Prije nego Srbi u Hrvatskoj nestanu, na tribini u Privredniku hvatamo se u ko\u0161tac s imid\u017eom s kojim \u0107e nas historija pamtiti. Trebamo li ostati zapam\u0107eni kao narod <strong>Nikole Tesle<\/strong>&nbsp;i <strong>Milice Bogdanovi\u0107<\/strong> ili narod <strong>Mile Marti\u0107a<\/strong>?<\/p>\n\n\n\n<p>Danas kada navija\u010di na tribinama uzvikuju \u201eSrbine!\u201d kada \u017eele nekoga uvrijediti, danas kada su povijesne \u010ditanke iz kojih se obrazuju na\u0161a djeca prepune velikosrpske agresije, danas kada se po Lici, Baniji i Kordunu gase seoske zajednice Srba i kada se u urbanim sredinama proces asimiliranja zavr\u0161ava, poku\u0161avamo saznati je li mogu\u0107 preokret. Mogu li Srbi promijeniti narativ kojim ih se danas opisuje, mogu li se neke stranice o nama ponovo, objektivnije i manje ostra\u0161\u0107eno napisati?<\/p>\n\n\n\n<p>Odgovore na ta pitanja novinar <strong>Sa\u0161a Kosanovi\u0107<\/strong> potra\u017eit \u0107e na novoj Privrednikovoj tribini od trojice stru\u010dnjaka s podru\u010dja politi\u010dkog marketinga i odnosa s javno\u0161\u0107u. Na tribini \u0107e govoriti: <strong>Bo\u017eo Skoko<\/strong>, redovni profesor Fakulteta politi\u010dkih znanosti u Zagrebu, stru\u010dnjak za odnose s javno\u0161\u0107u i br\u0435ndiranje, <strong>Boris Male\u0161evi\u0107<\/strong>, grafi\u010dki dizajner i stru\u010dnjak za politi\u010dki marketing i&nbsp;<strong>Kre\u0161imir Macan<\/strong>, PR stru\u010dnjak.<\/p>\n\n\n\n<p>Tribina u organizaciji Srpskog privrednog dru\u0161tva Privrednik i Vije\u0107a srpske nacionalne manjine Grada Zagreba pod nazivom \u201eKako rebrendirati Srbe u Hrvatskoj?\u201c odr\u017eat \u0107e se u utorak, <strong>12. marta s po\u010detkom u 18 sati<\/strong> na prvom katu Privrednikovog doma (Preradovi\u0107eva 18, Zagreb).<\/p>\n\n\n\n<hr class=\"wp-block-separator\"\/>\n\n\n\n<p>Izvor:<\/p>\n\n\n\n<figure class=\"wp-block-embed-wordpress wp-block-embed is-type-wp-embed is-provider-p-portal\"><div class=\"wp-block-embed__wrapper\">\n<blockquote class=\"wp-embedded-content\" data-secret=\"xd8Jzu3kvS\"><a href=\"https:\/\/p-portal.net\/tribina-kako-rebrendirati-srbe-u-hrvatskoj\/\">Tribina: Kako rebrendirati Srbe u Hrvatskoj?<\/a><\/blockquote><iframe loading=\"lazy\" class=\"wp-embedded-content\" sandbox=\"allow-scripts\" security=\"restricted\" style=\"position: absolute; clip: rect(1px, 1px, 1px, 1px);\" title=\"&#8220;Tribina: Kako rebrendirati Srbe u Hrvatskoj?&#8221; &#8212; P-portal\" src=\"https:\/\/p-portal.net\/tribina-kako-rebrendirati-srbe-u-hrvatskoj\/embed\/#?secret=7m0mIHjK6Q#?secret=xd8Jzu3kvS\" data-secret=\"xd8Jzu3kvS\" width=\"600\" height=\"338\" frameborder=\"0\" marginwidth=\"0\" marginheight=\"0\" scrolling=\"no\"><\/iframe>\n<\/div><\/figure>\n\n\n\n<hr class=\"wp-block-separator\"\/>\n","protected":false},"excerpt":{"rendered":"","protected":false},"author":2,"featured_media":4918,"comment_status":"open","ping_status":"open","sticky":false,"template":"","format":"standard","meta":{"_acf_changed":false,"_jetpack_newsletter_access":"","_jetpack_dont_email_post_to_subs":false,"_jetpack_newsletter_tier_id":0,"_jetpack_memberships_contains_paywalled_content":false,"_jetpack_memberships_contains_paid_content":false,"footnotes":"","jetpack_publicize_message":"","jetpack_publicize_feature_enabled":true,"jetpack_social_post_already_shared":true,"jetpack_social_options":{"image_generator_settings":{"template":"highway","default_image_id":0,"font":"","enabled":false},"version":2},"jetpack_post_was_ever_published":false},"categories":[3],"tags":[],"class_list":["post-40016","post","type-post","status-publish","format-standard","has-post-thumbnail","hentry","category-novosti"],"acf":{"facebook_opis":""},"jetpack_publicize_connections":[],"jetpack_featured_media_url":"https:\/\/i0.wp.com\/historiografija.hr\/wp-content\/uploads\/2017\/06\/Privrednik-antifa.jpg?fit=671%2C400&ssl=1","jetpack_sharing_enabled":true,"jetpack-related-posts":[{"id":53194,"url":"https:\/\/historiografija.hr\/?p=53194","url_meta":{"origin":40016,"position":0},"title":"U HAZU znanstveni skup u povodu 100. godi\u0161njice smrti akademika Mije Ki\u0161pati\u0107a","author":"Branimir Jankovi\u0107","date":"12. svibnja 2026.","format":false,"excerpt":"Hrvatska akademija znanosti i umjetnosti prire\u0111uje prigodni znanstveni skup u povodu 100. godi\u0161njice smrti akademika Mije Ki\u0161pati\u0107a, istaknutoga hrvatskog prirodoslovca, sveu\u010dili\u0161noga profesora i redovitoga \u010dlana Akademije. Obilje\u017eavanjem ove obljetnice Akademija odaje po\u010dast znanstveniku koji je svojim djelovanjem trajno obilje\u017eio razvoj hrvatskih prirodnih znanosti te zauzeo istaknuto mjesto u nacionalnoj znanstvenoj\u2026","rel":"","context":"U &quot;Novosti&quot;","block_context":{"text":"Novosti","link":"https:\/\/historiografija.hr\/?cat=3"},"img":{"alt_text":"","src":"https:\/\/i0.wp.com\/historiografija.hr\/wp-content\/uploads\/2026\/05\/Mijo-Kispatic.png?fit=398%2C500&ssl=1&resize=350%2C200","width":350,"height":200},"classes":[]},{"id":54991,"url":"https:\/\/historiografija.hr\/?p=54991","url_meta":{"origin":40016,"position":1},"title":"Renesansni festival Koprivnica (20. \u2013 23. kolovoza 2026.)","author":"Branimir Jankovi\u0107","date":"17. kolovoza 2026.","format":false,"excerpt":"Krajem kolovoza, kada se na ostacima koprivni\u010dkih bedema upale baklje, a grad ispune vitezovi, obrtnici, dvorske lude i putuju\u0107i trgovci, Koprivnica na nekoliko dana postaje prava renesansna pozornica. Renesansni festival nije tek manifestacija koju se promatra, to je istinsko iskustvo u koje treba uroniti. Povratak u vrijeme kada su ulicama\u2026","rel":"","context":"U &quot;Manifestacije o\u017eivljene povijesti&quot;","block_context":{"text":"Manifestacije o\u017eivljene povijesti","link":"https:\/\/historiografija.hr\/?cat=16"},"img":{"alt_text":"","src":"https:\/\/i0.wp.com\/historiografija.hr\/wp-content\/uploads\/2026\/08\/Festival-2026.jpg?fit=1200%2C675&ssl=1&resize=350%2C200","width":350,"height":200,"srcset":"https:\/\/i0.wp.com\/historiografija.hr\/wp-content\/uploads\/2026\/08\/Festival-2026.jpg?fit=1200%2C675&ssl=1&resize=350%2C200 1x, https:\/\/i0.wp.com\/historiografija.hr\/wp-content\/uploads\/2026\/08\/Festival-2026.jpg?fit=1200%2C675&ssl=1&resize=525%2C300 1.5x, https:\/\/i0.wp.com\/historiografija.hr\/wp-content\/uploads\/2026\/08\/Festival-2026.jpg?fit=1200%2C675&ssl=1&resize=700%2C400 2x, https:\/\/i0.wp.com\/historiografija.hr\/wp-content\/uploads\/2026\/08\/Festival-2026.jpg?fit=1200%2C675&ssl=1&resize=1050%2C600 3x"},"classes":[]},{"id":54849,"url":"https:\/\/historiografija.hr\/?p=54849","url_meta":{"origin":40016,"position":2},"title":"Glazbeno-scenska ve\u010der i predstavljanje knjige &#8220;OD HRVATSKOGA KRALJEVSTVA DO LIJEPE NA\u0160E&#8221;","author":"Branimir Jankovi\u0107","date":"31. srpnja 2026.","format":false,"excerpt":"Ogranak Matice hrvatske u Trogiru i\u201eRadovan\u201c dru\u0161tvo za za\u0161titu kulturnih dobara Trogira s rado\u0161\u0107u vas pozivaju na glazbeno-scensku ve\u010der i predstavljanje knjige OD HRVATSKOGA KRALJEVSTVA DO LIJEPE NA\u0160E Sudjeluju:Vlatko Belas, baritonBarbara Gari\u0107, sopranprof. Ratko Bartulovi\u0107, glazbenikNik\u0161a Buble, recitatori autori knjige dr. sc. Danka Radi\u0107 i Radovan Slade-\u0160ilovi\u0107 Radujemo se Va\u0161em\u2026","rel":"","context":"U &quot;Novosti&quot;","block_context":{"text":"Novosti","link":"https:\/\/historiografija.hr\/?cat=3"},"img":{"alt_text":"","src":"https:\/\/i0.wp.com\/historiografija.hr\/wp-content\/uploads\/2026\/07\/od_hrvatskog_kraljevstva_do_lijepe_nase.jpg?fit=596%2C467&ssl=1&resize=350%2C200","width":350,"height":200,"srcset":"https:\/\/i0.wp.com\/historiografija.hr\/wp-content\/uploads\/2026\/07\/od_hrvatskog_kraljevstva_do_lijepe_nase.jpg?fit=596%2C467&ssl=1&resize=350%2C200 1x, https:\/\/i0.wp.com\/historiografija.hr\/wp-content\/uploads\/2026\/07\/od_hrvatskog_kraljevstva_do_lijepe_nase.jpg?fit=596%2C467&ssl=1&resize=525%2C300 1.5x"},"classes":[]},{"id":53010,"url":"https:\/\/historiografija.hr\/?p=53010","url_meta":{"origin":40016,"position":3},"title":"Predstavljena knjiga An\u0111elka Akrapa &#8220;Stanovni\u0161tvo u Hrvatskoj kroz stolje\u0107a&#8221;","author":"Branimir Jankovi\u0107","date":"7. svibnja 2026.","format":false,"excerpt":"U Matici hrvatskoj 5. svibnja 2026. predstavljena je knjiga Stanovni\u0161tvo u Hrvatskoj kroz stolje\u0107a akademika An\u0111elka Akrapa, ujedno i \u010dlana Glavnoga odbora Matice hrvatske. Na predstavljanju su govorili: Ivan Rogi\u0107, Mladen Klemen\u010di\u0107, Ivan Jurkovi\u0107 i autor An\u0111elko Akrap. Na predstavljanju se tra\u017eilo mjesto vi\u0161e, nazo\u010dile su brojne osobe iz akademskog\u2026","rel":"","context":"U &quot;Novosti&quot;","block_context":{"text":"Novosti","link":"https:\/\/historiografija.hr\/?cat=3"},"img":{"alt_text":"","src":"https:\/\/i0.wp.com\/historiografija.hr\/wp-content\/uploads\/2026\/05\/Akrap.jpg?fit=680%2C544&ssl=1&resize=350%2C200","width":350,"height":200,"srcset":"https:\/\/i0.wp.com\/historiografija.hr\/wp-content\/uploads\/2026\/05\/Akrap.jpg?fit=680%2C544&ssl=1&resize=350%2C200 1x, https:\/\/i0.wp.com\/historiografija.hr\/wp-content\/uploads\/2026\/05\/Akrap.jpg?fit=680%2C544&ssl=1&resize=525%2C300 1.5x"},"classes":[]},{"id":54348,"url":"https:\/\/historiografija.hr\/?p=54348","url_meta":{"origin":40016,"position":4},"title":"Documenta: Ponovo otkrivena spomen-plo\u010da u uvali Slana","author":"Branimir Jankovi\u0107","date":"26. lipnja 2026.","format":false,"excerpt":"U uvali Slana na otoku Pagu 24. lipnja 2026. odr\u017eana je komemoracija podno po \u010detvrti puta obnovljene spomen-plo\u010de posve\u0107ene \u017ertvama usta\u0161kih logora u Slani i Metajni, koji su bili sastavni dio koncentracijskog usta\u0161kog logora iz sustava Gospi\u0107-Jadovno-Pag. Naporima koje ve\u0107 godinama ula\u017eu Koordinacija \u017eidovskih op\u0107ina RH, Srpsko narodno vije\u0107e (SNV)\u2026","rel":"","context":"U &quot;Novosti&quot;","block_context":{"text":"Novosti","link":"https:\/\/historiografija.hr\/?cat=3"},"img":{"alt_text":"","src":"https:\/\/i0.wp.com\/historiografija.hr\/wp-content\/uploads\/2026\/06\/Ploca-Slana.jpeg?fit=754%2C522&ssl=1&resize=350%2C200","width":350,"height":200,"srcset":"https:\/\/i0.wp.com\/historiografija.hr\/wp-content\/uploads\/2026\/06\/Ploca-Slana.jpeg?fit=754%2C522&ssl=1&resize=350%2C200 1x, https:\/\/i0.wp.com\/historiografija.hr\/wp-content\/uploads\/2026\/06\/Ploca-Slana.jpeg?fit=754%2C522&ssl=1&resize=525%2C300 1.5x, https:\/\/i0.wp.com\/historiografija.hr\/wp-content\/uploads\/2026\/06\/Ploca-Slana.jpeg?fit=754%2C522&ssl=1&resize=700%2C400 2x"},"classes":[]},{"id":5696,"url":"https:\/\/historiografija.hr\/?p=5696","url_meta":{"origin":40016,"position":5},"title":"Branimir Jankovi\u0107 \u2013 kolumna \u201cJavna povijest\u201d \u2013 Jesu li povjesni\u010dari u Hrvatskoj celebrity?","author":"Branimir Jankovi\u0107","date":"24. kolovoza 2017.","format":false,"excerpt":"Pitanje iz naslova vrijedi postaviti za bolje razumijevanje lokalnih specifi\u010dnosti kada ih su\u010delimo s odre\u0111enim globalnim procesima. Naime, etablirani specijalist javne povijesti Jerome de Groot u knjizi Consuming History: Historians and Heritage in Contemporary Popular Culture (2008; usp. osvrt S. Treskanice, Historijski zbornik, 2, 2013) \u2013 u kojoj identificira mnogobrojne\u2026","rel":"","context":"U &quot;Prikazi i osvrti&quot;","block_context":{"text":"Prikazi i osvrti","link":"https:\/\/historiografija.hr\/?cat=4"},"img":{"alt_text":"","src":"","width":0,"height":0},"classes":[]}],"_links":{"self":[{"href":"https:\/\/historiografija.hr\/index.php?rest_route=\/wp\/v2\/posts\/40016","targetHints":{"allow":["GET"]}}],"collection":[{"href":"https:\/\/historiografija.hr\/index.php?rest_route=\/wp\/v2\/posts"}],"about":[{"href":"https:\/\/historiografija.hr\/index.php?rest_route=\/wp\/v2\/types\/post"}],"author":[{"embeddable":true,"href":"https:\/\/historiografija.hr\/index.php?rest_route=\/wp\/v2\/users\/2"}],"replies":[{"embeddable":true,"href":"https:\/\/historiografija.hr\/index.php?rest_route=%2Fwp%2Fv2%2Fcomments&post=40016"}],"version-history":[{"count":1,"href":"https:\/\/historiografija.hr\/index.php?rest_route=\/wp\/v2\/posts\/40016\/revisions"}],"predecessor-version":[{"id":40017,"href":"https:\/\/historiografija.hr\/index.php?rest_route=\/wp\/v2\/posts\/40016\/revisions\/40017"}],"wp:featuredmedia":[{"embeddable":true,"href":"https:\/\/historiografija.hr\/index.php?rest_route=\/wp\/v2\/media\/4918"}],"wp:attachment":[{"href":"https:\/\/historiografija.hr\/index.php?rest_route=%2Fwp%2Fv2%2Fmedia&parent=40016"}],"wp:term":[{"taxonomy":"category","embeddable":true,"href":"https:\/\/historiografija.hr\/index.php?rest_route=%2Fwp%2Fv2%2Fcategories&post=40016"},{"taxonomy":"post_tag","embeddable":true,"href":"https:\/\/historiografija.hr\/index.php?rest_route=%2Fwp%2Fv2%2Ftags&post=40016"}],"curies":[{"name":"wp","href":"https:\/\/api.w.org\/{rel}","templated":true}]}}