{"id":39998,"date":"2024-03-11T17:32:18","date_gmt":"2024-03-11T17:32:18","guid":{"rendered":"http:\/\/historiografija.hr\/?p=39998"},"modified":"2024-03-11T17:32:18","modified_gmt":"2024-03-11T17:32:18","slug":"izlozba-veliki-tabor-uoci-i-za-vrijeme-drugoga-svjetskog-rata","status":"publish","type":"post","link":"https:\/\/historiografija.hr\/?p=39998","title":{"rendered":"Izlo\u017eba \u201eVeliki Tabor uo\u010di i za vrijeme Drugoga svjetskog rata\u201c"},"content":{"rendered":"\n<p>Izlo\u017ebom \u201eVeliki Tabor uo\u010di i za vrijeme Drugoga svjetskog rata\u201c javnosti se predstavlja povijest dvorca, njegova namjena i korisnici od 1938. do 1945. godine. Dakle, prezentira se razdoblje kada su Velikim Taborom upravljale \u010dasne sestre Dru\u017ebe K\u0107eri Milosr\u0111a Tre\u0107eg reda sv. Franje iz Blata na Kor\u010duli. U dvorac su se doselile u kolovozu 1938. i u njemu su \u017eivjele do studenoga 1945. godine. Nakon njihova dolaska, Veliki Tabor po\u010dinju koristiti ferijalne kolonije, a \u010dasne su sestre skrbile o djeci koja su dolazila na jednomjese\u010dni ili dvomjese\u010dni boravak. U vrijeme Drugoga svjetskog rata, u dvorcu je bio smje\u0161ten dr\u017eavni dje\u010dji dom, a \u010dasne su se sestre brinule o ratnoj siro\u010dadi. Odlukom Ministarstva prosvjete NDH u Velikom je Taboru u kolovozu 1944. godine otvorena i osnovna \u0161kola s \u010detiri razreda, pod upravom \u0161kole u Desini\u0107u. Dvorac istovremeno postaje popri\u0161tem aktivnosti boraca Narodnooslobodila\u010dkog rata. Partizani su se kretali i djelovali u njegovoj neposrednoj blizini, a \u010desto su koristili i unutra\u0161njost Velikog Tabora. Ovdje je 2. studenoga 1943. osnovana&nbsp; Desini\u0107ka partizanska \u010deta, a iz svjedo\u010danstava sudionika doga\u0111anja znade se da su partizani odlazili u Veliki Tabor kako bi se odmorili i oporavili od bitaka. Koliko je poznato, partizani su tako\u0111er koristili dvorac za tajne sastanke te \u010duvanje vojnih zaliha. Kada su u prvoj polovici 1944. \u010dvrsto dr\u017eali Desini\u0107 u svojim rukama, na sebe su preuzeli brigu o ratnoj siro\u010dadi i \u010dasnim sestrama.<\/p>\n\n\n\n<p>Na izlo\u017ebi se mo\u017ee razgledati 40 eksponata. Izlo\u017eene su razglednice, fotografije, \u010dasopisi, knjige, oru\u017eje, vojna i medicinska oprema, spomen-plo\u010da kao i drugi predmeti (poput dje\u010dje cipelice) koji svjedo\u010de o \u017eivotu u Velikom Taboru u tome razdoblju.<\/p>\n\n\n\n<p>Na ovoj su izlo\u017ebi tako\u0111er prezentirani rezultati istra\u017eivanja koje je autorica izlo\u017ebe provela u Hrvatskom dr\u017eavnom arhivu u Zagrebu. Na panoima na engleskom i hrvatskom jeziku te na videoprezentaciji prikazane su reprodukcije mnogobrojnih fotografija i dokumenata poput tro\u0161kovnika i opisa radova koji su u tom razdoblju vr\u0161eni prilikom obnove Velikog Tabora.<\/p>\n\n\n\n<p>Autorica izlo\u017ebe je vi\u0161a kustosica i voditeljica Dvora Veliki Tabor, povjesni\u010darka Renata De\u010dman.<\/p>\n\n\n\n<p>Izlo\u017eba ostaje otvorena do 10. studenoga 2024. godine.<\/p>\n\n\n\n<hr class=\"wp-block-separator\"\/>\n\n\n\n<p>Izvor:<\/p>\n\n\n\n<p><a href=\"https:\/\/www.veliki-tabor.hr\/izlozbe\/pregled\/veliki-tabor-uoci-i-za-vrijeme-drugoga-svjetskog-rata\">https:\/\/www.veliki-tabor.hr\/izlozbe\/pregled\/veliki-tabor-uoci-i-za-vrijeme-drugoga-svjetskog-rata<\/a><\/p>\n\n\n\n<hr class=\"wp-block-separator\"\/>\n","protected":false},"excerpt":{"rendered":"","protected":false},"author":2,"featured_media":39999,"comment_status":"open","ping_status":"open","sticky":false,"template":"","format":"standard","meta":{"_acf_changed":false,"jetpack_post_was_ever_published":false,"_jetpack_newsletter_access":"","_jetpack_dont_email_post_to_subs":false,"_jetpack_newsletter_tier_id":0,"_jetpack_memberships_contains_paywalled_content":false,"_jetpack_memberships_contains_paid_content":false,"footnotes":"","jetpack_publicize_message":"","jetpack_publicize_feature_enabled":true,"jetpack_social_post_already_shared":true,"jetpack_social_options":{"image_generator_settings":{"template":"highway","default_image_id":0,"font":"","enabled":false},"version":2}},"categories":[10,3],"tags":[],"class_list":["post-39998","post","type-post","status-publish","format-standard","has-post-thumbnail","hentry","category-izlozbe","category-novosti"],"acf":{"facebook_opis":""},"jetpack_publicize_connections":[],"jetpack_featured_media_url":"https:\/\/i0.wp.com\/historiografija.hr\/wp-content\/uploads\/2024\/03\/Veliki-Tabor.jpg?fit=2048%2C1536&ssl=1","jetpack_sharing_enabled":true,"jetpack-related-posts":[],"_links":{"self":[{"href":"https:\/\/historiografija.hr\/index.php?rest_route=\/wp\/v2\/posts\/39998","targetHints":{"allow":["GET"]}}],"collection":[{"href":"https:\/\/historiografija.hr\/index.php?rest_route=\/wp\/v2\/posts"}],"about":[{"href":"https:\/\/historiografija.hr\/index.php?rest_route=\/wp\/v2\/types\/post"}],"author":[{"embeddable":true,"href":"https:\/\/historiografija.hr\/index.php?rest_route=\/wp\/v2\/users\/2"}],"replies":[{"embeddable":true,"href":"https:\/\/historiografija.hr\/index.php?rest_route=%2Fwp%2Fv2%2Fcomments&post=39998"}],"version-history":[{"count":1,"href":"https:\/\/historiografija.hr\/index.php?rest_route=\/wp\/v2\/posts\/39998\/revisions"}],"predecessor-version":[{"id":40000,"href":"https:\/\/historiografija.hr\/index.php?rest_route=\/wp\/v2\/posts\/39998\/revisions\/40000"}],"wp:featuredmedia":[{"embeddable":true,"href":"https:\/\/historiografija.hr\/index.php?rest_route=\/wp\/v2\/media\/39999"}],"wp:attachment":[{"href":"https:\/\/historiografija.hr\/index.php?rest_route=%2Fwp%2Fv2%2Fmedia&parent=39998"}],"wp:term":[{"taxonomy":"category","embeddable":true,"href":"https:\/\/historiografija.hr\/index.php?rest_route=%2Fwp%2Fv2%2Fcategories&post=39998"},{"taxonomy":"post_tag","embeddable":true,"href":"https:\/\/historiografija.hr\/index.php?rest_route=%2Fwp%2Fv2%2Ftags&post=39998"}],"curies":[{"name":"wp","href":"https:\/\/api.w.org\/{rel}","templated":true}]}}