{"id":39979,"date":"2024-03-08T15:17:03","date_gmt":"2024-03-08T15:17:03","guid":{"rendered":"http:\/\/historiografija.hr\/?p=39979"},"modified":"2024-03-27T22:18:56","modified_gmt":"2024-03-27T22:18:56","slug":"polemika-o-knjizi-svjedocenja-zvonimira-zakoseka-o-ratu-1990-ih","status":"publish","type":"post","link":"https:\/\/historiografija.hr\/?p=39979","title":{"rendered":"Polemika o knjizi svjedo\u010denja Zvonimira Zako\u0161eka o ratu 1990-ih"},"content":{"rendered":"\n<p>O knjizi Jasne Ba\u0161ti\u0107 \u201eOdlazak u no\u0107\u201c, koja tematizira \u201esvjedo\u010denje Zvonimira Zako\u0161eka o ratnim zbivanjima u Topuskom, Pakra\u010dkoj Poljani, Bosni i Oluji\u201c, polemizirali su Jerko Bakotin i Jasna Ba\u0161ti\u0107.<\/p>\n\n\n\n<hr class=\"wp-block-separator\"\/>\n\n\n\n<p>Jerko Bakotin<\/p>\n\n\n\n<p><strong>No\u0107 krvi i krivnje<\/strong><\/p>\n\n\n\n<p>Zvonimir Zako\u0161ek iznosi brojne i s obzirom na vladaju\u0107u ideologiju hereti\u010dke ocjene rata: spoznaju ste\u010denu u Pakra\u010dkoj Poljani &#8220;da radimo iste stvari kao i suprotna strana&#8221;, fakt da je zlo\u010dine prihva\u0107ala &#8220;cjelokupna hrvatska politika&#8221;, dok se mer\u010depovce poticalo i \u0161titilo. No pre\u0161u\u0107uje da je u optu\u017enicama za Pakra\u010dku Poljanu iz 1997. i 1998. on bio petookrivljeni<\/p>\n\n\n\n<p><a href=\"https:\/\/www.portalnovosti.com\/noc-krvi-i-krivnje\">https:\/\/www.portalnovosti.com\/noc-krvi-i-krivnje<\/a><\/p>\n\n\n\n<hr class=\"wp-block-separator\"\/>\n\n\n\n<p>Jasna Ba\u0161ti\u0107<\/p>\n\n\n\n<p><strong>Reagiranje: &#8220;Odlazak u no\u0107&#8221; je dokument o uzrocima i procesu nastajanja PTSP-a<\/strong><\/p>\n\n\n\n<p>Knjiga se ni u kojem slu\u010daju ne bavi traganjem za potpunom, objektivnom istinom o ratnim doga\u0111anjima i zlo\u010dinima u Pakra\u010dkoj Poljani, \u0161to je posao sudskih i istra\u017enih organa, istra\u017eiva\u010dkih novinara, historijskih instituta itd.<\/p>\n\n\n\n<p><a href=\"https:\/\/www.portalnovosti.com\/reagiranje-odlazak-u-noc-je-dokument-o-uzrocima-i-procesu-nastajanja-ptsp-a\">https:\/\/www.portalnovosti.com\/reagiranje-odlazak-u-noc-je-dokument-o-uzrocima-i-procesu-nastajanja-ptsp-a<\/a><\/p>\n\n\n\n<hr class=\"wp-block-separator\"\/>\n\n\n\n<p>Jerko Bakotin<\/p>\n\n\n\n<p><strong>Reagiranje: Zna\u010denje djela odre\u0111uju sadr\u017eaj i kontekst<\/strong><\/p>\n\n\n\n<p>&#8220;Odlazak u no\u0107&#8221; je va\u017ena knjiga koja pru\u017ea dragocjene uvide u prirodu ratovanja i ratnih trauma. No Ba\u0161ti\u0107 je vlastitom gre\u0161kom zasjenila svoj trud, a \u010ditatelje dovela u zabludu<\/p>\n\n\n\n<p><a href=\"https:\/\/www.portalnovosti.com\/reagiranje-znacenje-djela-odreduju-sadrzaj-i-kontekst\">https:\/\/www.portalnovosti.com\/reagiranje-znacenje-djela-odreduju-sadrzaj-i-kontekst<\/a><\/p>\n\n\n\n<hr class=\"wp-block-separator\"\/>\n\n\n\n<p>Jasna Ba\u0161ti\u0107<\/p>\n\n\n\n<p><strong>Reagiranje: U knjizi &#8220;Odlazak u no\u0107&#8221; radi se primarno o psiholo\u0161kom kontekstu<\/strong><\/p>\n\n\n\n<p>Metodolo\u0161ki postupak kojim je nastala ova knjiga prati iskustva koja su sugovornika dovela u traumatska stanja, onako kako ih on izri\u010de i pro\u017eivljava, i prema njegovu odabiru klju\u010dnih doga\u0111aja, a ni Bakotin ni ja ne mo\u017eemo odlu\u010divati o tome \u0161to su za sugovornika bila traumati\u010dna iskustva<\/p>\n\n\n\n<p><a href=\"https:\/\/www.portalnovosti.com\/reagiranje-u-knjizi-odlazak-u-noc-radi-se-primarno-o-psiholoskom-kontekstu\">https:\/\/www.portalnovosti.com\/reagiranje-u-knjizi-odlazak-u-noc-radi-se-primarno-o-psiholoskom-kontekstu<\/a><\/p>\n\n\n\n<hr class=\"wp-block-separator\"\/>\n\n\n\n<p>Jerko Bakotin<\/p>\n\n\n\n<p><strong>Reagiranje: Iz no\u0107i se ne izlazi neistinom<\/strong><\/p>\n\n\n\n<p>Autori\u010dina odluka da &#8220;ne inzistira na elaboraciji doga\u0111aja koje njen sugovornik nije sam spomenuo&#8221; proma\u0161aj je u pogledu fakti\u010dke vjerodostojnosti, ali jo\u0161 i vi\u0161e proma\u0161aj u smislu dru\u0161tvene odgovornosti i moralne du\u017enosti<\/p>\n\n\n\n<p><a href=\"https:\/\/www.portalnovosti.com\/reagiranje-iz-noci-se-ne-izlazi-neistinom\">https:\/\/www.portalnovosti.com\/reagiranje-iz-noci-se-ne-izlazi-neistinom<\/a><\/p>\n\n\n\n<hr class=\"wp-block-separator\"\/>\n\n\n\n<p>Prethodna obavijest na portalu <strong>Historiografija.hr<\/strong>:<\/p>\n\n\n\n<figure class=\"wp-block-embed-wordpress wp-block-embed is-type-wp-embed is-provider-historiografija-hr\"><div class=\"wp-block-embed__wrapper\">\n<blockquote class=\"wp-embedded-content\" data-secret=\"pzrPwap6Zl\"><a href=\"https:\/\/historiografija.hr\/?p=39647\">Jasna Ba\u0161ti\u0107, \u201eOdlazak u no\u0107\u201c<\/a><\/blockquote><iframe loading=\"lazy\" class=\"wp-embedded-content\" sandbox=\"allow-scripts\" security=\"restricted\" style=\"position: absolute; clip: rect(1px, 1px, 1px, 1px);\" title=\"&#8220;Jasna Ba\u0161ti\u0107, \u201eOdlazak u no\u0107\u201c&#8221; &#8212; Historiografija.hr\" src=\"https:\/\/historiografija.hr\/?p=39647&#038;embed=true#?secret=pzrPwap6Zl\" data-secret=\"pzrPwap6Zl\" width=\"600\" height=\"338\" frameborder=\"0\" marginwidth=\"0\" marginheight=\"0\" scrolling=\"no\"><\/iframe>\n<\/div><\/figure>\n\n\n\n<hr class=\"wp-block-separator\"\/>\n","protected":false},"excerpt":{"rendered":"","protected":false},"author":2,"featured_media":39648,"comment_status":"open","ping_status":"open","sticky":false,"template":"","format":"standard","meta":{"_acf_changed":false,"jetpack_post_was_ever_published":false,"_jetpack_newsletter_access":"","_jetpack_dont_email_post_to_subs":false,"_jetpack_newsletter_tier_id":0,"_jetpack_memberships_contains_paywalled_content":false,"_jetpack_memberships_contains_paid_content":false,"footnotes":"","jetpack_publicize_message":"","jetpack_publicize_feature_enabled":true,"jetpack_social_post_already_shared":true,"jetpack_social_options":{"image_generator_settings":{"template":"highway","default_image_id":0,"font":"","enabled":false},"version":2}},"categories":[3,17],"tags":[],"class_list":["post-39979","post","type-post","status-publish","format-standard","has-post-thumbnail","hentry","category-novosti","category-rasprave"],"acf":{"facebook_opis":""},"jetpack_publicize_connections":[],"jetpack_featured_media_url":"https:\/\/i0.wp.com\/historiografija.hr\/wp-content\/uploads\/2024\/02\/Odlazak.jpeg?fit=230%2C354&ssl=1","jetpack_sharing_enabled":true,"jetpack-related-posts":[],"_links":{"self":[{"href":"https:\/\/historiografija.hr\/index.php?rest_route=\/wp\/v2\/posts\/39979","targetHints":{"allow":["GET"]}}],"collection":[{"href":"https:\/\/historiografija.hr\/index.php?rest_route=\/wp\/v2\/posts"}],"about":[{"href":"https:\/\/historiografija.hr\/index.php?rest_route=\/wp\/v2\/types\/post"}],"author":[{"embeddable":true,"href":"https:\/\/historiografija.hr\/index.php?rest_route=\/wp\/v2\/users\/2"}],"replies":[{"embeddable":true,"href":"https:\/\/historiografija.hr\/index.php?rest_route=%2Fwp%2Fv2%2Fcomments&post=39979"}],"version-history":[{"count":3,"href":"https:\/\/historiografija.hr\/index.php?rest_route=\/wp\/v2\/posts\/39979\/revisions"}],"predecessor-version":[{"id":40231,"href":"https:\/\/historiografija.hr\/index.php?rest_route=\/wp\/v2\/posts\/39979\/revisions\/40231"}],"wp:featuredmedia":[{"embeddable":true,"href":"https:\/\/historiografija.hr\/index.php?rest_route=\/wp\/v2\/media\/39648"}],"wp:attachment":[{"href":"https:\/\/historiografija.hr\/index.php?rest_route=%2Fwp%2Fv2%2Fmedia&parent=39979"}],"wp:term":[{"taxonomy":"category","embeddable":true,"href":"https:\/\/historiografija.hr\/index.php?rest_route=%2Fwp%2Fv2%2Fcategories&post=39979"},{"taxonomy":"post_tag","embeddable":true,"href":"https:\/\/historiografija.hr\/index.php?rest_route=%2Fwp%2Fv2%2Ftags&post=39979"}],"curies":[{"name":"wp","href":"https:\/\/api.w.org\/{rel}","templated":true}]}}