{"id":39972,"date":"2024-03-08T14:31:47","date_gmt":"2024-03-08T14:31:47","guid":{"rendered":"http:\/\/historiografija.hr\/?p=39972"},"modified":"2024-03-20T21:29:24","modified_gmt":"2024-03-20T21:29:24","slug":"camille-kouchner-familia-grande","status":"publish","type":"post","link":"https:\/\/historiografija.hr\/?p=39972","title":{"rendered":"Camille Kouchner, \u201eFAMILIA GRANDE\u201c"},"content":{"rendered":"\n<p>S francuskoga prevela Ema \u0110urasek<\/p>\n\n\n\n<hr class=\"wp-block-separator\"\/>\n\n\n\n<p>Roman <em>Familia grande<\/em> \u0161okantna je memoarska knjiga koja tematizira slu\u010daj incesta u autori\u010dinoj slavnoj obitelji. Kao oli\u010denje pari\u0161ke intelektualne elite, ta je obitelj oduvijek bila medijski eksponirana: otac autorice je ministar <strong>Bernard Kouchner<\/strong>, suosniva\u010d Lije\u010dnika bez granica, majka joj je sveu\u010dili\u0161na profesorica <strong>\u00c9velyne Pisier<\/strong>, tetka poznata glumica <strong>Marie-France Pisier<\/strong>, a o\u010duh ugledni politi\u010dki analiti\u010dar <strong>Olivier Duhamel<\/strong>. Upravo njega autorica razotkriva kao pedofila koji je spolno zlostavljao njenog brata blizanca, svog posinka.<\/p>\n\n\n\n<p><br>Autori\u010dino djetinjstvo bilo je obilje\u017eeno suncem okupanim ljetima na jugu Francuske, gdje se obitelj okupljala s prijateljima u svojoj velebnoj ku\u0107i. U velja\u010di 2017. \u2013 tako zapo\u010dinje roman \u2013 Camille se vra\u0107a ondje u svojoj \u010detrdeset prvoj godini kako bi pokopala majku, \u0161to u njoj budi stare emocije, naposljetku je navode\u0107i da se suo\u010di s dugo skrivanom istinom, koja se svodi na to da je u tom ljetnom raju o\u010duh dvije godine no\u0107u odlazio u sobu njenog brata blizanca. Bilo je to izme\u0111u njihove 12. i 14. godine. Kada je Camille 2008. otkrila obitelji \u0161to se doga\u0111alo, klan je zbio redove, tajna se sa\u010duvala, a bijes obitelji usmjerio se na djecu koja su prekr\u0161ila zavjet \u0161utnje. Objavljena u Francuskoj 2021, knjiga je na dru\u0161tvenim mre\u017eama potaknula lavinu svjedo\u010danstava ljudi sli\u010dnog osobnog iskustva i izazvala burne reakcije javnosti. Nakon samo tjedan dana naklada knjige dosegnula je 225 000 primjeraka.&nbsp;<\/p>\n\n\n\n<hr class=\"wp-block-separator\"\/>\n\n\n\n<p>Godina izdanja: 2024<\/p>\n\n\n\n<p>Broj stranica: 180<\/p>\n\n\n\n<hr class=\"wp-block-separator\"\/>\n\n\n\n<p>Pro\u010ditaj po\u010detak knjige:<\/p>\n\n\n\n<figure class=\"wp-block-embed-wordpress wp-block-embed is-type-wp-embed is-provider-disput\"><div class=\"wp-block-embed__wrapper\">\n<blockquote class=\"wp-embedded-content\" data-secret=\"8kwjIcUdUv\"><a href=\"https:\/\/disput.hr\/shop\/familia-grande\/\">FAMILIA GRANDE<\/a><\/blockquote><iframe loading=\"lazy\" class=\"wp-embedded-content\" sandbox=\"allow-scripts\" security=\"restricted\" style=\"position: absolute; clip: rect(1px, 1px, 1px, 1px);\" title=\"&#8220;FAMILIA GRANDE&#8221; &#8212; Disput\" src=\"https:\/\/disput.hr\/shop\/familia-grande\/embed\/#?secret=GKh37c1MGy#?secret=8kwjIcUdUv\" data-secret=\"8kwjIcUdUv\" width=\"600\" height=\"338\" frameborder=\"0\" marginwidth=\"0\" marginheight=\"0\" scrolling=\"no\"><\/iframe>\n<\/div><\/figure>\n\n\n\n<hr class=\"wp-block-separator\"\/>\n\n\n\n<p>Iz medija:<\/p>\n\n\n\n<p><a href=\"https:\/\/www.tportal.hr\/kultura\/clanak\/objavljen-sokantni-roman-kceri-bernarda-kouchnera-snazna-kritika-pariske-elite-20240213\">https:\/\/www.tportal.hr\/kultura\/clanak\/objavljen-sokantni-roman-kceri-bernarda-kouchnera-snazna-kritika-pariske-elite-20240213<\/a><\/p>\n\n\n\n<p><a href=\"https:\/\/www.vecernji.hr\/kultura\/memoari-koji-su-razotkrili-mracne-tajne-seksualnog-zlostavljanja-u-srcu-francuske-elite-1751336\">https:\/\/www.vecernji.hr\/kultura\/memoari-koji-su-razotkrili-mracne-tajne-seksualnog-zlostavljanja-u-srcu-francuske-elite-1751336<\/a><\/p>\n\n\n\n<p><a href=\"https:\/\/www.jutarnji.hr\/kultura\/knjizevnost\/procitali-smo-sokantne-memoare-dok-svi-uzivaju-u-razuzdanim-ljetovanjima-u-jednoj-sobi-za-djecaka-victora-pocinje-pakao-15438386?fbclid=IwAR3WK9LZPeBwZlFbfiH0Y-Xqj119soFZAfKJbvKYTHp2OxeGyxQqYaUeqxE\">https:\/\/www.jutarnji.hr\/kultura\/knjizevnost\/procitali-smo-sokantne-memoare-dok-svi-uzivaju-u-razuzdanim-ljetovanjima-u-jednoj-sobi-za-djecaka-victora-pocinje-pakao-15438386<\/a><\/p>\n\n\n\n<hr class=\"wp-block-separator\"\/>\n","protected":false},"excerpt":{"rendered":"","protected":false},"author":2,"featured_media":39973,"comment_status":"open","ping_status":"open","sticky":false,"template":"","format":"standard","meta":{"_acf_changed":false,"jetpack_post_was_ever_published":false,"_jetpack_newsletter_access":"","_jetpack_dont_email_post_to_subs":false,"_jetpack_newsletter_tier_id":0,"_jetpack_memberships_contains_paywalled_content":false,"_jetpack_memberships_contains_paid_content":false,"footnotes":"","jetpack_publicize_message":"","jetpack_publicize_feature_enabled":true,"jetpack_social_post_already_shared":true,"jetpack_social_options":{"image_generator_settings":{"template":"highway","default_image_id":0,"font":"","enabled":false},"version":2}},"categories":[3,12],"tags":[],"class_list":["post-39972","post","type-post","status-publish","format-standard","has-post-thumbnail","hentry","category-novosti","category-knjizevnost"],"acf":{"facebook_opis":""},"jetpack_publicize_connections":[],"jetpack_featured_media_url":"https:\/\/i0.wp.com\/historiografija.hr\/wp-content\/uploads\/2024\/03\/Familia-grande.png?fit=800%2C1300&ssl=1","jetpack_sharing_enabled":true,"jetpack-related-posts":[],"_links":{"self":[{"href":"https:\/\/historiografija.hr\/index.php?rest_route=\/wp\/v2\/posts\/39972","targetHints":{"allow":["GET"]}}],"collection":[{"href":"https:\/\/historiografija.hr\/index.php?rest_route=\/wp\/v2\/posts"}],"about":[{"href":"https:\/\/historiografija.hr\/index.php?rest_route=\/wp\/v2\/types\/post"}],"author":[{"embeddable":true,"href":"https:\/\/historiografija.hr\/index.php?rest_route=\/wp\/v2\/users\/2"}],"replies":[{"embeddable":true,"href":"https:\/\/historiografija.hr\/index.php?rest_route=%2Fwp%2Fv2%2Fcomments&post=39972"}],"version-history":[{"count":2,"href":"https:\/\/historiografija.hr\/index.php?rest_route=\/wp\/v2\/posts\/39972\/revisions"}],"predecessor-version":[{"id":40120,"href":"https:\/\/historiografija.hr\/index.php?rest_route=\/wp\/v2\/posts\/39972\/revisions\/40120"}],"wp:featuredmedia":[{"embeddable":true,"href":"https:\/\/historiografija.hr\/index.php?rest_route=\/wp\/v2\/media\/39973"}],"wp:attachment":[{"href":"https:\/\/historiografija.hr\/index.php?rest_route=%2Fwp%2Fv2%2Fmedia&parent=39972"}],"wp:term":[{"taxonomy":"category","embeddable":true,"href":"https:\/\/historiografija.hr\/index.php?rest_route=%2Fwp%2Fv2%2Fcategories&post=39972"},{"taxonomy":"post_tag","embeddable":true,"href":"https:\/\/historiografija.hr\/index.php?rest_route=%2Fwp%2Fv2%2Ftags&post=39972"}],"curies":[{"name":"wp","href":"https:\/\/api.w.org\/{rel}","templated":true}]}}