{"id":39967,"date":"2024-03-07T18:50:52","date_gmt":"2024-03-07T18:50:52","guid":{"rendered":"http:\/\/historiografija.hr\/?p=39967"},"modified":"2024-03-07T18:50:52","modified_gmt":"2024-03-07T18:50:52","slug":"zenski-glasovi-iz-proslosti-izlozba-i-knjizevni-razgovor-uz-dan-zena","status":"publish","type":"post","link":"https:\/\/historiografija.hr\/?p=39967","title":{"rendered":"\u017denski glasovi iz pro\u0161losti \u2013 izlo\u017eba i knji\u017eevni razgovor uz Dan \u017eena"},"content":{"rendered":"\n<p>Uz prigodnu izlo\u017ebu knjiga, urednice Sanja Lovren\u010di\u0107 i Lidija Duji\u0107 predstavit \u0107e niz izdanja posve\u0107enih autoricama koje su djelovale u vrijeme kad su se tek rijetke \u017eene usu\u0111ivale ozbiljno latiti pera i zatra\u017eiti mjesto u javnom prostoru.<\/p>\n\n\n\n<p>Od samog svojeg osnutka 2010. naklada Mala zvona pokazuje poseban interes za njihove glasove, te danas me\u0111u svojim \u201eknjigama koje traju\u201c ima cijeli niz raznolikih naslova posve\u0107enih upravo njima \u2013 od Mary Wollstonecraft i Dorothy Wordsworth iz razdoblja ranog romantizma, preko samozatajnih hrvatskih autorica iz 19. stolje\u0107a, do autorica dnevnika i pisama iz kolonijalne Britanske Indije i neizostavne Virginije Woolf.<\/p>\n\n\n\n<p>Njihovi tekstovi objavljeni u Malim zvonima bit \u0107e povod za razgovor o njihovim \u017eivotima i stvarala\u0161tvu, razlikama i sli\u010dnostima njihovog i na\u0161eg vremena. Izabrane ulomke \u010ditat \u0107e Ur\u0161a Raukar.<\/p>\n\n\n\n<p>Dobrodo\u0161li!<\/p>\n\n\n\n<hr class=\"wp-block-separator\"\/>\n\n\n\n<p>Izvor:<\/p>\n\n\n\n<figure class=\"wp-block-embed-wordpress wp-block-embed is-type-wp-embed is-provider-mala-zvona\"><div class=\"wp-block-embed__wrapper\">\n<blockquote class=\"wp-embedded-content\" data-secret=\"4D1OakOsiG\"><a href=\"https:\/\/www.mala-zvona.hr\/zenski-glasovi-iz-proslosti\/\">\u017denski glasovi iz pro\u0161losti<\/a><\/blockquote><iframe loading=\"lazy\" class=\"wp-embedded-content\" sandbox=\"allow-scripts\" security=\"restricted\" style=\"position: absolute; clip: rect(1px, 1px, 1px, 1px);\" title=\"&#8220;\u017denski glasovi iz pro\u0161losti&#8221; &#8212; Mala Zvona\" src=\"https:\/\/www.mala-zvona.hr\/zenski-glasovi-iz-proslosti\/embed\/#?secret=CXHbezmvx7#?secret=4D1OakOsiG\" data-secret=\"4D1OakOsiG\" width=\"600\" height=\"338\" frameborder=\"0\" marginwidth=\"0\" marginheight=\"0\" scrolling=\"no\"><\/iframe>\n<\/div><\/figure>\n\n\n\n<hr class=\"wp-block-separator\"\/>\n","protected":false},"excerpt":{"rendered":"","protected":false},"author":2,"featured_media":39968,"comment_status":"open","ping_status":"open","sticky":false,"template":"","format":"standard","meta":{"_acf_changed":false,"jetpack_post_was_ever_published":false,"_jetpack_newsletter_access":"","_jetpack_dont_email_post_to_subs":false,"_jetpack_newsletter_tier_id":0,"_jetpack_memberships_contains_paywalled_content":false,"_jetpack_memberships_contains_paid_content":false,"footnotes":"","jetpack_publicize_message":"","jetpack_publicize_feature_enabled":true,"jetpack_social_post_already_shared":true,"jetpack_social_options":{"image_generator_settings":{"template":"highway","default_image_id":0,"font":"","enabled":false},"version":2}},"categories":[10,3],"tags":[],"class_list":["post-39967","post","type-post","status-publish","format-standard","has-post-thumbnail","hentry","category-izlozbe","category-novosti"],"acf":{"facebook_opis":""},"jetpack_publicize_connections":[],"jetpack_featured_media_url":"https:\/\/i0.wp.com\/historiografija.hr\/wp-content\/uploads\/2024\/03\/Dan-zena-8-mart-novosti.jpg?fit=1080%2C655&ssl=1","jetpack_sharing_enabled":true,"jetpack-related-posts":[],"_links":{"self":[{"href":"https:\/\/historiografija.hr\/index.php?rest_route=\/wp\/v2\/posts\/39967","targetHints":{"allow":["GET"]}}],"collection":[{"href":"https:\/\/historiografija.hr\/index.php?rest_route=\/wp\/v2\/posts"}],"about":[{"href":"https:\/\/historiografija.hr\/index.php?rest_route=\/wp\/v2\/types\/post"}],"author":[{"embeddable":true,"href":"https:\/\/historiografija.hr\/index.php?rest_route=\/wp\/v2\/users\/2"}],"replies":[{"embeddable":true,"href":"https:\/\/historiografija.hr\/index.php?rest_route=%2Fwp%2Fv2%2Fcomments&post=39967"}],"version-history":[{"count":1,"href":"https:\/\/historiografija.hr\/index.php?rest_route=\/wp\/v2\/posts\/39967\/revisions"}],"predecessor-version":[{"id":39969,"href":"https:\/\/historiografija.hr\/index.php?rest_route=\/wp\/v2\/posts\/39967\/revisions\/39969"}],"wp:featuredmedia":[{"embeddable":true,"href":"https:\/\/historiografija.hr\/index.php?rest_route=\/wp\/v2\/media\/39968"}],"wp:attachment":[{"href":"https:\/\/historiografija.hr\/index.php?rest_route=%2Fwp%2Fv2%2Fmedia&parent=39967"}],"wp:term":[{"taxonomy":"category","embeddable":true,"href":"https:\/\/historiografija.hr\/index.php?rest_route=%2Fwp%2Fv2%2Fcategories&post=39967"},{"taxonomy":"post_tag","embeddable":true,"href":"https:\/\/historiografija.hr\/index.php?rest_route=%2Fwp%2Fv2%2Ftags&post=39967"}],"curies":[{"name":"wp","href":"https:\/\/api.w.org\/{rel}","templated":true}]}}