{"id":39953,"date":"2024-03-07T10:06:14","date_gmt":"2024-03-07T10:06:14","guid":{"rendered":"http:\/\/historiografija.hr\/?p=39953"},"modified":"2024-03-07T10:18:58","modified_gmt":"2024-03-07T10:18:58","slug":"poziv-za-prijavu-na-znanstveni-skup-pakostane-opcina-na-dodiru-jezera-i-mora","status":"publish","type":"post","link":"https:\/\/historiografija.hr\/?p=39953","title":{"rendered":"Poziv za prijavu na znanstveni skup \u201ePAKO\u0160TANE \u2013 OP\u0106INA NA DODIRU JEZERA I MORA\u201c"},"content":{"rendered":"\n<p>Sveu\u010dili\u0161te u Zadru i Op\u0107ina Pako\u0161tane prire\u0111uju znanstveni skup &#8220;PAKO\u0160TANE &#8211; OP\u0106INA NA DODIRU JEZERA I MORA&#8221;. Znanstveni skup \u0107e se odr\u017eati <strong>15. i 16. studenog 2024. godine u Zadru i Pako\u0161tanima<\/strong>, a po njegovu okon\u010danju uslijedit \u0107e prire\u0111ivanje znanstvene monografije s radovima sudionika.<\/p>\n\n\n\n<p>Cilj znanstvenog skupa je sinteza razli\u010ditih znanja o posebnostima kulturnog i prirodnog krajobraza Op\u0107ine Pako\u0161tane, odnosno valorizacija svih relevantnih prirodoslovnih, dru\u0161tvenih, humanisti\u010dkih, ba\u0161tinskih i gospodarskih aspekata kao temeljnog preduvjeta za kvalitetno osmi\u0161ljavanje budu\u0107eg razvoja. Rok za prijavu sa\u017eetaka je <strong>31. svibnja 2024. godine<\/strong>.<\/p>\n\n\n\n<p>Poziv sa svim va\u017enijim informacijama nalazi se u privitku.<\/p>\n\n\n\n<div class=\"wp-block-file\"><a href=\"https:\/\/historiografija.hr\/wp-content\/uploads\/2024\/03\/Poziv_PAKO\u0160TANE.pdf\">Poziv_PAKO\u0160TANE<\/a><a href=\"https:\/\/historiografija.hr\/wp-content\/uploads\/2024\/03\/Poziv_PAKO\u0160TANE.pdf\" class=\"wp-block-file__button\" download>Preuzmi<\/a><\/div>\n\n\n\n<hr class=\"wp-block-separator\"\/>\n","protected":false},"excerpt":{"rendered":"","protected":false},"author":2,"featured_media":34160,"comment_status":"open","ping_status":"open","sticky":false,"template":"","format":"standard","meta":{"_acf_changed":false,"jetpack_post_was_ever_published":false,"_jetpack_newsletter_access":"","_jetpack_dont_email_post_to_subs":false,"_jetpack_newsletter_tier_id":0,"_jetpack_memberships_contains_paywalled_content":false,"_jetpack_memberships_contains_paid_content":false,"footnotes":"","jetpack_publicize_message":"","jetpack_publicize_feature_enabled":true,"jetpack_social_post_already_shared":true,"jetpack_social_options":{"image_generator_settings":{"template":"highway","default_image_id":0,"font":"","enabled":false},"version":2}},"categories":[3,9],"tags":[],"class_list":["post-39953","post","type-post","status-publish","format-standard","has-post-thumbnail","hentry","category-novosti","category-skupovi"],"acf":{"facebook_opis":""},"jetpack_publicize_connections":[],"jetpack_featured_media_url":"https:\/\/i0.wp.com\/historiografija.hr\/wp-content\/uploads\/2023\/01\/zd.jpg?fit=469%2C269&ssl=1","jetpack_sharing_enabled":true,"jetpack-related-posts":[],"_links":{"self":[{"href":"https:\/\/historiografija.hr\/index.php?rest_route=\/wp\/v2\/posts\/39953","targetHints":{"allow":["GET"]}}],"collection":[{"href":"https:\/\/historiografija.hr\/index.php?rest_route=\/wp\/v2\/posts"}],"about":[{"href":"https:\/\/historiografija.hr\/index.php?rest_route=\/wp\/v2\/types\/post"}],"author":[{"embeddable":true,"href":"https:\/\/historiografija.hr\/index.php?rest_route=\/wp\/v2\/users\/2"}],"replies":[{"embeddable":true,"href":"https:\/\/historiografija.hr\/index.php?rest_route=%2Fwp%2Fv2%2Fcomments&post=39953"}],"version-history":[{"count":4,"href":"https:\/\/historiografija.hr\/index.php?rest_route=\/wp\/v2\/posts\/39953\/revisions"}],"predecessor-version":[{"id":39958,"href":"https:\/\/historiografija.hr\/index.php?rest_route=\/wp\/v2\/posts\/39953\/revisions\/39958"}],"wp:featuredmedia":[{"embeddable":true,"href":"https:\/\/historiografija.hr\/index.php?rest_route=\/wp\/v2\/media\/34160"}],"wp:attachment":[{"href":"https:\/\/historiografija.hr\/index.php?rest_route=%2Fwp%2Fv2%2Fmedia&parent=39953"}],"wp:term":[{"taxonomy":"category","embeddable":true,"href":"https:\/\/historiografija.hr\/index.php?rest_route=%2Fwp%2Fv2%2Fcategories&post=39953"},{"taxonomy":"post_tag","embeddable":true,"href":"https:\/\/historiografija.hr\/index.php?rest_route=%2Fwp%2Fv2%2Ftags&post=39953"}],"curies":[{"name":"wp","href":"https:\/\/api.w.org\/{rel}","templated":true}]}}