{"id":39942,"date":"2024-03-06T21:07:48","date_gmt":"2024-03-06T21:07:48","guid":{"rendered":"http:\/\/historiografija.hr\/?p=39942"},"modified":"2024-03-06T21:07:48","modified_gmt":"2024-03-06T21:07:48","slug":"ljudmila-ulicka-kuga","status":"publish","type":"post","link":"https:\/\/historiografija.hr\/?p=39942","title":{"rendered":"Ljudmila Ulicka, \u201eKuga\u201c"},"content":{"rendered":"\n<p>&nbsp;&nbsp;&nbsp; Jezik izvornika: ruski<\/p>\n\n\n\n<p>&nbsp;&nbsp;&nbsp; Prijevod: Igor Buljan<\/p>\n\n\n\n<p>&nbsp;&nbsp;&nbsp; Broj stranica: 136<\/p>\n\n\n\n<p>&nbsp;&nbsp;&nbsp; Datum izdanja: sije\u010danj 2024.<\/p>\n\n\n\n<p>\u00a0\u00a0\u00a0 Naslov izvornika: \u041f\u0440\u043e\u0441\u0442\u043e \u0447\u0443\u043c\u0430<\/p>\n\n\n\n<hr class=\"wp-block-separator\"\/>\n\n\n\n<p>Hladna no\u0107 1939., dvije godine nakon vrhunca Staljinova terora. Me\u0111u putnicima koji vlakom iz provincije kre\u0107u prema Moskvi znanstvenik je Rudolf Ivanovi\u010d Majer, pozvan da podnese izvje\u0161\u0107e o istra\u017eivanju koje provodi na cjepivu plu\u0107ne kuge. Kad se uskoro otkrije da je Majer zara\u017een i da je u Moskvu nehotice donio virus, svi koje je na putovanju susreo moraju biti prona\u0111eni i stavljeni u karantenu. Zastra\u0161uju\u0107e u\u010dinkovito po\u010dinju se okretati kota\u010di\u0107i mo\u0107nog dr\u017eavnog aparata, a crni kombiji Staljinove tajne policije \u010de\u0161ljaju grad i odvode na desetke ljudi.<\/p>\n\n\n\n<p>Je li ono zbog \u010dega se u novom romanu slavne ruske autorice ljudi preko no\u0107i mijenjaju, sastaju i rastaju, \u017eive i umiru \u2013 epidemija, ili ne\u0161to jednako zarazno, ali <em>ipak<\/em> druga\u010dije? Jesu li upadi u stanove i \u017eivote nu\u017eni za suzbijanje potencijalnog \u0161irenja kuge ili su paradigma dr\u017eavnog nadzora i ugnjetavanja koji \u0107e postati rutina?<\/p>\n\n\n\n<p>Temeljena na stvarnim doga\u0111ajima, <em>Kuga<\/em> Ljudmile Ulicke napeta je, pronicava i nikad aktualnija proza koja postavlja pitanja o ravnote\u017ei izme\u0111u individualne slobode i represivne dr\u017eavne mo\u0107i tijekom pandemije, bez obzira na to je li uzro\u010dnik te po\u0161asti virus ili pak \u010dovjek.<\/p>\n\n\n\n<hr class=\"wp-block-separator\"\/>\n\n\n\n<p>Izvor:<\/p>\n\n\n\n<p><a href=\"https:\/\/fraktura.hr\/kuga.html\">https:\/\/fraktura.hr\/kuga.html<\/a><\/p>\n\n\n\n<hr class=\"wp-block-separator\"\/>\n","protected":false},"excerpt":{"rendered":"","protected":false},"author":2,"featured_media":39943,"comment_status":"open","ping_status":"open","sticky":false,"template":"","format":"standard","meta":{"_acf_changed":false,"jetpack_post_was_ever_published":false,"_jetpack_newsletter_access":"","_jetpack_dont_email_post_to_subs":false,"_jetpack_newsletter_tier_id":0,"_jetpack_memberships_contains_paywalled_content":false,"_jetpack_memberships_contains_paid_content":false,"footnotes":"","jetpack_publicize_message":"","jetpack_publicize_feature_enabled":true,"jetpack_social_post_already_shared":true,"jetpack_social_options":{"image_generator_settings":{"template":"highway","default_image_id":0,"font":"","enabled":false},"version":2}},"categories":[3,12],"tags":[],"class_list":["post-39942","post","type-post","status-publish","format-standard","has-post-thumbnail","hentry","category-novosti","category-knjizevnost"],"acf":{"facebook_opis":""},"jetpack_publicize_connections":[],"jetpack_featured_media_url":"https:\/\/i0.wp.com\/historiografija.hr\/wp-content\/uploads\/2024\/03\/kuga.jpg?fit=408%2C610&ssl=1","jetpack_sharing_enabled":true,"jetpack-related-posts":[],"_links":{"self":[{"href":"https:\/\/historiografija.hr\/index.php?rest_route=\/wp\/v2\/posts\/39942","targetHints":{"allow":["GET"]}}],"collection":[{"href":"https:\/\/historiografija.hr\/index.php?rest_route=\/wp\/v2\/posts"}],"about":[{"href":"https:\/\/historiografija.hr\/index.php?rest_route=\/wp\/v2\/types\/post"}],"author":[{"embeddable":true,"href":"https:\/\/historiografija.hr\/index.php?rest_route=\/wp\/v2\/users\/2"}],"replies":[{"embeddable":true,"href":"https:\/\/historiografija.hr\/index.php?rest_route=%2Fwp%2Fv2%2Fcomments&post=39942"}],"version-history":[{"count":1,"href":"https:\/\/historiografija.hr\/index.php?rest_route=\/wp\/v2\/posts\/39942\/revisions"}],"predecessor-version":[{"id":39944,"href":"https:\/\/historiografija.hr\/index.php?rest_route=\/wp\/v2\/posts\/39942\/revisions\/39944"}],"wp:featuredmedia":[{"embeddable":true,"href":"https:\/\/historiografija.hr\/index.php?rest_route=\/wp\/v2\/media\/39943"}],"wp:attachment":[{"href":"https:\/\/historiografija.hr\/index.php?rest_route=%2Fwp%2Fv2%2Fmedia&parent=39942"}],"wp:term":[{"taxonomy":"category","embeddable":true,"href":"https:\/\/historiografija.hr\/index.php?rest_route=%2Fwp%2Fv2%2Fcategories&post=39942"},{"taxonomy":"post_tag","embeddable":true,"href":"https:\/\/historiografija.hr\/index.php?rest_route=%2Fwp%2Fv2%2Ftags&post=39942"}],"curies":[{"name":"wp","href":"https:\/\/api.w.org\/{rel}","templated":true}]}}