{"id":39935,"date":"2024-03-05T23:00:46","date_gmt":"2024-03-05T23:00:46","guid":{"rendered":"http:\/\/historiografija.hr\/?p=39935"},"modified":"2025-07-01T12:23:28","modified_gmt":"2025-07-01T12:23:28","slug":"nikola-tomasegovic-moderno-ili-narodno-modernisticki-pokret-u-hrvatskoj-na-prijelomu-19-i-20-stoljeca","status":"publish","type":"post","link":"https:\/\/historiografija.hr\/?p=39935","title":{"rendered":"Nikola Toma\u0161egovi\u0107, \u201eModerno ili narodno? Modernisti\u010dki pokret u Hrvatskoj na prijelomu 19. i 20. stolje\u0107a\u201c"},"content":{"rendered":"\n<p>Krajem 19. stolje\u0107a dru\u0161tvene transformacije koje su obilje\u017eile europski modernitet \u2013 industrijalizacija, urbanizacija, formiranje radni\u010dke klase, omasovljenje politike i kulture, promjene u rodnim ulogama i odnosima itd. \u2013 po\u010dele su se manifestirati i na hrvatskim prostorima. Nije trebalo dugo \u010dekati da doma\u0107i intelektualci zapo\u010dnu problematizirati promjene koje su svakim danom postajale sve o\u010ditije. Pritom su nerijetko posezali za europskim uzorima, u duboki bazen ideja koji je ve\u0107 imao dugu tradiciju promi\u0161ljanja, polemika i sistematiziranih intelektualnih pozicija. Ta je plodna interakcija izme\u0111u prisvajanja europskih uzora i njihova prevo\u0111enja za uzlet, mo\u017eda prvi tog razmjera u modernoj hrvatskoj povijesti. (\u2026) Klju\u010dnu ulogu u toj proliferaciji ideja na prijelomu 19. i 20. stolje\u0107a odigrala je mlada generacija intelektualaca i aktivista, uglavnom studenata i srednjo\u0161kolaca, koji su okupljeni u razli\u010dite grupacije tvorili ono \u0161to retrospektivno mo\u017eemo nazvati modernisti\u010dkim pokretom.<\/p>\n\n\n\n<p>Upravo je tome posve\u0107ena ova knjiga \u2013 autor je istra\u017eio \u0161to je uop\u0107e bio modernisti\u010dki pokret u Hrvatskoj na prijelazu stolje\u0107a te \u0161to je u hrvatskom dru\u0161tvu zna\u010dio pojam modernoga.<\/p>\n\n\n\n<p><strong>Nikola Toma\u0161egovi\u0107<\/strong>, povjesni\u010dar, vi\u0161i asistent na Filozofskom fakultetu u Zagrebu. Istra\u017euje teme iz moderne hrvatske povijesti, intelektualne historije, studija nacija i nacionalizma te teorije i povijesti historiografije.<\/p>\n\n\n\n<hr class=\"wp-block-separator has-css-opacity\"\/>\n\n\n\n<p>Izvor:<\/p>\n\n\n\n<figure class=\"wp-block-embed-wordpress wp-block-embed is-type-wp-embed is-provider-srednja-europa\"><div class=\"wp-block-embed__wrapper\">\n<blockquote class=\"wp-embedded-content\" data-secret=\"6pvTRqPFfq\"><a href=\"https:\/\/srednja-europa.hr\/proizvod\/moderno-ili-narodno\/\">Moderno ili narodno?<\/a><\/blockquote><iframe loading=\"lazy\" class=\"wp-embedded-content\" sandbox=\"allow-scripts\" security=\"restricted\" style=\"position: absolute; clip: rect(1px, 1px, 1px, 1px);\" title=\"&#8220;Moderno ili narodno?&#8221; &#8212; Srednja Europa\" src=\"https:\/\/srednja-europa.hr\/proizvod\/moderno-ili-narodno\/embed\/#?secret=6pvTRqPFfq\" data-secret=\"6pvTRqPFfq\" width=\"600\" height=\"338\" frameborder=\"0\" marginwidth=\"0\" marginheight=\"0\" scrolling=\"no\"><\/iframe>\n<\/div><\/figure>\n\n\n\n<hr class=\"wp-block-separator has-css-opacity\"\/>\n\n\n\n<p>Obavijest je objavljena i na portalu <strong>Historiografija.ba<\/strong>:<\/p>\n\n\n\n<p><a href=\"https:\/\/historiografija.ba\/article.php?id=2372\">https:\/\/historiografija.ba\/article.php?id=2372<\/a><\/p>\n\n\n\n<hr class=\"wp-block-separator has-css-opacity\"\/>\n\n\n\n<p>Odjeci:<\/p>\n\n\n\n<p><a href=\"https:\/\/mvinfo.hr\/clanak\/nikola-tomasegovic-moderno-ili-narodno\">https:\/\/mvinfo.hr\/clanak\/nikola-tomasegovic-moderno-ili-narodno<\/a><\/p>\n\n\n\n<figure class=\"wp-block-embed is-type-wp-embed is-provider-povcast wp-block-embed-povcast\"><div class=\"wp-block-embed__wrapper\">\n<blockquote class=\"wp-embedded-content\" data-secret=\"RRQ3Ts0uUR\"><a href=\"https:\/\/povcast.ffzg.unizg.hr\/prikaz-i-intervju-nikola-tomasegovic-moderno-ili-narodno\/\">Prikaz i intervju &#8211; Nikola Toma\u0161egovi\u0107: Moderno ili narodno?<\/a><\/blockquote><iframe loading=\"lazy\" class=\"wp-embedded-content\" sandbox=\"allow-scripts\" security=\"restricted\" style=\"position: absolute; visibility: hidden;\" title=\"&#8220;Prikaz i intervju &#8211; Nikola Toma\u0161egovi\u0107: Moderno ili narodno?&#8221; &#8212; Povcast\" src=\"https:\/\/povcast.ffzg.unizg.hr\/prikaz-i-intervju-nikola-tomasegovic-moderno-ili-narodno\/embed\/#?secret=LcacEHCVt0#?secret=RRQ3Ts0uUR\" data-secret=\"RRQ3Ts0uUR\" width=\"600\" height=\"338\" frameborder=\"0\" marginwidth=\"0\" marginheight=\"0\" scrolling=\"no\"><\/iframe>\n<\/div><\/figure>\n\n\n\n<p><a href=\"https:\/\/hrcak.srce.hr\/clanak\/477608\">https:\/\/hrcak.srce.hr\/clanak\/477608<\/a><\/p>\n\n\n\n<p><a href=\"https:\/\/hrcak.srce.hr\/332686\">https:\/\/hrcak.srce.hr\/332686<\/a><\/p>\n\n\n\n<hr class=\"wp-block-separator has-css-opacity\"\/>\n\n\n\n<p><\/p>\n","protected":false},"excerpt":{"rendered":"","protected":false},"author":2,"featured_media":39936,"comment_status":"open","ping_status":"open","sticky":false,"template":"","format":"standard","meta":{"_acf_changed":false,"jetpack_post_was_ever_published":false,"_jetpack_newsletter_access":"","_jetpack_dont_email_post_to_subs":false,"_jetpack_newsletter_tier_id":0,"_jetpack_memberships_contains_paywalled_content":false,"_jetpack_memberships_contains_paid_content":false,"footnotes":"","jetpack_publicize_message":"","jetpack_publicize_feature_enabled":true,"jetpack_social_post_already_shared":true,"jetpack_social_options":{"image_generator_settings":{"template":"highway","default_image_id":0,"font":"","enabled":false},"version":2}},"categories":[8,3],"tags":[],"class_list":["post-39935","post","type-post","status-publish","format-standard","has-post-thumbnail","hentry","category-knjige","category-novosti"],"acf":{"facebook_opis":""},"jetpack_publicize_connections":[],"jetpack_featured_media_url":"https:\/\/i0.wp.com\/historiografija.hr\/wp-content\/uploads\/2024\/03\/Moderno-ili-narodno.jpg?fit=592%2C846&ssl=1","jetpack_sharing_enabled":true,"jetpack-related-posts":[],"_links":{"self":[{"href":"https:\/\/historiografija.hr\/index.php?rest_route=\/wp\/v2\/posts\/39935","targetHints":{"allow":["GET"]}}],"collection":[{"href":"https:\/\/historiografija.hr\/index.php?rest_route=\/wp\/v2\/posts"}],"about":[{"href":"https:\/\/historiografija.hr\/index.php?rest_route=\/wp\/v2\/types\/post"}],"author":[{"embeddable":true,"href":"https:\/\/historiografija.hr\/index.php?rest_route=\/wp\/v2\/users\/2"}],"replies":[{"embeddable":true,"href":"https:\/\/historiografija.hr\/index.php?rest_route=%2Fwp%2Fv2%2Fcomments&post=39935"}],"version-history":[{"count":4,"href":"https:\/\/historiografija.hr\/index.php?rest_route=\/wp\/v2\/posts\/39935\/revisions"}],"predecessor-version":[{"id":47160,"href":"https:\/\/historiografija.hr\/index.php?rest_route=\/wp\/v2\/posts\/39935\/revisions\/47160"}],"wp:featuredmedia":[{"embeddable":true,"href":"https:\/\/historiografija.hr\/index.php?rest_route=\/wp\/v2\/media\/39936"}],"wp:attachment":[{"href":"https:\/\/historiografija.hr\/index.php?rest_route=%2Fwp%2Fv2%2Fmedia&parent=39935"}],"wp:term":[{"taxonomy":"category","embeddable":true,"href":"https:\/\/historiografija.hr\/index.php?rest_route=%2Fwp%2Fv2%2Fcategories&post=39935"},{"taxonomy":"post_tag","embeddable":true,"href":"https:\/\/historiografija.hr\/index.php?rest_route=%2Fwp%2Fv2%2Ftags&post=39935"}],"curies":[{"name":"wp","href":"https:\/\/api.w.org\/{rel}","templated":true}]}}