{"id":39913,"date":"2024-03-04T21:41:32","date_gmt":"2024-03-04T21:41:32","guid":{"rendered":"http:\/\/historiografija.hr\/?p=39913"},"modified":"2024-03-04T21:42:27","modified_gmt":"2024-03-04T21:42:27","slug":"filmska-projekcija-i-predavanje-akademika-matea-zagara-i-marije-vukovic-siriscevic-rasuta-glagoljska-bastina-hrvojev-misal-od-ideje-do-produkcije","status":"publish","type":"post","link":"https:\/\/historiografija.hr\/?p=39913","title":{"rendered":"Filmska projekcija i predavanje akademika Matea \u017dagara i Marije Vukovi\u0107 Siri\u0161\u010devi\u0107 &#8220;RASUTA GLAGOLJSKA BA\u0160TINA \u2013 HRVOJEV MISAL \/ OD IDEJE DO PRODUKCIJE&#8221;"},"content":{"rendered":"\n<p>Utorak, 5. o\u017eujka 2024. u 18:00 sati, Dvorana Jure Petri\u010devi\u0107a, Ulica Matice hrvatske 2, Strossmayerov trg 4, Zagreb<\/p>\n\n\n\n<hr class=\"wp-block-separator\"\/>\n\n\n\n<p>Nakon projekcije filma u produkciji Hrvatske televizije suautori emisije Marija Vukovi\u0107 Siri\u0161\u010devi\u0107 i Mateo \u017dagar predstavit \u0107e ideju o snimanju serijala o hrvatskoj glagoljskoj ba\u0161tini rasutoj danas po svjetskim bibliotekama. Prva u nizu predvi\u0111enih epizoda bila je posve\u0107ena<em>\u00a0Hrvojevu misalu<\/em>, rukopisu s po\u010detka 15. stolje\u0107a, koji se danas \u010duva u knji\u017enici Topkapi saraya u Istanbulu. Predo\u010dit \u0107e koncepciju emisije, uskla\u0111ivanje scenarija sa suvremenim znanstvenim spoznajama, kako o samome Misalu, tako i o glagolja\u0161tvu uop\u0107e; istaknut \u0107e dvojbe, probleme u realizaciji, neispunjene namjere. Osobito \u0107e naglasiti \u0161irok prostor koji je povezan i s nastankom Misala, s njegovom uporabom\u00a0i naposljetku s \u010duvanjem.<\/p>\n\n\n\n<hr class=\"wp-block-separator\"\/>\n\n\n\n<p>Zoom poveznica za predavanje:<\/p>\n\n\n\n<p><a href=\"https:\/\/us06web.zoom.us\/j\/89242474614?pwd=hubCCSAW8hMpAL0Ro92S3ICTKvlGq2.1\">https:\/\/us06web.zoom.us\/j\/89242474614?pwd=hubCCSAW8hMpAL0Ro92S3ICTKvlGq2.1<\/a><\/p>\n\n\n\n<p>Zaporka: 456783<\/p>\n\n\n\n<hr class=\"wp-block-separator\"\/>\n\n\n\n<p>Izvor:<\/p>\n\n\n\n<p><a href=\"https:\/\/www.matica.hr\/zbivanja\/filmska-projekcija-i-predavanje-akademika-matea-zagara-i-marije-vukovic-siriscevic-rasuta-glagoljska-bastina-hrvojev-misal-od-ideje-do-produkcije-4192\/\">https:\/\/www.matica.hr\/zbivanja\/filmska-projekcija-i-predavanje-akademika-matea-zagara-i-marije-vukovic-siriscevic-rasuta-glagoljska-bastina-hrvojev-misal-od-ideje-do-produkcije-4192\/<\/a><\/p>\n\n\n\n<hr class=\"wp-block-separator\"\/>\n","protected":false},"excerpt":{"rendered":"","protected":false},"author":2,"featured_media":10302,"comment_status":"open","ping_status":"open","sticky":false,"template":"","format":"standard","meta":{"_acf_changed":false,"jetpack_post_was_ever_published":false,"_jetpack_newsletter_access":"","_jetpack_dont_email_post_to_subs":false,"_jetpack_newsletter_tier_id":0,"_jetpack_memberships_contains_paywalled_content":false,"_jetpack_memberships_contains_paid_content":false,"footnotes":"","jetpack_publicize_message":"","jetpack_publicize_feature_enabled":true,"jetpack_social_post_already_shared":true,"jetpack_social_options":{"image_generator_settings":{"template":"highway","default_image_id":0,"font":"","enabled":false},"version":2}},"categories":[13,3],"tags":[],"class_list":["post-39913","post","type-post","status-publish","format-standard","has-post-thumbnail","hentry","category-filmovi-i-serije","category-novosti"],"acf":{"facebook_opis":""},"jetpack_publicize_connections":[],"jetpack_featured_media_url":"https:\/\/i0.wp.com\/historiografija.hr\/wp-content\/uploads\/2018\/06\/Matica_hrvatska_logo.jpg?fit=1200%2C485&ssl=1","jetpack_sharing_enabled":true,"jetpack-related-posts":[],"_links":{"self":[{"href":"https:\/\/historiografija.hr\/index.php?rest_route=\/wp\/v2\/posts\/39913","targetHints":{"allow":["GET"]}}],"collection":[{"href":"https:\/\/historiografija.hr\/index.php?rest_route=\/wp\/v2\/posts"}],"about":[{"href":"https:\/\/historiografija.hr\/index.php?rest_route=\/wp\/v2\/types\/post"}],"author":[{"embeddable":true,"href":"https:\/\/historiografija.hr\/index.php?rest_route=\/wp\/v2\/users\/2"}],"replies":[{"embeddable":true,"href":"https:\/\/historiografija.hr\/index.php?rest_route=%2Fwp%2Fv2%2Fcomments&post=39913"}],"version-history":[{"count":2,"href":"https:\/\/historiografija.hr\/index.php?rest_route=\/wp\/v2\/posts\/39913\/revisions"}],"predecessor-version":[{"id":39915,"href":"https:\/\/historiografija.hr\/index.php?rest_route=\/wp\/v2\/posts\/39913\/revisions\/39915"}],"wp:featuredmedia":[{"embeddable":true,"href":"https:\/\/historiografija.hr\/index.php?rest_route=\/wp\/v2\/media\/10302"}],"wp:attachment":[{"href":"https:\/\/historiografija.hr\/index.php?rest_route=%2Fwp%2Fv2%2Fmedia&parent=39913"}],"wp:term":[{"taxonomy":"category","embeddable":true,"href":"https:\/\/historiografija.hr\/index.php?rest_route=%2Fwp%2Fv2%2Fcategories&post=39913"},{"taxonomy":"post_tag","embeddable":true,"href":"https:\/\/historiografija.hr\/index.php?rest_route=%2Fwp%2Fv2%2Ftags&post=39913"}],"curies":[{"name":"wp","href":"https:\/\/api.w.org\/{rel}","templated":true}]}}