{"id":39892,"date":"2024-02-29T23:23:33","date_gmt":"2024-02-29T23:23:33","guid":{"rendered":"http:\/\/historiografija.hr\/?p=39892"},"modified":"2024-02-29T23:23:33","modified_gmt":"2024-02-29T23:23:33","slug":"dejan-jovic-uvod-u-jugoslaviju-2","status":"publish","type":"post","link":"https:\/\/historiografija.hr\/?p=39892","title":{"rendered":"Dejan Jovi\u0107, \u201eUvod u Jugoslaviju\u201c"},"content":{"rendered":"\n<p>Nakon izdanja izdava\u010dke ku\u0107e Fraktura iz Zapre\u0161i\u0107a 2023. godine, izdanje knjige Dejana Jovi\u0107a \u201eUvod u Jugoslaviju\u201c objavila je 2024. godine i izdava\u010dka ku\u0107a Akademska knjiga iz Novog Sada.<\/p>\n\n\n\n<hr class=\"wp-block-separator\"\/>\n\n\n\n<p>Malo koji doga\u0111aj u povesti je do\u017eiveo tako raznolika, protivre\u010dna i suprotstavljena tuma\u010denja kao raspad Jugoslavije. Potpuno odsustvo konsenzusa, nau\u010dnog, publicisti\u010dkog, \u017eurnalisti\u010dkog i kolokvijalnog, svakodnevnog, jednako prevladava i kada je re\u010d o samoj jugoslovenskoj dr\u017eavi u odnosu na koje se grade novi nacionalni identiteti dr\u017eava naslednica. Knjiga Dejana Jovi\u0107a <em>Uvod u Jugoslaviju<\/em> u tu polemiku, u tu kakofoniju narativa, u tu nepotrebnu strast, u taj (zapravo) politi\u010dki sukob unosi smirenost Argumenta. Utoliko je Jovi\u0107ev <em>Uvod u Jugoslaviju<\/em> svojevrsni reset dosada\u0161njih interpretacija, nadajmo se i reset percepcija jednog va\u017enog poglavlja povesti (post) jugoslovenskih naroda. Ova knjiga, pisana pre svega za nove generacije, ro\u0111ene nakon raspada Jugoslavije, obja\u0161njava \u0161ta je bila i \u0161ta je htela biti Jugoslavija \u2013 u \u010demu je uspela a u \u010demu nije. Ona nudi uverljiv odgovor i na pitanje \u2013 za\u0161to se dogodio njen raspad, odnosno nestanak. Time otvara prostor za nova istra\u017eivanja, temeljena na arhivskom gradivu kao i na \u010dvrstoj i uverljivoj metodologiji nau\u010dnog istra\u017eivanja.<\/p>\n\n\n\n<hr class=\"wp-block-separator\"\/>\n\n\n\n<p><strong>Dejan Jovi\u0107<\/strong> profesor je politologije na Fakultetu politi\u010dkih znanosti u Zagrebu i naslovni profesor Fakulteta politi\u010dkih nauka u Beogradu. Od 2013. do 2021. bio je glavni i odgovorni urednik \u010dasopisa <em>Politi\u010dka<\/em> <em>misao<\/em>, a od osnivanja 2018. glavni je urednik <em>Tragova, <\/em>\u010dasopisa za srpske i hrvatske teme. Ro\u0111en je 1968. u Samoboru. Diplomirao je u Zagrebu, magistrirao u Ljubljani i Manchesteru, a doktorirao u Londonu na London School of Economics and Political Science 1999. Potom je bio stipendist Jean Monnet Fellow u Europskom sveu\u010dili\u0161nom institute u Firenci (2000). Od 2000. do 2010. radio je na Sveu\u010dili\u0161tu Stirling u \u0160kotskoj, gdje je predavao politologiju i bio osniva\u010d i direktor Centra za istra\u017eivanje europskog susjedstva. Od 2009. je profesor na Fakultetu politi\u010dkih znanosti u Zagrebu, najprije izvanredni (od 2009) pa redovni (od 2014), a od 2020. i redovni u trajnom izboru. Od 2019. je znanstveni savjetnik u trajnom izboru iz podru\u010dja politologije. Bio je glavni analiti\u010dar u Uredu predsjednika Republike od 2010. do 2014. Autor je knjiga <em>Jugoslavija: dr\u017eava koja je odumrla <\/em>(Prometej, Zagreb, 2003; Samizdat\/ Fabrika knjiga, Beograd, 2003; Purdue University Press, Lafayette, 2009) te <em>Rat i mit: politika identiteta u suvremenoj Hrvatskoj <\/em>(Fraktura, Zapre\u0161i\u0107, 2017. i 2018). Uredio je i priredio pet zbornika iz podru\u010dja politologije. Bio je voditelj Odsjeka za me\u0111unarodnu politiku na zagreba\u010dkom Fakultetu politi\u010dkih znanosti (2012\u20132016) i predsjednik Upravnog vije\u0107a Instituta za razvoj i me\u0111unarodne odnose u Zagrebu. Jedan je od urednika serije knjiga o jugoisto\u010dnoj Europi pri Central European University Pressu. Redovni je \u010dlan Europske akademije znanosti i umjetnosti te Internacionalne akademije nauka i umjetnosti Bosne i Hercegovine. Predsjednik je Savjeta Srpskog narodnog vije\u0107a i predsjednik Upravnog odbora Foruma za vanjsku politiku.<\/p>\n\n\n\n<hr class=\"wp-block-separator\"\/>\n\n\n\n<p>Godina izdanja: 2024<\/p>\n\n\n\n<p>Pismo: latinica<\/p>\n\n\n\n<p>Broj stranica: 491<\/p>\n\n\n\n<hr class=\"wp-block-separator\"\/>\n\n\n\n<p>Pro\u010ditaj odlomak:<\/p>\n\n\n\n<p><a href=\"https:\/\/akademskaknjiga.com\/katalog\/uvod-u-jugoslaviju\">https:\/\/akademskaknjiga.com\/katalog\/uvod-u-jugoslaviju<\/a><\/p>\n\n\n\n<hr class=\"wp-block-separator\"\/>\n","protected":false},"excerpt":{"rendered":"","protected":false},"author":2,"featured_media":39893,"comment_status":"open","ping_status":"open","sticky":false,"template":"","format":"standard","meta":{"_acf_changed":false,"jetpack_post_was_ever_published":false,"_jetpack_newsletter_access":"","_jetpack_dont_email_post_to_subs":false,"_jetpack_newsletter_tier_id":0,"_jetpack_memberships_contains_paywalled_content":false,"_jetpack_memberships_contains_paid_content":false,"footnotes":"","jetpack_publicize_message":"","jetpack_publicize_feature_enabled":true,"jetpack_social_post_already_shared":true,"jetpack_social_options":{"image_generator_settings":{"template":"highway","default_image_id":0,"font":"","enabled":false},"version":2}},"categories":[8,3],"tags":[],"class_list":["post-39892","post","type-post","status-publish","format-standard","has-post-thumbnail","hentry","category-knjige","category-novosti"],"acf":{"facebook_opis":""},"jetpack_publicize_connections":[],"jetpack_featured_media_url":"https:\/\/i0.wp.com\/historiografija.hr\/wp-content\/uploads\/2024\/02\/Uvod-u-Jugoslaviju.png?fit=600%2C900&ssl=1","jetpack_sharing_enabled":true,"jetpack-related-posts":[],"_links":{"self":[{"href":"https:\/\/historiografija.hr\/index.php?rest_route=\/wp\/v2\/posts\/39892","targetHints":{"allow":["GET"]}}],"collection":[{"href":"https:\/\/historiografija.hr\/index.php?rest_route=\/wp\/v2\/posts"}],"about":[{"href":"https:\/\/historiografija.hr\/index.php?rest_route=\/wp\/v2\/types\/post"}],"author":[{"embeddable":true,"href":"https:\/\/historiografija.hr\/index.php?rest_route=\/wp\/v2\/users\/2"}],"replies":[{"embeddable":true,"href":"https:\/\/historiografija.hr\/index.php?rest_route=%2Fwp%2Fv2%2Fcomments&post=39892"}],"version-history":[{"count":1,"href":"https:\/\/historiografija.hr\/index.php?rest_route=\/wp\/v2\/posts\/39892\/revisions"}],"predecessor-version":[{"id":39894,"href":"https:\/\/historiografija.hr\/index.php?rest_route=\/wp\/v2\/posts\/39892\/revisions\/39894"}],"wp:featuredmedia":[{"embeddable":true,"href":"https:\/\/historiografija.hr\/index.php?rest_route=\/wp\/v2\/media\/39893"}],"wp:attachment":[{"href":"https:\/\/historiografija.hr\/index.php?rest_route=%2Fwp%2Fv2%2Fmedia&parent=39892"}],"wp:term":[{"taxonomy":"category","embeddable":true,"href":"https:\/\/historiografija.hr\/index.php?rest_route=%2Fwp%2Fv2%2Fcategories&post=39892"},{"taxonomy":"post_tag","embeddable":true,"href":"https:\/\/historiografija.hr\/index.php?rest_route=%2Fwp%2Fv2%2Ftags&post=39892"}],"curies":[{"name":"wp","href":"https:\/\/api.w.org\/{rel}","templated":true}]}}