{"id":39889,"date":"2024-02-29T22:56:52","date_gmt":"2024-02-29T22:56:52","guid":{"rendered":"http:\/\/historiografija.hr\/?p=39889"},"modified":"2024-02-29T22:56:52","modified_gmt":"2024-02-29T22:56:52","slug":"anti-fascism-in-european-history-from-the-1920s-to-today","status":"publish","type":"post","link":"https:\/\/historiografija.hr\/?p=39889","title":{"rendered":"Anti-Fascism in European History: From the 1920s to Today"},"content":{"rendered":"\n<p>Edited by Jo\u017ee Pirjevec, Egon Pelikan, Sabrina P. Ramet<\/p>\n\n\n\n<hr class=\"wp-block-separator\"\/>\n\n\n\n<p>The increasing radicalization of political life in most countries in Europe lends special relevance to studies of the antifascist legacies on the continent. This insightful collection of essays is an in-depth review of antifascism in Slovenia, setting it in the context of related movements elsewhere in Europe. The period treated by the 19 essays comprises the interwar period, World War Two, and the post-war decades. The comparative and transnational perspectives advanced by the volume change our understanding of antifascism.<\/p>\n\n\n\n<p>The essays deal with the right-wing but also left-wing instrumentalization of antifascism, with a particular focus on the communist and post-communist periods. The authors point out that antifascism comes in various strains, whether inspired by liberalism, social democracy, communism, monarchism, anarchism, or even Christian conservatism. The contributors bring to light several overlooked antifascist actors, campaigns, and organisations, mostly in Slovenia and the Adriatic area.<\/p>\n\n\n\n<hr class=\"wp-block-separator\"\/>\n\n\n\n<p><strong>Table of contents<\/strong><\/p>\n\n\n\n<p><em>Preface<\/em><\/p>\n\n\n\n<p>Introduction: What is Anti-Fascism? Its Values, its Strengths, its Diversities \u2013 <em>Jo\u017ee Pirjevec, Egon Pelikan,<\/em> <em>and<\/em> <em>Sabrina P. Ramet&nbsp;<\/em>&nbsp;<\/p>\n\n\n\n<p>PART ONE \u2013 ANTI-FASCISM IN FASCIST ITALY\u2019S BORDERLANDS<\/p>\n\n\n\n<p>Chapter 1:&nbsp; Hate Speech \u2013 <em>Jo\u017ee Pirjevec&nbsp;<\/em><\/p>\n\n\n\n<p>Chapter 2:&nbsp; Comparison of Fascist and national defense discourse \u2013<em>Vesna Mikoli\u010d<\/em><\/p>\n\n\n\n<p>Chapter 3:&nbsp; Fascism, Anti-fascism, and Ethnic Engineering in the Former Austrian Littoral \u2013 <em>Borut Klabjan<\/em><\/p>\n\n\n\n<p>Chapter 4:&nbsp; Persevering on the Ramparts of the Nation:&nbsp; The Anti-fascism of Educated Women, Feminists, and Activists in the Littoral in the 1920s \u2013 <em>Marta Verginella&nbsp;<\/em><\/p>\n\n\n\n<p>Chapter 5:&nbsp; The anti-fascism of the Slovenian and Croatian Clergy in the Julian March during the Interwar Period \u2013 A View from the Vatican \u2013 <em>Egon Pelikan&nbsp;<\/em><\/p>\n\n\n\n<p>PART TWO \u2013 THE DIVERSITY OF ANTI-FASCISM<\/p>\n\n\n\n<p>Chapter 6:&nbsp; The Anti-fascism of Hans &amp; Sophie Scholl:&nbsp; Intellectual Sources of the White Rose \u2013 <em>Sabrina P. Ramet and Christine M. Hassenstab<\/em><\/p>\n\n\n\n<p>Chapter 7:&nbsp; The Committee against Neofascism and Racial Prejudices:&nbsp; Nordic Anti-Fascist Organizing and International Solidarity in the 1960s \u2013 <em>Pontus J\u00e4rvstad&nbsp;<\/em><\/p>\n\n\n\n<p>Chapter 8:&nbsp; Anti-fascism in the land of holy water blessed by the swastika:&nbsp; The case of the Slovak State &#8212; <em>Marek Syrn\u00fd and Anton Hrubo\u0148&nbsp;<\/em><\/p>\n\n\n\n<p>Chapter 9:&nbsp; Mussolini, Vilfan and the Slovenian minority \u2013 <em>Gianfranco Cresciani&nbsp;<\/em><\/p>\n\n\n\n<p>Chapter 10:&nbsp; From the Bauhaus to Buchenwald and to Berlin:&nbsp; Anti-fascism and Career in the Life of Franz Ehrlich \u2013 <em>Klaus Tragbar<\/em><\/p>\n\n\n\n<p>PART THREE \u2013 ANTI-FASCISM AS A LEGITIMATING IDEOLOGY<\/p>\n\n\n\n<p>Chapter 11:&nbsp; Passing the Torch:&nbsp; The Challenges of Anti-fascist Memory Transmission through Youth Ritual and Commemoration in the GDR \u2013 <em>Catherine J. Plum<\/em><\/p>\n\n\n\n<p>Chapter 12:&nbsp; Memory Practices in Slovenia through the Lens of Public Opinion \u2013 <em>Vida Ro\u017eac Darovec&nbsp;<\/em><\/p>\n\n\n\n<p>Chapter 13:&nbsp; A Note about the Collective Memory of Anti-Fascism since World War Two and its Revision \u2013 <em>Bo\u017eo Repe&nbsp;<\/em><\/p>\n\n\n\n<p>Chapter 14:&nbsp; A Dire Warning to All Ethnic Minorities in Europe?&nbsp; Fascist Repression in South Tyrol and the Formation of Swedish-Speaking Anti-fascism in Finland \u2013 <em>Kasper Brask\u00e9n&nbsp;<\/em><\/p>\n\n\n\n<p>Chapter 15: &nbsp;Maritime Communists Against Fascism and in Defense of the USSR:&nbsp; Transnational Anti-fascism in a Danish Perspective, 1933-1938 \u2013 <em>Jesper J\u00f8rgensen&nbsp;<\/em><\/p>\n\n\n\n<p>Afterword:&nbsp; \u201cAre you a communist?&nbsp; No, I am an anti-fascist\u201d \u2013&nbsp; <em>Nigel Copsey&nbsp;<\/em><\/p>\n\n\n\n<p>About the authors<br>For further reading<br>Index of Names<\/p>\n\n\n\n<hr class=\"wp-block-separator\"\/>\n\n\n\n<p><strong>Reviews<\/strong><\/p>\n\n\n\n<p><strong>Cathie Carmichael, University of East Anglia<\/strong><\/p>\n\n\n\n<p>\u201cTimely and original, this edited volume brings together a combination of thoughtful and well-crafted articles. Many of the case studies and micro-histories of Italy, Slovenia, Germany, Denmark, Slovakia, and Finland cast new light on anti-fascism\u2019s important role. This volume is essential reading for all scholars who care about the past and the future of Central Europe.\u201d<\/p>\n\n\n\n<p><strong>Roger Griffin, Oxford Brookes University<\/strong><\/p>\n\n\n\n<p>\u201cAt a time when \u2018fascism\u2019 and \u2018anti-fascism\u2019 have too often been flung around like weapons in a children\u2019s wet sponge fighting using filthy water, this extraordinarily comprehensive book is a welcome addition to the small number of reliable sources about the modern fight against the extreme right available to serious academics and political journalists. With an unusual degree of conceptual sophistication in the way it addresses the rich theme of anti-fascism, it not only offers a uniquely wide coverage of its many interwar manifestations, but also takes a hard look at its complex post-war evolutions and permutations. Nor does it neglect the special place in the struggle against fascism occupied by women and communists in the defense of their own causes. Anti-Fascism in European History sets a new benchmark for genuinely comparative and collaborative politico-historical studies purged of any trace of spurious distinctions between the center and the periphery, or the political, the social and the historical.\u201d<\/p>\n\n\n\n<hr class=\"wp-block-separator\"\/>\n\n\n\n<p>Publication date: 2023<\/p>\n\n\n\n<p>300 pages<\/p>\n\n\n\n<p>Access: Open Access<\/p>\n\n\n\n<p>Download free ebook: <a href=\"https:\/\/ceupress.com\/book\/anti-fascism-european-history\">https:\/\/ceupress.com\/book\/anti-fascism-european-history<\/a><\/p>\n\n\n\n<hr class=\"wp-block-separator\"\/>\n","protected":false},"excerpt":{"rendered":"","protected":false},"author":2,"featured_media":39890,"comment_status":"open","ping_status":"open","sticky":false,"template":"","format":"standard","meta":{"_acf_changed":false,"jetpack_post_was_ever_published":false,"_jetpack_newsletter_access":"","_jetpack_dont_email_post_to_subs":false,"_jetpack_newsletter_tier_id":0,"_jetpack_memberships_contains_paywalled_content":false,"_jetpack_memberships_contains_paid_content":false,"footnotes":"","jetpack_publicize_message":"","jetpack_publicize_feature_enabled":true,"jetpack_social_post_already_shared":true,"jetpack_social_options":{"image_generator_settings":{"template":"highway","default_image_id":0,"font":"","enabled":false},"version":2}},"categories":[19,8,3],"tags":[],"class_list":["post-39889","post","type-post","status-publish","format-standard","has-post-thumbnail","hentry","category-e-knjige","category-knjige","category-novosti"],"acf":{"facebook_opis":""},"jetpack_publicize_connections":[],"jetpack_featured_media_url":"https:\/\/i0.wp.com\/historiografija.hr\/wp-content\/uploads\/2024\/02\/Anti-Fascism.jpg?fit=960%2C1412&ssl=1","jetpack_sharing_enabled":true,"jetpack-related-posts":[{"id":52616,"url":"https:\/\/historiografija.hr\/?p=52616","url_meta":{"origin":39889,"position":0},"title":"No\u0107 knjige 2026.","author":"Branimir Jankovi\u0107","date":"22. travnja 2026.","format":false,"excerpt":"Slavljeni\u010dka 15. No\u0107 knjige odr\u017eat \u0107e se 23. travnja diljem Hrvatske u povodu Svjetskog dana knjige i autorskih prava te Dana hrvatske knjige. S vi\u0161e od 1.000 prijavljenih programa i akcija s pravom nosi epitet najmasovnije doma\u0107e kulturne manifestacije, a ove \u0107e godine prote\u0107i u znaku mira, razumijevanja, tolerancije, srodnosti\u2026","rel":"","context":"U &quot;Novosti&quot;","block_context":{"text":"Novosti","link":"https:\/\/historiografija.hr\/?cat=3"},"img":{"alt_text":"","src":"https:\/\/i0.wp.com\/historiografija.hr\/wp-content\/uploads\/2026\/04\/noc_knjige_2026.jpg?fit=680%2C276&ssl=1&resize=350%2C200","width":350,"height":200,"srcset":"https:\/\/i0.wp.com\/historiografija.hr\/wp-content\/uploads\/2026\/04\/noc_knjige_2026.jpg?fit=680%2C276&ssl=1&resize=350%2C200 1x, https:\/\/i0.wp.com\/historiografija.hr\/wp-content\/uploads\/2026\/04\/noc_knjige_2026.jpg?fit=680%2C276&ssl=1&resize=525%2C300 1.5x"},"classes":[]},{"id":52603,"url":"https:\/\/historiografija.hr\/?p=52603","url_meta":{"origin":39889,"position":1},"title":"No\u0107 knjige: Carska i kraljevska kuhinja","author":"Branimir Jankovi\u0107","date":"22. travnja 2026.","format":false,"excerpt":"Pozivamo vas da nam se pridru\u017eite 23. travnja 2026. u 18 sati u obilje\u017eavanju No\u0107i knjige u Pivnici Bobi&Rudi na Trgu Ivana Me\u0161trovi\u0107a u Zapru\u0111u u Zagrebu gdje uz kavu \u010ditamo recepte iz zemalja Austro-Ugarske Monarhije iz knjige Carska i kraljevska kuhinja, autora Roberta Mak\u0142owicza, u prijevodu Damira Agi\u010di\u0107a. Izvor:\u2026","rel":"","context":"U &quot;Novosti&quot;","block_context":{"text":"Novosti","link":"https:\/\/historiografija.hr\/?cat=3"},"img":{"alt_text":"","src":"https:\/\/i0.wp.com\/historiografija.hr\/wp-content\/uploads\/2026\/04\/Noc-knjige-Carska-i-kraljevska.jpg?fit=1200%2C1200&ssl=1&resize=350%2C200","width":350,"height":200,"srcset":"https:\/\/i0.wp.com\/historiografija.hr\/wp-content\/uploads\/2026\/04\/Noc-knjige-Carska-i-kraljevska.jpg?fit=1200%2C1200&ssl=1&resize=350%2C200 1x, https:\/\/i0.wp.com\/historiografija.hr\/wp-content\/uploads\/2026\/04\/Noc-knjige-Carska-i-kraljevska.jpg?fit=1200%2C1200&ssl=1&resize=525%2C300 1.5x, https:\/\/i0.wp.com\/historiografija.hr\/wp-content\/uploads\/2026\/04\/Noc-knjige-Carska-i-kraljevska.jpg?fit=1200%2C1200&ssl=1&resize=700%2C400 2x, https:\/\/i0.wp.com\/historiografija.hr\/wp-content\/uploads\/2026\/04\/Noc-knjige-Carska-i-kraljevska.jpg?fit=1200%2C1200&ssl=1&resize=1050%2C600 3x"},"classes":[]},{"id":52651,"url":"https:\/\/historiografija.hr\/?p=52651","url_meta":{"origin":39889,"position":2},"title":"Promocija knjige Emira O. Filipovi\u0107a \u201cVite\u0161tvo u srednjovjekovnoj Bosni\u201d u Sarajevu","author":"Branimir Jankovi\u0107","date":"24. travnja 2026.","format":false,"excerpt":"Knji\u017eevni korner poziva na promociju knjige Emira O. Filipovi\u0107a \u201cVite\u0161tvo u srednjovjekovnoj Bosni\u201d koja \u0107e se odr\u017eati u srijedu, 29. aprila 2026. u 18 sati u Evropskoj ku\u0107i kulture i nacionalnih manjina (Austrijska ku\u0107a) u Sarajevu. Na promociji \u0107e govoriti Mirsad Sijari\u0107, Ema Mazrak i autor, a moderirat \u0107e Nikola\u2026","rel":"","context":"U &quot;Novosti&quot;","block_context":{"text":"Novosti","link":"https:\/\/historiografija.hr\/?cat=3"},"img":{"alt_text":"","src":"https:\/\/i0.wp.com\/historiografija.hr\/wp-content\/uploads\/2026\/04\/Vitestvo.jpg?fit=1080%2C565&ssl=1&resize=350%2C200","width":350,"height":200,"srcset":"https:\/\/i0.wp.com\/historiografija.hr\/wp-content\/uploads\/2026\/04\/Vitestvo.jpg?fit=1080%2C565&ssl=1&resize=350%2C200 1x, https:\/\/i0.wp.com\/historiografija.hr\/wp-content\/uploads\/2026\/04\/Vitestvo.jpg?fit=1080%2C565&ssl=1&resize=525%2C300 1.5x, https:\/\/i0.wp.com\/historiografija.hr\/wp-content\/uploads\/2026\/04\/Vitestvo.jpg?fit=1080%2C565&ssl=1&resize=700%2C400 2x, https:\/\/i0.wp.com\/historiografija.hr\/wp-content\/uploads\/2026\/04\/Vitestvo.jpg?fit=1080%2C565&ssl=1&resize=1050%2C600 3x"},"classes":[]},{"id":52613,"url":"https:\/\/historiografija.hr\/?p=52613","url_meta":{"origin":39889,"position":3},"title":"No\u0107 knjige u Hrvatskom dr\u017eavnom arhivu","author":"Branimir Jankovi\u0107","date":"22. travnja 2026.","format":false,"excerpt":"Predstavljanje knjige Rajke Bu\u0107in \u201dLije\u010denje i zbrinjavanje \u017didova u Bolnici sestara milosrdnica u Zagrebu 1941. \u2013 1945.\u201d u \u010detvrtak, 23. travnja 2026. u 13 sati u Hrvatskom dr\u017eavnom arhivu u Zagrebu. Izvor: https:\/\/www.arhiv.hr\/hr-hr\/Kulturno-prosvjetne-aktivnosti\/ArticleId\/1986\/oamid\/1633","rel":"","context":"U &quot;Novosti&quot;","block_context":{"text":"Novosti","link":"https:\/\/historiografija.hr\/?cat=3"},"img":{"alt_text":"","src":"https:\/\/i0.wp.com\/historiografija.hr\/wp-content\/uploads\/2026\/04\/noc_knjige_2026.jpg?fit=680%2C276&ssl=1&resize=350%2C200","width":350,"height":200,"srcset":"https:\/\/i0.wp.com\/historiografija.hr\/wp-content\/uploads\/2026\/04\/noc_knjige_2026.jpg?fit=680%2C276&ssl=1&resize=350%2C200 1x, https:\/\/i0.wp.com\/historiografija.hr\/wp-content\/uploads\/2026\/04\/noc_knjige_2026.jpg?fit=680%2C276&ssl=1&resize=525%2C300 1.5x"},"classes":[]},{"id":52520,"url":"https:\/\/historiografija.hr\/?p=52520","url_meta":{"origin":39889,"position":4},"title":"Predstavljanje knjige &#8220;Socialist Economics in Yugoslavia: A Critical History&#8221; u Zagrebu","author":"Branimir Jankovi\u0107","date":"17. travnja 2026.","format":false,"excerpt":"Pozivamo vas na predstavljanje knjige \"Socialist Economics in Yugoslavia: A Critical History\", autora Mislava \u00a0\u017ditka i Marka Grde\u0161i\u0107a (Routledge, 2026). Na predstavljanju \u0107e govoriti Branko Milanovi\u0107 (CUNY), Milica Uvali\u0107 (EUI), Zdravko Petak (FPZG) te autori.\u00a0 Predstavljanje \u0107e se odr\u017eati u srijedu 22. travnja u 16:00 sati na Fakultetu politi\u010dkih znanosti\u2026","rel":"","context":"U &quot;Novosti&quot;","block_context":{"text":"Novosti","link":"https:\/\/historiografija.hr\/?cat=3"},"img":{"alt_text":"","src":"https:\/\/i0.wp.com\/historiografija.hr\/wp-content\/uploads\/2026\/04\/Poziv-na-predstavljanje.png?fit=800%2C652&ssl=1&resize=350%2C200","width":350,"height":200,"srcset":"https:\/\/i0.wp.com\/historiografija.hr\/wp-content\/uploads\/2026\/04\/Poziv-na-predstavljanje.png?fit=800%2C652&ssl=1&resize=350%2C200 1x, https:\/\/i0.wp.com\/historiografija.hr\/wp-content\/uploads\/2026\/04\/Poziv-na-predstavljanje.png?fit=800%2C652&ssl=1&resize=525%2C300 1.5x, https:\/\/i0.wp.com\/historiografija.hr\/wp-content\/uploads\/2026\/04\/Poziv-na-predstavljanje.png?fit=800%2C652&ssl=1&resize=700%2C400 2x"},"classes":[]},{"id":52552,"url":"https:\/\/historiografija.hr\/?p=52552","url_meta":{"origin":39889,"position":5},"title":"Besplatni glazbeni antikvarijat","author":"Branimir Jankovi\u0107","date":"20. travnja 2026.","format":false,"excerpt":"Muzi\u010dka akademija Sveu\u010dili\u0161ta u Zagrebu 23. travnja 2026. od 10 do 17 sati Pozivamo Vas na Besplatni glazbeni antikvarijat, koji u sklopu manifestacije No\u0107 knjige 2026. organizira Hrvatska udruga muzi\u010dkih knji\u017enica, arhiva i dokumentacijskih centara (HUMKAD). Antikvarijat \u0107e se odr\u017eati na Svjetski dan knjige \u2013 u \u010detvrtak 23. travnja 2026.\u2026","rel":"","context":"U &quot;Novosti&quot;","block_context":{"text":"Novosti","link":"https:\/\/historiografija.hr\/?cat=3"},"img":{"alt_text":"","src":"https:\/\/i0.wp.com\/historiografija.hr\/wp-content\/uploads\/2026\/04\/Besplatni-glazbeni-antikvarijat-23.-4.-2026.jpg?fit=1200%2C848&ssl=1&resize=350%2C200","width":350,"height":200,"srcset":"https:\/\/i0.wp.com\/historiografija.hr\/wp-content\/uploads\/2026\/04\/Besplatni-glazbeni-antikvarijat-23.-4.-2026.jpg?fit=1200%2C848&ssl=1&resize=350%2C200 1x, https:\/\/i0.wp.com\/historiografija.hr\/wp-content\/uploads\/2026\/04\/Besplatni-glazbeni-antikvarijat-23.-4.-2026.jpg?fit=1200%2C848&ssl=1&resize=525%2C300 1.5x, https:\/\/i0.wp.com\/historiografija.hr\/wp-content\/uploads\/2026\/04\/Besplatni-glazbeni-antikvarijat-23.-4.-2026.jpg?fit=1200%2C848&ssl=1&resize=700%2C400 2x, https:\/\/i0.wp.com\/historiografija.hr\/wp-content\/uploads\/2026\/04\/Besplatni-glazbeni-antikvarijat-23.-4.-2026.jpg?fit=1200%2C848&ssl=1&resize=1050%2C600 3x"},"classes":[]}],"_links":{"self":[{"href":"https:\/\/historiografija.hr\/index.php?rest_route=\/wp\/v2\/posts\/39889","targetHints":{"allow":["GET"]}}],"collection":[{"href":"https:\/\/historiografija.hr\/index.php?rest_route=\/wp\/v2\/posts"}],"about":[{"href":"https:\/\/historiografija.hr\/index.php?rest_route=\/wp\/v2\/types\/post"}],"author":[{"embeddable":true,"href":"https:\/\/historiografija.hr\/index.php?rest_route=\/wp\/v2\/users\/2"}],"replies":[{"embeddable":true,"href":"https:\/\/historiografija.hr\/index.php?rest_route=%2Fwp%2Fv2%2Fcomments&post=39889"}],"version-history":[{"count":1,"href":"https:\/\/historiografija.hr\/index.php?rest_route=\/wp\/v2\/posts\/39889\/revisions"}],"predecessor-version":[{"id":39891,"href":"https:\/\/historiografija.hr\/index.php?rest_route=\/wp\/v2\/posts\/39889\/revisions\/39891"}],"wp:featuredmedia":[{"embeddable":true,"href":"https:\/\/historiografija.hr\/index.php?rest_route=\/wp\/v2\/media\/39890"}],"wp:attachment":[{"href":"https:\/\/historiografija.hr\/index.php?rest_route=%2Fwp%2Fv2%2Fmedia&parent=39889"}],"wp:term":[{"taxonomy":"category","embeddable":true,"href":"https:\/\/historiografija.hr\/index.php?rest_route=%2Fwp%2Fv2%2Fcategories&post=39889"},{"taxonomy":"post_tag","embeddable":true,"href":"https:\/\/historiografija.hr\/index.php?rest_route=%2Fwp%2Fv2%2Ftags&post=39889"}],"curies":[{"name":"wp","href":"https:\/\/api.w.org\/{rel}","templated":true}]}}