{"id":39874,"date":"2024-02-28T21:18:04","date_gmt":"2024-02-28T21:18:04","guid":{"rendered":"http:\/\/historiografija.hr\/?p=39874"},"modified":"2024-02-28T21:18:04","modified_gmt":"2024-02-28T21:18:04","slug":"emil-hilton-saggau-nationalisation-of-the-sacred-orthodox-historiography-memory-and-politics-in-montenegro","status":"publish","type":"post","link":"https:\/\/historiografija.hr\/?p=39874","title":{"rendered":"Emil Hilton Saggau, \u201eNationalisation of the Sacred: Orthodox Historiography, Memory, and Politics in Montenegro\u201c"},"content":{"rendered":"\n<p>Portal Historiografija.ba obavje\u0161tava da je izdava\u010dka ku\u0107a \u201cPeter Lang\u201d objavila knjigu \u201cNationalisation of the Sacred. Orthodox Historiography, Memory, and Politics in Montenegro\u201d autora Emila Hiltona Saggau. U opisu knjige se navodi:<\/p>\n\n\n\n<p>\u201eIsto\u010dne pravoslavne crkve u postkomunisti\u010dkoj isto\u010dnoj Evropi upletene su u dugotrajne sukobe oko vlasni\u0161tva nad teritorijom, svecima, mjestima, nacijama i historijom. Ovi \u010desto nasilni sukobi odra\u017eavaju politi\u010dka i nacionalna rivalstva, najeksplicitnije u biv\u0161oj Jugoslaviji i Ukrajini, \u010desto se shvataju kao pojednostavljene etni\u010dko-nacionalne tenzije s vjerskim prizvukom, ali, kao \u0161to pokazuje ova knjiga, takva procjena previ\u0111a dublji teolo\u0161ki i historiografski okvir.<\/p>\n\n\n\n<p><em>Nationalisation of the Sacred<\/em> (<em>Nacionalizacija svetog<\/em>) nudi detaljnu analizu teolo\u0161ke pozadine ovih sukoba. Analizira kako su se razli\u010diti dijelovi isto\u010dnog pravoslavlja prilagodili suvremenom politi\u010dkom kontekstu, procesu u kojem se historija, sje\u0107anje i politika transformiraju kako bi odgovarali potrebama rivalskih nacija i crkava. Knjiga pru\u017ea detaljnu analizu ovog procesa i transformacija u crkvenim sukobima u postkomunisti\u010dkoj Crnoj Gori, gdje je Srpska pravoslavna crkva bila u sukobu sa rivalskom crnogorskom crkvom i crnogorskom vladom.<\/p>\n\n\n\n<p>Osim toga, knjiga pru\u017ea a\u017eurnu i jedinstvenu analizu pravoslavne historiografije, savremene srpske teologije, \u0161ire religije u Crnoj Gori i korijena nasilnog sukoba izme\u0111u pravoslavnih vjernika i crnogorske vlasti 2019-2021.\u201c<\/p>\n\n\n\n<p><strong>Emil Hilton Saggau<\/strong> je doktorirao 2020. na University of Copenhagen, a trenutno je istra\u017eiva\u010d na odjelu za historiju crkve na Lund University (\u0160vedska).<\/p>\n\n\n\n<p>Izvor: <a href=\"https:\/\/www.peterlang.com\/document\/1322739\">https:\/\/www.peterlang.com\/document\/1322739<\/a><\/p>\n\n\n\n<hr class=\"wp-block-separator\"\/>\n\n\n\n<p>Preneseno s portala <strong>Historiografija.ba<\/strong>:<\/p>\n\n\n\n<p><a href=\"https:\/\/historiografija.ba\/article.php?id=2300\">https:\/\/historiografija.ba\/article.php?id=2300<\/a><\/p>\n\n\n\n<hr class=\"wp-block-separator\"\/>\n","protected":false},"excerpt":{"rendered":"","protected":false},"author":2,"featured_media":39875,"comment_status":"open","ping_status":"open","sticky":false,"template":"","format":"standard","meta":{"_acf_changed":false,"jetpack_post_was_ever_published":false,"_jetpack_newsletter_access":"","_jetpack_dont_email_post_to_subs":false,"_jetpack_newsletter_tier_id":0,"_jetpack_memberships_contains_paywalled_content":false,"_jetpack_memberships_contains_paid_content":false,"footnotes":"","jetpack_publicize_message":"","jetpack_publicize_feature_enabled":true,"jetpack_social_post_already_shared":true,"jetpack_social_options":{"image_generator_settings":{"template":"highway","default_image_id":0,"font":"","enabled":false},"version":2}},"categories":[8,3],"tags":[],"class_list":["post-39874","post","type-post","status-publish","format-standard","has-post-thumbnail","hentry","category-knjige","category-novosti"],"acf":{"facebook_opis":""},"jetpack_publicize_connections":[],"jetpack_featured_media_url":"https:\/\/i0.wp.com\/historiografija.hr\/wp-content\/uploads\/2024\/02\/nationalisation-of-the-sacred.jpg?fit=450%2C690&ssl=1","jetpack_sharing_enabled":true,"jetpack-related-posts":[],"_links":{"self":[{"href":"https:\/\/historiografija.hr\/index.php?rest_route=\/wp\/v2\/posts\/39874","targetHints":{"allow":["GET"]}}],"collection":[{"href":"https:\/\/historiografija.hr\/index.php?rest_route=\/wp\/v2\/posts"}],"about":[{"href":"https:\/\/historiografija.hr\/index.php?rest_route=\/wp\/v2\/types\/post"}],"author":[{"embeddable":true,"href":"https:\/\/historiografija.hr\/index.php?rest_route=\/wp\/v2\/users\/2"}],"replies":[{"embeddable":true,"href":"https:\/\/historiografija.hr\/index.php?rest_route=%2Fwp%2Fv2%2Fcomments&post=39874"}],"version-history":[{"count":1,"href":"https:\/\/historiografija.hr\/index.php?rest_route=\/wp\/v2\/posts\/39874\/revisions"}],"predecessor-version":[{"id":39876,"href":"https:\/\/historiografija.hr\/index.php?rest_route=\/wp\/v2\/posts\/39874\/revisions\/39876"}],"wp:featuredmedia":[{"embeddable":true,"href":"https:\/\/historiografija.hr\/index.php?rest_route=\/wp\/v2\/media\/39875"}],"wp:attachment":[{"href":"https:\/\/historiografija.hr\/index.php?rest_route=%2Fwp%2Fv2%2Fmedia&parent=39874"}],"wp:term":[{"taxonomy":"category","embeddable":true,"href":"https:\/\/historiografija.hr\/index.php?rest_route=%2Fwp%2Fv2%2Fcategories&post=39874"},{"taxonomy":"post_tag","embeddable":true,"href":"https:\/\/historiografija.hr\/index.php?rest_route=%2Fwp%2Fv2%2Ftags&post=39874"}],"curies":[{"name":"wp","href":"https:\/\/api.w.org\/{rel}","templated":true}]}}