{"id":39870,"date":"2024-02-28T21:04:48","date_gmt":"2024-02-28T21:04:48","guid":{"rendered":"http:\/\/historiografija.hr\/?p=39870"},"modified":"2024-02-28T21:04:48","modified_gmt":"2024-02-28T21:04:48","slug":"projekcija-filma-salvador-allende-i-razgovor","status":"publish","type":"post","link":"https:\/\/historiografija.hr\/?p=39870","title":{"rendered":"Projekcija filma \u201eSalvador Allende\u201c i razgovor"},"content":{"rendered":"\n<p>Dokukino KIC, Preradovi\u0107eva 5, Zagreb<\/p>\n\n\n\n<p>Datum: 01.3.2024.<\/p>\n\n\n\n<p>Vrijeme: 19:00 &#8211; 21:00\u00a0\u00a0<\/p>\n\n\n\n<hr class=\"wp-block-separator\"\/>\n\n\n\n<p>Dana 4. studenoga 1970. nakon tri izborna poraza Salvador Allende kona\u010dno je izabran za predsjednika \u010cilea i cijelim se srcem posvetio socijalisti\u010dkoj preobrazbi svoje zemlje, opsjednut pedantnim po\u0161tovanjem demokracije i njezinih institucija. To \u0107e ga ko\u0161tati \u017eivota i baciti \u010cile u dugu no\u0107 fa\u0161izma na vi\u0161e od 17 godina. Film se fokusira na tri burne godine nakon izbora Allendea i objave njegova socijalisti\u010dkog programa, \u201cla via chilena\u201d, kojim je nacionalizirana velika industrija i zapo\u010det je program agrarne reforme. Guzm\u00e1n se slu\u017ei rijetkim arhivskim snimkama, obiteljskim fotografijama, te intervjuima s Allendeovim prijateljima, kolegama, njegovim k\u0107erima i drugom rodbinom, kao i militantima UP-a, radnicima, novinarima, njegovim osobnim tajnikom i Edwardom Korryjem, biv\u0161im ameri\u010dkim veleposlanikom u \u010cileu. Biv\u0161i ameri\u010dki veleposlanik Korry daje insajdersko izvje\u0161\u0107e o odlu\u010dnosti predsjednika Nixona i Henryja Kissingera da osujete Allendea, ali se ne kaje zbog pu\u010da koji je sponzorirala CIA i kojim je svrgnuta demokratski izabrana \u010dileanska vlada te instaliran zloglasni Pinochet. Guzm\u00e1n portretira Allendea kao utemeljitelja \u010cileanske socijalisti\u010dke partije, uvjerenog marksista, ali prije svega humanista, \u201cgospodina\u201d koji se opirao prljavoj politici.<\/p>\n\n\n\n<p>Nakon projekcije odr\u017eat \u0107e se razgovor o tom poglavlju iz \u010dileanske povijesti s hispanisticom i kulturnom antropologinjom <strong>Sonjom Lebo\u0161 <\/strong>i povjesni\u010darem <strong>Tvrtkom Jakovinom<\/strong>.<\/p>\n\n\n\n<p>Film prikazujemo u okviru novog ciklusa <em><strong>\u010cile \u2013 Filmom protiv zaborava <\/strong><\/em>povodom kinopremijere novog filma <strong>Maite Alberdi<\/strong>, pretendenta za Oscara <strong><a href=\"https:\/\/dokukino.net\/film\/beskrajno-sjecanje\/2024-02-17\/\"><em>Beskrajno sje\u0107anje<\/em><\/a><\/strong>. U ciklusu se prisje\u0107amo drugih zapa\u017eenih dokumentarnih ali i igranih ostvarenja koja se bave turbulentnom povije\u0161\u0107u i politi\u010dkim zbivanjima u \u010cileu, te mehanizmima individualnog i kolektivnog sje\u0107anja.<\/p>\n\n\n\n<hr class=\"wp-block-separator\"\/>\n\n\n\n<p>Izvor:<\/p>\n\n\n\n<figure class=\"wp-block-embed-wordpress wp-block-embed is-type-wp-embed is-provider-dokukino-kic-kino-sa-stavom\"><div class=\"wp-block-embed__wrapper\">\n<blockquote class=\"wp-embedded-content\" data-secret=\"LkPmxxmUEs\"><a href=\"https:\/\/dokukino.net\/film\/salvador-allende\/\">Salvador Allende<\/a><\/blockquote><iframe loading=\"lazy\" class=\"wp-embedded-content\" sandbox=\"allow-scripts\" security=\"restricted\" style=\"position: absolute; clip: rect(1px, 1px, 1px, 1px);\" title=\"&#8220;Salvador Allende&#8221; &#8212; Dokukino KIC - Kino sa stavom\" src=\"https:\/\/dokukino.net\/film\/salvador-allende\/embed\/#?secret=nCOxizZN7p#?secret=LkPmxxmUEs\" data-secret=\"LkPmxxmUEs\" width=\"600\" height=\"338\" frameborder=\"0\" marginwidth=\"0\" marginheight=\"0\" scrolling=\"no\"><\/iframe>\n<\/div><\/figure>\n\n\n\n<hr class=\"wp-block-separator\"\/>\n\n\n\n<p>Iz medija:<\/p>\n\n\n\n<p><a href=\"https:\/\/www.jutarnji.hr\/kultura\/film-i-televizija\/za-amerikance-je-ovaj-bivsi-lijecnik-predstavljao-komunisticku-opasnost-druzio-se-s-nerudom-smijenjen-je-vojnim-udarom-15433109\">https:\/\/www.jutarnji.hr\/kultura\/film-i-televizija\/za-amerikance-je-ovaj-bivsi-lijecnik-predstavljao-komunisticku-opasnost-druzio-se-s-nerudom-smijenjen-je-vojnim-udarom-15433109<\/a><\/p>\n\n\n\n<hr class=\"wp-block-separator\"\/>\n","protected":false},"excerpt":{"rendered":"","protected":false},"author":2,"featured_media":39871,"comment_status":"open","ping_status":"open","sticky":false,"template":"","format":"standard","meta":{"_acf_changed":false,"jetpack_post_was_ever_published":false,"_jetpack_newsletter_access":"","_jetpack_dont_email_post_to_subs":false,"_jetpack_newsletter_tier_id":0,"_jetpack_memberships_contains_paywalled_content":false,"_jetpack_memberships_contains_paid_content":false,"footnotes":"","jetpack_publicize_message":"","jetpack_publicize_feature_enabled":true,"jetpack_social_post_already_shared":true,"jetpack_social_options":{"image_generator_settings":{"template":"highway","default_image_id":0,"font":"","enabled":false},"version":2}},"categories":[13,3],"tags":[],"class_list":["post-39870","post","type-post","status-publish","format-standard","has-post-thumbnail","hentry","category-filmovi-i-serije","category-novosti"],"acf":{"facebook_opis":""},"jetpack_publicize_connections":[],"jetpack_featured_media_url":"https:\/\/i0.wp.com\/historiografija.hr\/wp-content\/uploads\/2024\/02\/Allende.jpg?fit=300%2C450&ssl=1","jetpack_sharing_enabled":true,"jetpack-related-posts":[],"_links":{"self":[{"href":"https:\/\/historiografija.hr\/index.php?rest_route=\/wp\/v2\/posts\/39870","targetHints":{"allow":["GET"]}}],"collection":[{"href":"https:\/\/historiografija.hr\/index.php?rest_route=\/wp\/v2\/posts"}],"about":[{"href":"https:\/\/historiografija.hr\/index.php?rest_route=\/wp\/v2\/types\/post"}],"author":[{"embeddable":true,"href":"https:\/\/historiografija.hr\/index.php?rest_route=\/wp\/v2\/users\/2"}],"replies":[{"embeddable":true,"href":"https:\/\/historiografija.hr\/index.php?rest_route=%2Fwp%2Fv2%2Fcomments&post=39870"}],"version-history":[{"count":1,"href":"https:\/\/historiografija.hr\/index.php?rest_route=\/wp\/v2\/posts\/39870\/revisions"}],"predecessor-version":[{"id":39872,"href":"https:\/\/historiografija.hr\/index.php?rest_route=\/wp\/v2\/posts\/39870\/revisions\/39872"}],"wp:featuredmedia":[{"embeddable":true,"href":"https:\/\/historiografija.hr\/index.php?rest_route=\/wp\/v2\/media\/39871"}],"wp:attachment":[{"href":"https:\/\/historiografija.hr\/index.php?rest_route=%2Fwp%2Fv2%2Fmedia&parent=39870"}],"wp:term":[{"taxonomy":"category","embeddable":true,"href":"https:\/\/historiografija.hr\/index.php?rest_route=%2Fwp%2Fv2%2Fcategories&post=39870"},{"taxonomy":"post_tag","embeddable":true,"href":"https:\/\/historiografija.hr\/index.php?rest_route=%2Fwp%2Fv2%2Ftags&post=39870"}],"curies":[{"name":"wp","href":"https:\/\/api.w.org\/{rel}","templated":true}]}}