{"id":39850,"date":"2024-02-27T22:36:38","date_gmt":"2024-02-27T22:36:38","guid":{"rendered":"http:\/\/historiografija.hr\/?p=39850"},"modified":"2024-02-27T22:36:38","modified_gmt":"2024-02-27T22:36:38","slug":"izlozba-jezeva-kucica-izmisljanje-boljeg-sveta-u-beogradu","status":"publish","type":"post","link":"https:\/\/historiografija.hr\/?p=39850","title":{"rendered":"Izlo\u017eba \u201eJe\u017eeva ku\u0107ica \u2013 Izmi\u0161ljanje boljeg sveta\u201c u Beogradu"},"content":{"rendered":"\n<p>Muzej Jugoslavije, 02.12.2023-30.04.2024.<\/p>\n\n\n\n<p><a href=\"https:\/\/muzej-jugoslavije.org\/posetite-nas\/?building=0&amp;room=0#map\"><\/a>Muzej 25. maj &#8211; Izlo\u017ebeni prostor levo<\/p>\n\n\n\n<hr class=\"wp-block-separator\"\/>\n\n\n\n<p><strong>Izlo\u017eba \u201eJe\u017eeva ku\u0107ica \u2013 Izmi\u0161ljanje boljeg sveta\u201c bi\u0107e otvorena u subotu, 2. decembra u 18 \u010dasova<\/strong>, u obnovljenoj zgradi Muzeja 25. maj kao deo programa koje Muzej Jugoslavije realizuje povodom Dana Muzeja.<\/p>\n\n\n\n<p>Poema Branka \u0106opi\u0107a \u201eJe\u017eeva ku\u0107ica\u201c, zauzima posebno mesto u se\u0107anjima na detinjstvo brojnih generacija ro\u0111enih u Jugoslaviji. I danas, sedam decenija nakon objavljivanja, ovo knji\u017eevno delo predstavlja polje identifikacije, deljeno <em>mesto se\u0107anja<\/em> i jak okida\u010d za nostalgiju. <strong>Polaze\u0107i od ikoni\u010dnog statusa koji ima u kolektivnom pam\u0107enju i turbulentne istorije odnosa prema ovoj poemi i njenom piscu, kreirana je izlo\u017eba koja ima za cilj da pokrene dijalog o zajedni\u010dkom nematerijalnom kulturnom nasle\u0111u i njegovim potencijalima<\/strong> kako bismo preispitali svoje identitete danas, istovremeno otvaraju\u0107i pitanja o zna\u010daju doma, odnosa prema bliskoj pro\u0161losti, zajednicama kojima pripadamo, ksenofobiji, se\u0107anju, nostalgiji, mentalnom zdravlju\u2026<\/p>\n\n\n\n<p>Kao inspiracija za naslov i za osnovnu strukturu izlo\u017ebe poslu\u017eio je citat iz \u0106opi\u0107evog intervjua (<em>Nekad mi se \u010dini da je de\u010dija literatura samo jedan vid be\u017eanja od stvarnosti, od sukoba sa njom. Od neljudskog sveta \u010dovek se spasava vra\u0107anjem u detinjstvo, izmi\u0161ljaju\u0107i novi svet koji je bolji i ljudskiji od onoga koji ga okru\u017euje.<\/em>) u kojem se nazire jasan dualizam stra\u0161nog i mra\u010dnog sveta realnosti i izma\u0161tanog boljeg sveta, koji pisac kreira za sebe i svoje \u010ditaoce, pa se izlo\u017eba iz tog razloga sastoji iz dve celine. <strong>Prva celina<\/strong>&nbsp;posve\u0107ena \u201eJe\u017eevoj ku\u0107ici\u201c, osmi\u0161ljena kao svojevrsna fikcija, <strong>realizovana je u saradnji sa decom uzrasta od pet do deset godina iz Beograda, Zagreba i Sarajeva i studentkinjama scenografije Beogradskog univerziteta<\/strong>. Na osnovu njihovih ideja i crte\u017ea ovaj deo postavke je dalje oblikovan kroz dijalog sa brojnim saradnicima. Rezultat je <strong>interaktivni prostor koji predstavlja poligon za igru i aktiviranje ma\u0161te, ali i okvir za refleksiju i me\u0111ugeneracijske susrete i razmenu. Druga celina<\/strong> izlo\u017ebe bavi se \u017eivotom Branka \u0106opi\u0107a i ima prevashodno dokumentarni karakter. Iako fizi\u010dki jasno potcrtana, ova granica na izlo\u017ebi ne funkcioni\u0161e doslovno. Svet fikcije je isprepletan sa elementima stvarnosti, a soba pisca, pored dokumentarnog materijala, predstavlja i rekreaciju mesta kreativnosti, odnosno mesta na kojem nastaju \u0106opi\u0107eva dela, taj izma\u0161tani bolji svet.<\/p>\n\n\n\n<p>Pored <strong>Kolekcije Muzeja Jugoslavije<\/strong>, najve\u0107i deo predmeta pozajmljen je iz <strong>Srpske akademije nauka i umetnosti i Zadu\u017ebine Branka \u0106opi\u0107a<\/strong>, a izlo\u017eba pru\u017ea i <strong>uvid u bogatu arhivu intervjua<\/strong> sa brojnim sagovornicima razli\u010ditih senzibiliteta, usmerenja i generacija koji su snimljeni tokom pripreme ovog projekta.<\/p>\n\n\n\n<p><strong>Autorke izlo\u017ebe<\/strong> su kustoskinje Muzeja Jugoslavije: <strong>Sara Sopi\u0107<\/strong> i <strong>Mirjana Slavkovi\u0107<\/strong>. U osmi\u0161ljavanju i realizaciji izlo\u017ebe tako\u0111e su u\u010destvovali: <strong>Sini\u0161a Ili\u0107<\/strong> (likovni umetnik), <strong>Ana Dimitrijevi\u0107<\/strong> i <strong>Aleksandar Popovi\u0107<\/strong> (umetni\u010dki kolektiv Karkatag), <strong>Bojan Paliku\u0107a<\/strong> (dizajner zvuka), <strong>Jana Vukovi\u0107<\/strong> (grafi\u010dka dizajnerka), <strong>Du\u0161an Jevti\u0107<\/strong> (koordinator projekta) i <strong>Zorica Vesi\u0107<\/strong> (arhitektica).<\/p>\n\n\n\n<hr class=\"wp-block-separator\"\/>\n\n\n\n<p>Izvor:<\/p>\n\n\n\n<figure class=\"wp-block-embed-wordpress wp-block-embed is-type-wp-embed is-provider-muzej-jugoslavije\"><div class=\"wp-block-embed__wrapper\">\n<blockquote class=\"wp-embedded-content\" data-secret=\"auAUIVEkUg\"><a href=\"https:\/\/muzej-jugoslavije.org\/exhibition\/jezeva-kucica-izmisljanje-boljeg-sveta\/\">Je\u017eeva ku\u0107ica \u2013 Izmi\u0161ljanje boljeg sveta<\/a><\/blockquote><iframe loading=\"lazy\" class=\"wp-embedded-content\" sandbox=\"allow-scripts\" security=\"restricted\" style=\"position: absolute; clip: rect(1px, 1px, 1px, 1px);\" title=\"&#8220;Je\u017eeva ku\u0107ica \u2013 Izmi\u0161ljanje boljeg sveta&#8221; &#8212; Muzej Jugoslavije\" src=\"https:\/\/muzej-jugoslavije.org\/exhibition\/jezeva-kucica-izmisljanje-boljeg-sveta\/embed\/#?secret=auAUIVEkUg\" data-secret=\"auAUIVEkUg\" width=\"600\" height=\"338\" frameborder=\"0\" marginwidth=\"0\" marginheight=\"0\" scrolling=\"no\"><\/iframe>\n<\/div><\/figure>\n\n\n\n<hr class=\"wp-block-separator\"\/>\n","protected":false},"excerpt":{"rendered":"","protected":false},"author":2,"featured_media":39851,"comment_status":"open","ping_status":"open","sticky":false,"template":"","format":"standard","meta":{"_acf_changed":false,"jetpack_post_was_ever_published":false,"_jetpack_newsletter_access":"","_jetpack_dont_email_post_to_subs":false,"_jetpack_newsletter_tier_id":0,"_jetpack_memberships_contains_paywalled_content":false,"_jetpack_memberships_contains_paid_content":false,"footnotes":"","jetpack_publicize_message":"","jetpack_publicize_feature_enabled":true,"jetpack_social_post_already_shared":true,"jetpack_social_options":{"image_generator_settings":{"template":"highway","default_image_id":0,"font":"","enabled":false},"version":2}},"categories":[10,3],"tags":[],"class_list":["post-39850","post","type-post","status-publish","format-standard","has-post-thumbnail","hentry","category-izlozbe","category-novosti"],"acf":{"facebook_opis":""},"jetpack_publicize_connections":[],"jetpack_featured_media_url":"https:\/\/i0.wp.com\/historiografija.hr\/wp-content\/uploads\/2024\/02\/Jezeva_kucica.jpg?fit=690%2C360&ssl=1","jetpack_sharing_enabled":true,"jetpack-related-posts":[],"_links":{"self":[{"href":"https:\/\/historiografija.hr\/index.php?rest_route=\/wp\/v2\/posts\/39850","targetHints":{"allow":["GET"]}}],"collection":[{"href":"https:\/\/historiografija.hr\/index.php?rest_route=\/wp\/v2\/posts"}],"about":[{"href":"https:\/\/historiografija.hr\/index.php?rest_route=\/wp\/v2\/types\/post"}],"author":[{"embeddable":true,"href":"https:\/\/historiografija.hr\/index.php?rest_route=\/wp\/v2\/users\/2"}],"replies":[{"embeddable":true,"href":"https:\/\/historiografija.hr\/index.php?rest_route=%2Fwp%2Fv2%2Fcomments&post=39850"}],"version-history":[{"count":1,"href":"https:\/\/historiografija.hr\/index.php?rest_route=\/wp\/v2\/posts\/39850\/revisions"}],"predecessor-version":[{"id":39852,"href":"https:\/\/historiografija.hr\/index.php?rest_route=\/wp\/v2\/posts\/39850\/revisions\/39852"}],"wp:featuredmedia":[{"embeddable":true,"href":"https:\/\/historiografija.hr\/index.php?rest_route=\/wp\/v2\/media\/39851"}],"wp:attachment":[{"href":"https:\/\/historiografija.hr\/index.php?rest_route=%2Fwp%2Fv2%2Fmedia&parent=39850"}],"wp:term":[{"taxonomy":"category","embeddable":true,"href":"https:\/\/historiografija.hr\/index.php?rest_route=%2Fwp%2Fv2%2Fcategories&post=39850"},{"taxonomy":"post_tag","embeddable":true,"href":"https:\/\/historiografija.hr\/index.php?rest_route=%2Fwp%2Fv2%2Ftags&post=39850"}],"curies":[{"name":"wp","href":"https:\/\/api.w.org\/{rel}","templated":true}]}}