{"id":39847,"date":"2024-02-27T22:26:15","date_gmt":"2024-02-27T22:26:15","guid":{"rendered":"http:\/\/historiografija.hr\/?p=39847"},"modified":"2024-02-27T22:26:15","modified_gmt":"2024-02-27T22:26:15","slug":"izlozba-pioniri-maleni-crtice-iz-zivota-pionira-kroz-zbirke-hrvatskoga-skolskog-muzeja","status":"publish","type":"post","link":"https:\/\/historiografija.hr\/?p=39847","title":{"rendered":"Izlo\u017eba \u201ePioniri maleni &#8211; Crtice iz \u017eivota pionira kroz zbirke Hrvatskoga \u0161kolskog muzeja\u201c"},"content":{"rendered":"\n<p>U galeriji\u00a0\u00a0<strong>Hrvatskog \u0161kolskog muzeja \u201c\u0160kolica za 5\u201c<\/strong>\u00a0otvorena je izlo\u017eba\u00a0<strong>\u201ePioniri maleni &#8211; Crtice iz \u017eivota pionira kroz zbirke Hrvatskoga \u0161kolskog muzeja\u201c<\/strong>\u00a0autorice\u00a0<strong>Kristine Gveri\u0107<\/strong>. Ravnateljica Hrvatskog \u0161kolskog muzeja\u00a0<strong>Anita Zlomisli\u0107<\/strong>\u00a0pozdravila je sve prisutne, a posebno izaslanicu\u00a0<strong>gradona\u010delnika Grada Zagreba<\/strong>, gospo\u0111u\u00a0<strong>Ivu Milardovi\u0107 \u0160timac<\/strong>, pomo\u0107nicu pro\u010delnika\u00a0<strong>Gradskog ureda za obrazovanje, sport i mlade<\/strong>\u00a0te istakla kako se ovom izlo\u017ebom po prvi put detaljnije istra\u017eila gra\u0111a Hrvatskoga \u0161kolskog muzeja tematski vezana za razdoblje djelovanja pionirske organizacije i njezine uloge u odgoju i obrazovanju u razdoblju socijalisti\u010dke Jugoslavije, odnosno\u00a0 Hrvatske. Kroz perspektivu djeteta na izlo\u017ebi su prikazani likovni i literarnih radova u\u010denika, pionira kao i ostala gra\u0111a toga doba koju muzej u svojim zbirkama \u010duva. Ravnateljica Zlomisli\u0107 zahvalila se tako\u0111er\u00a0<strong>Gradskom uredu za kulturu i civilno dru\u0161tvo<\/strong>\u00a0i\u00a0<strong>Ministarstvu kulture i medija<\/strong>. Autorica izlo\u017ebe Kristina Gveri\u0107, vi\u0161a kustosica, zahvalila se svima na suradnji, a posebno kolegama te studiju\u00a0<strong>\u201eOrganizirano oblikovanje\u201c<\/strong>\u00a0koji je zaslu\u017ean za dizajn izlo\u017ebe. Autorica Gveri\u0107 navela je kako nas kroz izlo\u017ebu vodi jedna kalendarska \u0161kolska godina prva\u0161i\u0107a pionira kroz, za to doba, va\u017ene datume te izjavila da premda je danas prva\u0161i\u0107ima te\u0161ko predo\u010diti\u00a0 to vrijeme samo prisje\u0107anje na taj dio na\u0161ih djetinjstva daje \u010dudesne odgovore. Autorica je naglasila kako se nada da \u0107e izlo\u017eba kod posjetitelja pobuditi ona lijepa sje\u0107anja ba\u0161 kao \u0161to je veseo, topao i nje\u017ean bio na\u010din stvaranja ove izlo\u017ebe. Izlo\u017ebu su financijski poduprli\u00a0Gradski ured za kulturu i civilno dru\u0161tvo\u00a0i\u00a0Ministarstvo kulture i medija<strong>.\u00a0<\/strong>Izlo\u017eba ostaje otvorena do 7. o\u017eujka 2024. godine.<\/p>\n\n\n\n<p>\u201ePioniri maleni\u201c su izlo\u017eba kojom se po prvi puta detaljnije istra\u017euje dio muzejskog fundusa vezanog za razdoblje jugoslavenskog socijalizma kroz prizmu u\u010deni\u010dkih radova, nekada\u0161njih pionira. Na izlo\u017ebi je prikazana gra\u0111a koja se \u010duva u zbirkama Hrvatskoga \u0161kolskog muzeja kroz koju je predstavljena jedna \u0161kolska godina u\u010denika pionira uz sve tada va\u017ene datume poput Dana Republika, Dana jugoslavenske narodne armije, Dana dje\u010dje radosti, Me\u0111unarodnog dana \u017eena, Praznika rada, Dana mladosti i sl. Na izlo\u017ebi \u0107e publika mo\u0107i vidjeti&nbsp; tada\u0161nje dje\u010dje stvarala\u0161tvo, u\u010deni\u010dke likovne i literarne radove, bilje\u017enice, zada\u0107nice, ali i ostalu gra\u0111u u kojoj se i\u0161\u010ditava povijest jednog vremena, jednog djetinjstva &#8211; djetinjstva pionira. Ova izlo\u017eba prvi puta javnosti predstavlja i film nastao 1989. godine u&nbsp;<strong>Eksperimentalnoj osnovnoj \u0161koli \u201eIvan Goran Kova\u010di\u0107\u201c Borovo<\/strong>&nbsp;u Vukovaru koji zorno oslikava u\u010denike i njihov \u0161kolski dan, interijer i eksterijer \u0161kole uz isje\u010dke u kojima se pojavljuje i&nbsp;<strong>Sini\u0161a Glava\u0161evi\u0107<\/strong>&nbsp;kroz neobaveznu igru s u\u010denicima u jednoj pomalo idili\u010dnoj atmosferi koja iz dana\u0161nje perspektive i s odmakom vremena upravo nagovje\u0161tava sam kraj i nestanak gotovo polustoljetnog kulta postajanja i bivanja pionirom. Nadamo se da \u0107e izlo\u017eba mla\u0111im posjetiteljima pribli\u017eiti jedno nepoznato, i u 21. stolje\u0107u, te\u0161ko shvatljivo vrijeme, a onima ne\u0161to starijima pobuditi sje\u0107anja na vlastito djetinjstvo.<\/p>\n\n\n\n<p><strong>\u201e\u0160kolica za 5\u201c u Hebrangovoj 5 u Zagrebu otvorena je od ponedjeljka do petka od 10 do 18 sati i subotom od 10 do 14 sati, a ulaz je besplatan.<\/strong><\/p>\n\n\n\n<hr class=\"wp-block-separator\"\/>\n\n\n\n<p>Izvor:<\/p>\n\n\n\n<p><a href=\"https:\/\/www.hsmuzej.hr\/hr\/sadrzaj\/izlozbe-i-dogadanja\/aktualna-izlozba\">https:\/\/www.hsmuzej.hr\/hr\/sadrzaj\/izlozbe-i-dogadanja\/aktualna-izlozba<\/a><\/p>\n\n\n\n<hr class=\"wp-block-separator\"\/>\n","protected":false},"excerpt":{"rendered":"","protected":false},"author":2,"featured_media":39848,"comment_status":"open","ping_status":"open","sticky":false,"template":"","format":"standard","meta":{"_acf_changed":false,"jetpack_post_was_ever_published":false,"_jetpack_newsletter_access":"","_jetpack_dont_email_post_to_subs":false,"_jetpack_newsletter_tier_id":0,"_jetpack_memberships_contains_paywalled_content":false,"_jetpack_memberships_contains_paid_content":false,"footnotes":"","jetpack_publicize_message":"","jetpack_publicize_feature_enabled":true,"jetpack_social_post_already_shared":true,"jetpack_social_options":{"image_generator_settings":{"template":"highway","default_image_id":0,"font":"","enabled":false},"version":2}},"categories":[10,3],"tags":[],"class_list":["post-39847","post","type-post","status-publish","format-standard","has-post-thumbnail","hentry","category-izlozbe","category-novosti"],"acf":{"facebook_opis":""},"jetpack_publicize_connections":[],"jetpack_featured_media_url":"https:\/\/i0.wp.com\/historiografija.hr\/wp-content\/uploads\/2024\/02\/Pioniri.jpg?fit=1240%2C230&ssl=1","jetpack_sharing_enabled":true,"jetpack-related-posts":[],"_links":{"self":[{"href":"https:\/\/historiografija.hr\/index.php?rest_route=\/wp\/v2\/posts\/39847","targetHints":{"allow":["GET"]}}],"collection":[{"href":"https:\/\/historiografija.hr\/index.php?rest_route=\/wp\/v2\/posts"}],"about":[{"href":"https:\/\/historiografija.hr\/index.php?rest_route=\/wp\/v2\/types\/post"}],"author":[{"embeddable":true,"href":"https:\/\/historiografija.hr\/index.php?rest_route=\/wp\/v2\/users\/2"}],"replies":[{"embeddable":true,"href":"https:\/\/historiografija.hr\/index.php?rest_route=%2Fwp%2Fv2%2Fcomments&post=39847"}],"version-history":[{"count":1,"href":"https:\/\/historiografija.hr\/index.php?rest_route=\/wp\/v2\/posts\/39847\/revisions"}],"predecessor-version":[{"id":39849,"href":"https:\/\/historiografija.hr\/index.php?rest_route=\/wp\/v2\/posts\/39847\/revisions\/39849"}],"wp:featuredmedia":[{"embeddable":true,"href":"https:\/\/historiografija.hr\/index.php?rest_route=\/wp\/v2\/media\/39848"}],"wp:attachment":[{"href":"https:\/\/historiografija.hr\/index.php?rest_route=%2Fwp%2Fv2%2Fmedia&parent=39847"}],"wp:term":[{"taxonomy":"category","embeddable":true,"href":"https:\/\/historiografija.hr\/index.php?rest_route=%2Fwp%2Fv2%2Fcategories&post=39847"},{"taxonomy":"post_tag","embeddable":true,"href":"https:\/\/historiografija.hr\/index.php?rest_route=%2Fwp%2Fv2%2Ftags&post=39847"}],"curies":[{"name":"wp","href":"https:\/\/api.w.org\/{rel}","templated":true}]}}