{"id":39838,"date":"2024-02-26T11:30:44","date_gmt":"2024-02-26T11:30:44","guid":{"rendered":"http:\/\/historiografija.hr\/?p=39838"},"modified":"2024-02-28T21:07:32","modified_gmt":"2024-02-28T21:07:32","slug":"izlozba-sedma-republika-na-sudu-licni-dosijei-oficira-jna-kao-dokazni-materijal-u-bazama-mksj","status":"publish","type":"post","link":"https:\/\/historiografija.hr\/?p=39838","title":{"rendered":"Izlo\u017eba \u201eSedma republika na sudu: li\u010dni dosijei oficira JNA kao dokazni materijal u bazama MKSJ\u201c"},"content":{"rendered":"\n<p>Univerzitet u Sarajevu \u2013 Institut za historiju prire\u0111uje dokumentarnu izlo\u017ebu pod nazivom \u201eSedma republika na sudu: li\u010dni dosijei oficira JNA kao dokazni materijal u bazama MKSJ\u201c. Izlo\u017eba se odr\u017eava u sklopu istoimenog projekta koji se realizira na UNSA-Institutu za historiju uz financijsku podr\u0161ku Ministarstva za nauku, visoko obrazovanje i mlade Kantona Sarajevo.<\/p>\n\n\n\n<p>Izlo\u017ebu \u0107e otvoriti i prisutnima se tim povodom obratiti autor Izlo\u017ebe i saradnik Instituta za historiju Edin Omer\u010di\u0107.<\/p>\n\n\n\n<p>Izlo\u017eba \u0107e biti otvorena u srijedu, 28. februara 2024. godine u 12 sati u prostorijama Rektorata UNSA, Obala Kulina bana 7\/II, Sarajevo.<\/p>\n\n\n\n<hr class=\"wp-block-separator\"\/>\n\n\n\n<p>O izlo\u017ebi op\u0161irnije mo\u017eete \u010ditati ovdje:<\/p>\n\n\n\n<p><a href=\"https:\/\/historiografija.ba\/article.php?id=2349\">https:\/\/historiografija.ba\/article.php?id=2349<\/a><\/p>\n\n\n\n<p><a href=\"https:\/\/historiografija.ba\/article.php?id=2336\">https:\/\/historiografija.ba\/article.php?id=2336<\/a><\/p>\n\n\n\n<p><a href=\"https:\/\/iis.unsa.ba\/sedmarepublikanasudu\/\">https:\/\/iis.unsa.ba\/sedmarepublikanasudu\/<\/a><\/p>\n\n\n\n<p><a href=\"https:\/\/www.unsa.ba\/novosti\/otvorena-dokumentarna-izlozba-sedma-republika-na-sudu-licni-dosijei-oficira-jna-kao-dokazni\">https:\/\/www.unsa.ba\/novosti\/otvorena-dokumentarna-izlozba-sedma-republika-na-sudu-licni-dosijei-oficira-jna-kao-dokazni<\/a><\/p>\n\n\n\n<hr class=\"wp-block-separator\"\/>\n","protected":false},"excerpt":{"rendered":"","protected":false},"author":2,"featured_media":39839,"comment_status":"open","ping_status":"open","sticky":false,"template":"","format":"standard","meta":{"_acf_changed":false,"jetpack_post_was_ever_published":false,"_jetpack_newsletter_access":"","_jetpack_dont_email_post_to_subs":false,"_jetpack_newsletter_tier_id":0,"_jetpack_memberships_contains_paywalled_content":false,"_jetpack_memberships_contains_paid_content":false,"footnotes":"","jetpack_publicize_message":"","jetpack_publicize_feature_enabled":true,"jetpack_social_post_already_shared":true,"jetpack_social_options":{"image_generator_settings":{"template":"highway","default_image_id":0,"font":"","enabled":false},"version":2}},"categories":[10,3],"tags":[],"class_list":["post-39838","post","type-post","status-publish","format-standard","has-post-thumbnail","hentry","category-izlozbe","category-novosti"],"acf":{"facebook_opis":""},"jetpack_publicize_connections":[],"jetpack_featured_media_url":"https:\/\/i0.wp.com\/historiografija.hr\/wp-content\/uploads\/2024\/02\/Sedma-republika-dosijei-oficira-jna-izlozba-pozivnica.jpg?fit=555%2C278&ssl=1","jetpack_sharing_enabled":true,"jetpack-related-posts":[],"_links":{"self":[{"href":"https:\/\/historiografija.hr\/index.php?rest_route=\/wp\/v2\/posts\/39838","targetHints":{"allow":["GET"]}}],"collection":[{"href":"https:\/\/historiografija.hr\/index.php?rest_route=\/wp\/v2\/posts"}],"about":[{"href":"https:\/\/historiografija.hr\/index.php?rest_route=\/wp\/v2\/types\/post"}],"author":[{"embeddable":true,"href":"https:\/\/historiografija.hr\/index.php?rest_route=\/wp\/v2\/users\/2"}],"replies":[{"embeddable":true,"href":"https:\/\/historiografija.hr\/index.php?rest_route=%2Fwp%2Fv2%2Fcomments&post=39838"}],"version-history":[{"count":2,"href":"https:\/\/historiografija.hr\/index.php?rest_route=\/wp\/v2\/posts\/39838\/revisions"}],"predecessor-version":[{"id":39873,"href":"https:\/\/historiografija.hr\/index.php?rest_route=\/wp\/v2\/posts\/39838\/revisions\/39873"}],"wp:featuredmedia":[{"embeddable":true,"href":"https:\/\/historiografija.hr\/index.php?rest_route=\/wp\/v2\/media\/39839"}],"wp:attachment":[{"href":"https:\/\/historiografija.hr\/index.php?rest_route=%2Fwp%2Fv2%2Fmedia&parent=39838"}],"wp:term":[{"taxonomy":"category","embeddable":true,"href":"https:\/\/historiografija.hr\/index.php?rest_route=%2Fwp%2Fv2%2Fcategories&post=39838"},{"taxonomy":"post_tag","embeddable":true,"href":"https:\/\/historiografija.hr\/index.php?rest_route=%2Fwp%2Fv2%2Ftags&post=39838"}],"curies":[{"name":"wp","href":"https:\/\/api.w.org\/{rel}","templated":true}]}}