{"id":39835,"date":"2024-02-26T11:16:52","date_gmt":"2024-02-26T11:16:52","guid":{"rendered":"http:\/\/historiografija.hr\/?p=39835"},"modified":"2024-02-26T11:16:52","modified_gmt":"2024-02-26T11:16:52","slug":"poziv-za-prijavu-na-radionicu-nezeljena-bastina","status":"publish","type":"post","link":"https:\/\/historiografija.hr\/?p=39835","title":{"rendered":"Poziv za prijavu na radionicu \u201e(Ne)\u017eeljena ba\u0161tina\u201c"},"content":{"rendered":"\n<p>U \u010detvrtak 29.02.2024. u dvorani Ku\u0107e ljudskih prava u Zagrebu (Selska cesta 112c) od 17.00 sati u organizaciji Documente odr\u017eat \u0107e se radionica \u201e(Ne)\u017eeljena ba\u0161tina\u201c. Na radionici \u0107emo se baviti pitanjima kada kulturna ba\u0161tina, prije svega misle\u0107i na spomenike i spomen-plo\u010de, postaje nepo\u017eeljna, tko o tome odlu\u010duje i ima pravo odlu\u010divati i \u0161to se onda doga\u0111a s tom ba\u0161tinom. Kori\u0161tenjem inovativnih metoda sudionici \u0107e u\u010diti i promi\u0161ljati o navedenim temama. Fokus radionice bit \u0107e na primjerima spomenika iz perioda Jugoslavije, a koji su tijekom 1990-ih uklonjeni, devastirani ili prepu\u0161teni propadanju.<\/p>\n\n\n\n<p>Radionica je prije svega namijenjena mladima, ali i drugi zainteresirani su dobrodo\u0161li. Radionica \u0107e mladima omogu\u0107iti bolje razumijevanje lokalne povijesti, pove\u0107ati \u0107e interes te dodatno potaknuti njihovo promi\u0161ljanje. Time \u0107e sudionici radionice postati svjesniji problema u svojoj lokalnoj zajednici, ali i \u0161ire.<\/p>\n\n\n\n<p>Predvi\u0111eno trajanje radionice je 1 sat i 30 minuta.<\/p>\n\n\n\n<p>Ova radionica te materijali koje \u0107emo koristiti razvijeni su u sklopu projekta \u201eMoj grad kroz vrijeme\u201c koji financira Europska Unija kroz program Erasmus+.<\/p>\n\n\n\n<p>Radionica \u201e(Ne)\u017eeljena ba\u0161tina\u201c provodi se kao dio aktivnosti projekta &#8221;Javni dijalog o sudbini ubijenih i nestalih: mi pamtimo &#8211; a vi?&#8221; podr\u017eanog kroz Fond za aktivno gra\u0111anstvo.<\/p>\n\n\n\n<hr class=\"wp-block-separator\"\/>\n\n\n\n<p>Link za prijavu dostupan je ovdje:<\/p>\n\n\n\n<p><a href=\"https:\/\/www.facebook.com\/events\/797509548858456\/\">https:\/\/www.facebook.com\/events\/797509548858456\/<\/a><\/p>\n\n\n\n<p><a href=\"https:\/\/www.facebook.com\/DocumentaZagreb\">https:\/\/www.facebook.com\/DocumentaZagreb<\/a><\/p>\n\n\n\n<hr class=\"wp-block-separator\"\/>\n","protected":false},"excerpt":{"rendered":"","protected":false},"author":2,"featured_media":39836,"comment_status":"open","ping_status":"open","sticky":false,"template":"","format":"standard","meta":{"_acf_changed":false,"jetpack_post_was_ever_published":false,"_jetpack_newsletter_access":"","_jetpack_dont_email_post_to_subs":false,"_jetpack_newsletter_tier_id":0,"_jetpack_memberships_contains_paywalled_content":false,"_jetpack_memberships_contains_paid_content":false,"footnotes":"","jetpack_publicize_message":"","jetpack_publicize_feature_enabled":true,"jetpack_social_post_already_shared":true,"jetpack_social_options":{"image_generator_settings":{"template":"highway","default_image_id":0,"font":"","enabled":false},"version":2}},"categories":[3,9],"tags":[],"class_list":["post-39835","post","type-post","status-publish","format-standard","has-post-thumbnail","hentry","category-novosti","category-skupovi"],"acf":{"facebook_opis":""},"jetpack_publicize_connections":[],"jetpack_featured_media_url":"https:\/\/i0.wp.com\/historiografija.hr\/wp-content\/uploads\/2024\/02\/Radionica-Documenta.jpg?fit=2048%2C1536&ssl=1","jetpack_sharing_enabled":true,"jetpack-related-posts":[],"_links":{"self":[{"href":"https:\/\/historiografija.hr\/index.php?rest_route=\/wp\/v2\/posts\/39835","targetHints":{"allow":["GET"]}}],"collection":[{"href":"https:\/\/historiografija.hr\/index.php?rest_route=\/wp\/v2\/posts"}],"about":[{"href":"https:\/\/historiografija.hr\/index.php?rest_route=\/wp\/v2\/types\/post"}],"author":[{"embeddable":true,"href":"https:\/\/historiografija.hr\/index.php?rest_route=\/wp\/v2\/users\/2"}],"replies":[{"embeddable":true,"href":"https:\/\/historiografija.hr\/index.php?rest_route=%2Fwp%2Fv2%2Fcomments&post=39835"}],"version-history":[{"count":1,"href":"https:\/\/historiografija.hr\/index.php?rest_route=\/wp\/v2\/posts\/39835\/revisions"}],"predecessor-version":[{"id":39837,"href":"https:\/\/historiografija.hr\/index.php?rest_route=\/wp\/v2\/posts\/39835\/revisions\/39837"}],"wp:featuredmedia":[{"embeddable":true,"href":"https:\/\/historiografija.hr\/index.php?rest_route=\/wp\/v2\/media\/39836"}],"wp:attachment":[{"href":"https:\/\/historiografija.hr\/index.php?rest_route=%2Fwp%2Fv2%2Fmedia&parent=39835"}],"wp:term":[{"taxonomy":"category","embeddable":true,"href":"https:\/\/historiografija.hr\/index.php?rest_route=%2Fwp%2Fv2%2Fcategories&post=39835"},{"taxonomy":"post_tag","embeddable":true,"href":"https:\/\/historiografija.hr\/index.php?rest_route=%2Fwp%2Fv2%2Ftags&post=39835"}],"curies":[{"name":"wp","href":"https:\/\/api.w.org\/{rel}","templated":true}]}}