{"id":39821,"date":"2024-02-26T09:43:38","date_gmt":"2024-02-26T09:43:38","guid":{"rendered":"http:\/\/historiografija.hr\/?p=39821"},"modified":"2024-02-26T09:43:38","modified_gmt":"2024-02-26T09:43:38","slug":"seminar-soa-akademije-2024","status":"publish","type":"post","link":"https:\/\/historiografija.hr\/?p=39821","title":{"rendered":"Seminar \u0160oa akademije 2024."},"content":{"rendered":"\n<p>U ponedjeljak, 26. velja\u010de 2024. u 11 sati, u \u017didovskoj op\u0107ini Zagreb, I kat, Palmoti\u0107eva 16,&nbsp; Zagreb, predstavnica \u017eidovske nacionalne manjine Grada Zagreba i voditeljica \u0160oa akademije Sanja Zori\u010di\u0107 Tabakovi\u0107 i \u017didovska op\u0107ina Zagreb organiziraju seminar i tribinu.<\/p>\n\n\n\n<p>PROGRAM:<\/p>\n\n\n\n<p>10:30 &nbsp;Registracija sudionika I kat 11:00 Uvodna rije\u010d Sanja Zori\u010di\u0107 Tabakovi\u0107<\/p>\n\n\n\n<p>11:20 Kratak film na engleskom jeziku (prijevod na hrvatski jezik)<\/p>\n\n\n\n<p>11:20 Predavanja<\/p>\n\n\n\n<p>13:20 Osvje\u017eenje i zakuska<\/p>\n\n\n\n<p>Lovro Kralj:\u201eKreiranje infrastrukture za istra\u017eivanje i obrazovanje o Holokaustu u Hrvatskoj\u201c<\/p>\n\n\n\n<p>Miljenko Hajdarovi\u0107:\u201ePou\u010davanje o Holokaustu s aspekta profesionalnog i osobnog razvoja\u201c<\/p>\n\n\n\n<p>Milivoj Dretar:\u201eTragovima \u017eidovske povijesti i ba\u0161tine u Hrvatskoj\u201c<\/p>\n\n\n\n<p>14:00 Okrugli stol i tribina:\u201ePosljedice antisemitizma i Holokausta danas i ovdje\u201c s profesorima \u0160oa Akademije: Hrvoje Klasi\u0107, Neven Budak, Renato Mati\u0107, Tvrtko Jakovina, Zoran Pusi\u0107 i \u017darko Puhovski<\/p>\n\n\n\n<p>Tijekom programa u prostorijama \u017dOZ-a biti \u0107e izlo\u017eeni dijelovi izlo\u017ebi<\/p>\n\n\n\n<p>\u201eNe ponovilo se\u201c u\u010denika Graditeljsko-geodetske tehni\u010dke \u0161kole iz Splita s profesoricom Magdom Maver<\/p>\n\n\n\n<p>\u201eO obitelji Reiner iz Karlovca\u201c u\u010denika Ekonomsko-turisti\u010dke \u0161kole iz Karlovca s profesoricom Tatjanom Protulipac<\/p>\n\n\n\n<p>\u201eLea Deutsch: A little Star of the Zagreb Theater\u201c autorice Mire Wolf<\/p>\n\n\n\n<p><strong>Prijave najkasnije do 19. velja\u010de 2024.<\/strong> godine na e-mail: predstavnikzidovskemanjinezg@gmail.com<\/p>\n\n\n\n<p>Prijaviti se mo\u017eete i na stranicama Azoo \u2013 Ettaedu<\/p>\n\n\n\n<p>Maksimalan broj sudionika<strong>\u00a0110.<\/strong><\/p>\n\n\n\n<hr class=\"wp-block-separator\"\/>\n\n\n\n<p>Izvor:<\/p>\n\n\n\n<figure class=\"wp-block-embed-wordpress wp-block-embed is-type-wp-embed is-provider-nacionalnemanjine-hr\"><div class=\"wp-block-embed__wrapper\">\n<blockquote class=\"wp-embedded-content\" data-secret=\"cVtYUaOBhB\"><a href=\"https:\/\/nacionalnemanjine.hr\/seminar-i-tribina-soa-akademije\/\">SEMINAR I TRIBINA \u0160OA AKADEMIJE<\/a><\/blockquote><iframe loading=\"lazy\" class=\"wp-embedded-content\" sandbox=\"allow-scripts\" security=\"restricted\" style=\"position: absolute; clip: rect(1px, 1px, 1px, 1px);\" title=\"&#8220;SEMINAR I TRIBINA \u0160OA AKADEMIJE&#8221; &#8212; nacionalnemanjine.hr\" src=\"https:\/\/nacionalnemanjine.hr\/seminar-i-tribina-soa-akademije\/embed\/#?secret=HlgbQNC2AI#?secret=cVtYUaOBhB\" data-secret=\"cVtYUaOBhB\" width=\"600\" height=\"338\" frameborder=\"0\" marginwidth=\"0\" marginheight=\"0\" scrolling=\"no\"><\/iframe>\n<\/div><\/figure>\n\n\n\n<hr class=\"wp-block-separator\"\/>\n","protected":false},"excerpt":{"rendered":"","protected":false},"author":2,"featured_media":36156,"comment_status":"open","ping_status":"open","sticky":false,"template":"","format":"standard","meta":{"_acf_changed":false,"jetpack_post_was_ever_published":false,"_jetpack_newsletter_access":"","_jetpack_dont_email_post_to_subs":false,"_jetpack_newsletter_tier_id":0,"_jetpack_memberships_contains_paywalled_content":false,"_jetpack_memberships_contains_paid_content":false,"footnotes":"","jetpack_publicize_message":"","jetpack_publicize_feature_enabled":true,"jetpack_social_post_already_shared":true,"jetpack_social_options":{"image_generator_settings":{"template":"highway","default_image_id":0,"font":"","enabled":false},"version":2}},"categories":[3,9],"tags":[],"class_list":["post-39821","post","type-post","status-publish","format-standard","has-post-thumbnail","hentry","category-novosti","category-skupovi"],"acf":{"facebook_opis":""},"jetpack_publicize_connections":[],"jetpack_featured_media_url":"https:\/\/i0.wp.com\/historiografija.hr\/wp-content\/uploads\/2023\/06\/logo-%C5%BEoz.jpg?fit=180%2C200&ssl=1","jetpack_sharing_enabled":true,"jetpack-related-posts":[],"_links":{"self":[{"href":"https:\/\/historiografija.hr\/index.php?rest_route=\/wp\/v2\/posts\/39821","targetHints":{"allow":["GET"]}}],"collection":[{"href":"https:\/\/historiografija.hr\/index.php?rest_route=\/wp\/v2\/posts"}],"about":[{"href":"https:\/\/historiografija.hr\/index.php?rest_route=\/wp\/v2\/types\/post"}],"author":[{"embeddable":true,"href":"https:\/\/historiografija.hr\/index.php?rest_route=\/wp\/v2\/users\/2"}],"replies":[{"embeddable":true,"href":"https:\/\/historiografija.hr\/index.php?rest_route=%2Fwp%2Fv2%2Fcomments&post=39821"}],"version-history":[{"count":1,"href":"https:\/\/historiografija.hr\/index.php?rest_route=\/wp\/v2\/posts\/39821\/revisions"}],"predecessor-version":[{"id":39822,"href":"https:\/\/historiografija.hr\/index.php?rest_route=\/wp\/v2\/posts\/39821\/revisions\/39822"}],"wp:featuredmedia":[{"embeddable":true,"href":"https:\/\/historiografija.hr\/index.php?rest_route=\/wp\/v2\/media\/36156"}],"wp:attachment":[{"href":"https:\/\/historiografija.hr\/index.php?rest_route=%2Fwp%2Fv2%2Fmedia&parent=39821"}],"wp:term":[{"taxonomy":"category","embeddable":true,"href":"https:\/\/historiografija.hr\/index.php?rest_route=%2Fwp%2Fv2%2Fcategories&post=39821"},{"taxonomy":"post_tag","embeddable":true,"href":"https:\/\/historiografija.hr\/index.php?rest_route=%2Fwp%2Fv2%2Ftags&post=39821"}],"curies":[{"name":"wp","href":"https:\/\/api.w.org\/{rel}","templated":true}]}}