{"id":39790,"date":"2024-02-23T19:13:22","date_gmt":"2024-02-23T19:13:22","guid":{"rendered":"http:\/\/historiografija.hr\/?p=39790"},"modified":"2024-02-23T19:13:22","modified_gmt":"2024-02-23T19:13:22","slug":"hertha-pauli-pukotina-vremena-prolazi-kroz-moje-srce-memoari","status":"publish","type":"post","link":"https:\/\/historiografija.hr\/?p=39790","title":{"rendered":"Hertha Pauli, \u201ePukotina vremena prolazi kroz moje srce. Memoari\u201c"},"content":{"rendered":"\n<p>Naslov izvornika: Der Riss der Zeit geht durch mein Herz.<\/p>\n\n\n\n<p>Godina izdanja: 2024.<\/p>\n\n\n\n<p>Stranica: 304<\/p>\n\n\n\n<p>Prijevod s njema\u010dkoga: Igor Crnkovi\u0107<\/p>\n\n\n\n<hr class=\"wp-block-separator\"\/>\n\n\n\n<p>\u201ePukotina vremena prolazi kroz moje srce\u201c re\u010denica je Heinricha Heinea, koja je austrijsku knji\u017eevnicu Herthu Pauli pratila tijekom njezina bijega iz Be\u010da, preko Z\u00fcricha, Pariza, Marseillea, Lisabona, sve do SAD-a. Ona taj put nije pro\u0161la sama, ve\u0107 zajedno sa svojim prijateljima, koji su se proslavili kao neki od najpoznatijih knji\u017eevnika njema\u010dkoga govornog podru\u010dja iz emigracije: Josephom Rothom, Walterom Mehringom, Almom i Franzom Werfel te ponajprije \u00d6d\u00f6nom von Horv\u00e1thom, kojemu je posvetila jedno od najljep\u0161ih poglavlja ove \u010dudesne i dugo vremena zaboravljene knjige sje\u0107anja.<br><br>\u201eHertha Pauli pripovijeda o svojemu bijegu i spa\u0161avanju gologa \u017eivota, kao i o nikad izgubljenoj \u010de\u017enji za sre\u0107om, ljubavlju i prijateljstvom. Kakva odva\u017ena \u017eena! Kakva zadivljuju\u0107a knjiga!\u201d<br>Karl-Markus Gau\u00df<br><br>HERTHA PAULI, ro\u0111ena 1906. u Be\u010du, preminula 1973. u New Yorku. Bila je knji\u017eevnica i glumica. Nakon \u201eAnschlussa\u201c (pripojenja) Austrije nacisti\u010dkoj Njema\u010dkoj, preko \u0160vicarske i Francuske emigrirala je u SAD. Pisala je romane, publicistiku i knjige za mlade, a radila je i kao novinarka. Njezin brat Wolfgang Pauli dobitnik je Nobelove nagrade za fiziku 1945. Svoju pri\u010du o bijegu ispripovijedala je u memoarima &#8220;Der Riss der Zeit geht durch mein Herz&#8221; (&#8220;Pukotina vremena prolazi kroz moje srce&#8221;), po prvi puta objavljenima 1970.<\/p>\n\n\n\n<hr class=\"wp-block-separator\"\/>\n\n\n\n<p>Izvor:<\/p>\n\n\n\n<p><a href=\"https:\/\/www.leykam-international.hr\/publikacija\/280\">https:\/\/www.leykam-international.hr\/publikacija\/280<\/a><\/p>\n\n\n\n<hr class=\"wp-block-separator\"\/>\n\n\n\n<p>Odjeci:<\/p>\n\n\n\n<p><a href=\"https:\/\/mvinfo.hr\/clanak\/hertha-pauli-pukotina-vremena-prolazi-kroz-moje-srce\">https:\/\/mvinfo.hr\/clanak\/hertha-pauli-pukotina-vremena-prolazi-kroz-moje-srce<\/a><\/p>\n\n\n\n<hr class=\"wp-block-separator\"\/>\n","protected":false},"excerpt":{"rendered":"","protected":false},"author":2,"featured_media":39791,"comment_status":"open","ping_status":"open","sticky":false,"template":"","format":"standard","meta":{"_acf_changed":false,"jetpack_post_was_ever_published":false,"_jetpack_newsletter_access":"","_jetpack_dont_email_post_to_subs":false,"_jetpack_newsletter_tier_id":0,"_jetpack_memberships_contains_paywalled_content":false,"_jetpack_memberships_contains_paid_content":false,"footnotes":"","jetpack_publicize_message":"","jetpack_publicize_feature_enabled":true,"jetpack_social_post_already_shared":true,"jetpack_social_options":{"image_generator_settings":{"template":"highway","default_image_id":0,"font":"","enabled":false},"version":2}},"categories":[8,3,12],"tags":[],"class_list":["post-39790","post","type-post","status-publish","format-standard","has-post-thumbnail","hentry","category-knjige","category-novosti","category-knjizevnost"],"acf":{"facebook_opis":""},"jetpack_publicize_connections":[],"jetpack_featured_media_url":"https:\/\/i0.wp.com\/historiografija.hr\/wp-content\/uploads\/2024\/02\/Pauli.jpg?fit=489%2C800&ssl=1","jetpack_sharing_enabled":true,"jetpack-related-posts":[],"_links":{"self":[{"href":"https:\/\/historiografija.hr\/index.php?rest_route=\/wp\/v2\/posts\/39790","targetHints":{"allow":["GET"]}}],"collection":[{"href":"https:\/\/historiografija.hr\/index.php?rest_route=\/wp\/v2\/posts"}],"about":[{"href":"https:\/\/historiografija.hr\/index.php?rest_route=\/wp\/v2\/types\/post"}],"author":[{"embeddable":true,"href":"https:\/\/historiografija.hr\/index.php?rest_route=\/wp\/v2\/users\/2"}],"replies":[{"embeddable":true,"href":"https:\/\/historiografija.hr\/index.php?rest_route=%2Fwp%2Fv2%2Fcomments&post=39790"}],"version-history":[{"count":1,"href":"https:\/\/historiografija.hr\/index.php?rest_route=\/wp\/v2\/posts\/39790\/revisions"}],"predecessor-version":[{"id":39792,"href":"https:\/\/historiografija.hr\/index.php?rest_route=\/wp\/v2\/posts\/39790\/revisions\/39792"}],"wp:featuredmedia":[{"embeddable":true,"href":"https:\/\/historiografija.hr\/index.php?rest_route=\/wp\/v2\/media\/39791"}],"wp:attachment":[{"href":"https:\/\/historiografija.hr\/index.php?rest_route=%2Fwp%2Fv2%2Fmedia&parent=39790"}],"wp:term":[{"taxonomy":"category","embeddable":true,"href":"https:\/\/historiografija.hr\/index.php?rest_route=%2Fwp%2Fv2%2Fcategories&post=39790"},{"taxonomy":"post_tag","embeddable":true,"href":"https:\/\/historiografija.hr\/index.php?rest_route=%2Fwp%2Fv2%2Ftags&post=39790"}],"curies":[{"name":"wp","href":"https:\/\/api.w.org\/{rel}","templated":true}]}}