{"id":39787,"date":"2024-02-23T19:09:00","date_gmt":"2024-02-23T19:09:00","guid":{"rendered":"http:\/\/historiografija.hr\/?p=39787"},"modified":"2024-02-23T19:09:00","modified_gmt":"2024-02-23T19:09:00","slug":"izlozba-suvremeni-ukrajinski-plakat","status":"publish","type":"post","link":"https:\/\/historiografija.hr\/?p=39787","title":{"rendered":"Izlo\u017eba \u201eSuvremeni ukrajinski plakat\u201c"},"content":{"rendered":"\n<p>Izlo\u017eba &#8220;Suvremeni ukrajinski plakat: Ukrajina. Ljudi. Hrabrost. Plakati.&#8221; predstavlja 20 odabranih plakata deset ukrajinskih umjetnika, koji su nastali uglavnom odmah nakon po\u010detka invazije ruske vojske na Ukrajinu 24. velja\u010de 2022. i tijekom prve godine rata.&nbsp;<\/p>\n\n\n\n<p>Plakati nam govore o herojstvu Ukrajinaca koji brane svoju slobodu i domovinu od nadmo\u0107nijeg agresora te o patnjama obi\u010dnih ljudi, \u017eena i djece, \u017ertvama rata i ratnih zlo\u010dinaca. Tema pobjede pravde i neizbje\u017enosti ka\u017enjavanja zlo\u010dina koje je po\u010dinila Rusija u Ukrajini jedna je od najva\u017enijih u ovoj zbirci.<\/p>\n\n\n\n<p>Na izlo\u017ebi \u0107e biti predstavljeni radovi renomiranih ukrajinskih umjetnika koji rade u polju plakata: Nikita Titov, Maksym Palenko, Oleksandr Grekhov, i umjetnici iz Pictoric grupe: Oleg Gryshchenko, Romana Ruban, Oleksandr Shatokhin, Nataliia Shulga, Zhenia Polosina, Oleh Shcherba i Tanya Yakunova. Kustosica je ukrajinska povjesni\u010darka umjetnosti Darija Lysenko.<\/p>\n\n\n\n<p>Plakati su izra\u0111eni u ograni\u010denoj nakladi s ciljem prikupljanja dobrotvornih sredstava za Ukrajinu. Kompletan set plakata otkupile su vode\u0107e svjetske galerije plakata.<\/p>\n\n\n\n<p>Otkup plakata i postavljanje ove izlo\u017ebe u Hrvatskoj omogu\u0107ili su Ministarstvo kulture i medija RH i Oris Ku\u0107a arhitekture.<\/p>\n\n\n\n<p>Pozivamo Vas da nam se pridru\u017eite pri obilje\u017eavanju ove nesretne godi\u0161njice uz umjetnost. Ova je prilika da se upoznate s djelima suvremenih ukrajinskih umjetnika i da se solidarizirate s ukrajinskim narodom u te\u0161kim vremenima.<\/p>\n\n\n\n<p><strong>ORIS KU\u0106A ARHITEKTURE \/ 24. VELJA\u010cE 2024. \/ 12 SATI<\/strong><\/p>\n\n\n\n<p>Radno vrijeme izlo\u017ebe:&nbsp;&nbsp;<\/p>\n\n\n\n<p>ponedjeljak &#8211; petak od 9:00 do 19:00 sati<\/p>\n\n\n\n<p>subota od 10:00 do 15:00 sati<\/p>\n\n\n\n<p>Ulaz je slobodan.<\/p>\n\n\n\n<p><strong>Izlo\u017eba \u0107e biti otvorena do 2. o\u017eujka 2024.<\/strong><\/p>\n\n\n\n<hr class=\"wp-block-separator\"\/>\n\n\n\n<p>Izvor:<\/p>\n\n\n\n<p><a href=\"https:\/\/www.oris.hr\/hr\/oris-plus\/izlozba-suvremeni-ukrajinski-plakat,3284.html\">https:\/\/www.oris.hr\/hr\/oris-plus\/izlozba-suvremeni-ukrajinski-plakat,3284.html<\/a><\/p>\n\n\n\n<hr class=\"wp-block-separator\"\/>\n","protected":false},"excerpt":{"rendered":"","protected":false},"author":2,"featured_media":39788,"comment_status":"open","ping_status":"open","sticky":false,"template":"","format":"standard","meta":{"_acf_changed":false,"jetpack_post_was_ever_published":false,"_jetpack_newsletter_access":"","_jetpack_dont_email_post_to_subs":false,"_jetpack_newsletter_tier_id":0,"_jetpack_memberships_contains_paywalled_content":false,"_jetpack_memberships_contains_paid_content":false,"footnotes":"","jetpack_publicize_message":"","jetpack_publicize_feature_enabled":true,"jetpack_social_post_already_shared":true,"jetpack_social_options":{"image_generator_settings":{"template":"highway","default_image_id":0,"font":"","enabled":false},"version":2}},"categories":[10,3],"tags":[],"class_list":["post-39787","post","type-post","status-publish","format-standard","has-post-thumbnail","hentry","category-izlozbe","category-novosti"],"acf":{"facebook_opis":""},"jetpack_publicize_connections":[],"jetpack_featured_media_url":"https:\/\/i0.wp.com\/historiografija.hr\/wp-content\/uploads\/2024\/02\/Ukrajinski-plakat.jpg?fit=540%2C360&ssl=1","jetpack_sharing_enabled":true,"jetpack-related-posts":[],"_links":{"self":[{"href":"https:\/\/historiografija.hr\/index.php?rest_route=\/wp\/v2\/posts\/39787","targetHints":{"allow":["GET"]}}],"collection":[{"href":"https:\/\/historiografija.hr\/index.php?rest_route=\/wp\/v2\/posts"}],"about":[{"href":"https:\/\/historiografija.hr\/index.php?rest_route=\/wp\/v2\/types\/post"}],"author":[{"embeddable":true,"href":"https:\/\/historiografija.hr\/index.php?rest_route=\/wp\/v2\/users\/2"}],"replies":[{"embeddable":true,"href":"https:\/\/historiografija.hr\/index.php?rest_route=%2Fwp%2Fv2%2Fcomments&post=39787"}],"version-history":[{"count":1,"href":"https:\/\/historiografija.hr\/index.php?rest_route=\/wp\/v2\/posts\/39787\/revisions"}],"predecessor-version":[{"id":39789,"href":"https:\/\/historiografija.hr\/index.php?rest_route=\/wp\/v2\/posts\/39787\/revisions\/39789"}],"wp:featuredmedia":[{"embeddable":true,"href":"https:\/\/historiografija.hr\/index.php?rest_route=\/wp\/v2\/media\/39788"}],"wp:attachment":[{"href":"https:\/\/historiografija.hr\/index.php?rest_route=%2Fwp%2Fv2%2Fmedia&parent=39787"}],"wp:term":[{"taxonomy":"category","embeddable":true,"href":"https:\/\/historiografija.hr\/index.php?rest_route=%2Fwp%2Fv2%2Fcategories&post=39787"},{"taxonomy":"post_tag","embeddable":true,"href":"https:\/\/historiografija.hr\/index.php?rest_route=%2Fwp%2Fv2%2Ftags&post=39787"}],"curies":[{"name":"wp","href":"https:\/\/api.w.org\/{rel}","templated":true}]}}