{"id":39779,"date":"2024-02-22T18:55:03","date_gmt":"2024-02-22T18:55:03","guid":{"rendered":"http:\/\/historiografija.hr\/?p=39779"},"modified":"2024-02-22T18:58:20","modified_gmt":"2024-02-22T18:58:20","slug":"poziv-za-prijavu-na-medunarodni-znanstveni-skup-miroslav-bertosa-i-njegovi-inovativni-doprinosi-u-historiografiji-povodom-izlaska-knjige-trosenje-zivota","status":"publish","type":"post","link":"https:\/\/historiografija.hr\/?p=39779","title":{"rendered":"Poziv za prijavu na Me\u0111unarodni znanstveni skup \u201eMiroslav Berto\u0161a i njegovi inovativni doprinosi u historiografiji. Povodom izlaska knjige Tro\u0161enje \u017eivota\u201c"},"content":{"rendered":"\n<p><strong>FILOZOFSKI FAKULTET SVEU\u010cILI\u0160TA U ZAGREBU<\/strong><\/p>\n\n\n\n<p>CENTAR ZA KOMPARATIVNOHISTORIJSKE I INTERKULTURNE STUDIJE (CKHIS)<\/p>\n\n\n\n<p>MIKROHISTORIJSKA RADIONICA I JADRANSKO-MEDITERANSKA RADIONICA TE<\/p>\n\n\n\n<hr class=\"wp-block-separator\"\/>\n\n\n\n<p><strong>FAKULTET HRVATSKIH STUDIJA SVEU\u010cILI\u0160TA U ZAGREBU<\/strong><\/p>\n\n\n\n<p>ODSJEK ZA POVIJEST<\/p>\n\n\n\n<p>ZNANSTVENI ZAVOD<\/p>\n\n\n\n<hr class=\"wp-block-separator\"\/>\n\n\n\n<p class=\"has-text-align-center\">POZIV ZA PRIJAVU PRIOP\u0106ENJA<\/p>\n\n\n\n<p class=\"has-text-align-center\">Me\u0111unarodni znanstveni skup<\/p>\n\n\n\n<p class=\"has-text-align-center\"><strong>MIROSLAV BERTO\u0160A I NJEGOVI INOVATIVNI DOPRINOSI U HISTORIOGRAFIJI<\/strong><\/p>\n\n\n\n<p class=\"has-text-align-center\"><strong>POVODOM IZLASKA KNJIGE <em>TRO\u0160ENJE \u017dIVOTA<\/em><\/strong><\/p>\n\n\n\n<p class=\"has-text-align-center\">Zagreb, 18. travnja 2024.<\/p>\n\n\n\n<hr class=\"wp-block-separator\"\/>\n\n\n\n<div class=\"wp-block-file\"><a href=\"https:\/\/historiografija.hr\/wp-content\/uploads\/2024\/02\/Miroslav-Berto\u0161a-skup-pozivno-pismo.pdf\">Miroslav-Berto\u0161a-skup-pozivno-pismo<\/a><a href=\"https:\/\/historiografija.hr\/wp-content\/uploads\/2024\/02\/Miroslav-Berto\u0161a-skup-pozivno-pismo.pdf\" class=\"wp-block-file__button\" download>Preuzmi<\/a><\/div>\n\n\n\n<hr class=\"wp-block-separator\"\/>\n\n\n\n<p><\/p>\n","protected":false},"excerpt":{"rendered":"","protected":false},"author":2,"featured_media":38816,"comment_status":"open","ping_status":"open","sticky":false,"template":"","format":"standard","meta":{"_acf_changed":false,"_jetpack_newsletter_access":"","_jetpack_dont_email_post_to_subs":false,"_jetpack_newsletter_tier_id":0,"_jetpack_memberships_contains_paywalled_content":false,"_jetpack_memberships_contains_paid_content":false,"footnotes":"","jetpack_publicize_message":"","jetpack_publicize_feature_enabled":true,"jetpack_social_post_already_shared":true,"jetpack_social_options":{"image_generator_settings":{"template":"highway","default_image_id":0,"font":"","enabled":false},"version":2},"jetpack_post_was_ever_published":false},"categories":[3,9],"tags":[],"class_list":["post-39779","post","type-post","status-publish","format-standard","has-post-thumbnail","hentry","category-novosti","category-skupovi"],"acf":{"facebook_opis":""},"jetpack_publicize_connections":[],"jetpack_featured_media_url":"https:\/\/i0.wp.com\/historiografija.hr\/wp-content\/uploads\/2023\/12\/TROSENJE_ZIVOTA.png?fit=550%2C824&ssl=1","jetpack_sharing_enabled":true,"jetpack-related-posts":[{"id":53580,"url":"https:\/\/historiografija.hr\/?p=53580","url_meta":{"origin":39779,"position":0},"title":"Me\u0111unarodni znanstveni skup &#8220;Dan ekonomske historije 2026. Prostor, ljudi, ideje: Tomislav Raukar i svjetovi ekonomije&#8221;","author":"Branimir Jankovi\u0107","date":"21. svibnja 2026.","format":false,"excerpt":"Me\u0111unarodni znanstveni skup \"Dan ekonomske historije 2026. Prostor, ljudi, ideje: Tomislav Raukar i svjetovi ekonomije\" odr\u017eat \u0107e se u petak, 22. svibnja 2026. s po\u010detkom u 11 sati u Vije\u0107nici Filozofskog fakulteta Sveu\u010dili\u0161ta u Zagrebu. Programska knji\u017eica - Dan ekonomske historije 2026Preuzmi","rel":"","context":"U &quot;Novosti&quot;","block_context":{"text":"Novosti","link":"https:\/\/historiografija.hr\/?cat=3"},"img":{"alt_text":"","src":"https:\/\/i0.wp.com\/historiografija.hr\/wp-content\/uploads\/2026\/05\/Raukar.jpg?fit=875%2C414&ssl=1&resize=350%2C200","width":350,"height":200,"srcset":"https:\/\/i0.wp.com\/historiografija.hr\/wp-content\/uploads\/2026\/05\/Raukar.jpg?fit=875%2C414&ssl=1&resize=350%2C200 1x, https:\/\/i0.wp.com\/historiografija.hr\/wp-content\/uploads\/2026\/05\/Raukar.jpg?fit=875%2C414&ssl=1&resize=525%2C300 1.5x, https:\/\/i0.wp.com\/historiografija.hr\/wp-content\/uploads\/2026\/05\/Raukar.jpg?fit=875%2C414&ssl=1&resize=700%2C400 2x"},"classes":[]},{"id":52830,"url":"https:\/\/historiografija.hr\/?p=52830","url_meta":{"origin":39779,"position":1},"title":"Znanstveni skup \u201eFa\u0161izam: teorija i povijest jedne ideje\u201c","author":"Filip \u0160imunjak","date":"5. svibnja 2026.","format":false,"excerpt":"U sklopu Festivala povijesti Kliofest, u petak 8. svibnja, s po\u010detkom u 12 sati u Knji\u017enici Fakulteta hrvatskih studija Sveu\u010dili\u0161ta u Zagrebu (Borongajska cesta 83d), odr\u017eava se me\u0111unarodni znanstveni skup \u201eFa\u0161izam: teorija i povijest jedne ideje\u201c. Rije\u010d je o \u010detvrtom u nizu interdisciplinarnih znanstvenih skupova koji se svake godine posve\u0107uju\u2026","rel":"","context":"U &quot;Novosti&quot;","block_context":{"text":"Novosti","link":"https:\/\/historiografija.hr\/?cat=3"},"img":{"alt_text":"","src":"https:\/\/i0.wp.com\/historiografija.hr\/wp-content\/uploads\/2026\/05\/Fasizam-teorija-i-povijest-jedne-ideje.jpg?fit=1069%2C800&ssl=1&resize=350%2C200","width":350,"height":200,"srcset":"https:\/\/i0.wp.com\/historiografija.hr\/wp-content\/uploads\/2026\/05\/Fasizam-teorija-i-povijest-jedne-ideje.jpg?fit=1069%2C800&ssl=1&resize=350%2C200 1x, https:\/\/i0.wp.com\/historiografija.hr\/wp-content\/uploads\/2026\/05\/Fasizam-teorija-i-povijest-jedne-ideje.jpg?fit=1069%2C800&ssl=1&resize=525%2C300 1.5x, https:\/\/i0.wp.com\/historiografija.hr\/wp-content\/uploads\/2026\/05\/Fasizam-teorija-i-povijest-jedne-ideje.jpg?fit=1069%2C800&ssl=1&resize=700%2C400 2x, https:\/\/i0.wp.com\/historiografija.hr\/wp-content\/uploads\/2026\/05\/Fasizam-teorija-i-povijest-jedne-ideje.jpg?fit=1069%2C800&ssl=1&resize=1050%2C600 3x"},"classes":[]},{"id":53698,"url":"https:\/\/historiografija.hr\/?p=53698","url_meta":{"origin":39779,"position":2},"title":"Me\u0111unarodni znanstveno-stru\u010dni skup &#8220;Imotska krajina u Domovinskom ratu &#8211; 35 godina poslije&#8221;","author":"Branimir Jankovi\u0107","date":"25. svibnja 2026.","format":false,"excerpt":"Me\u0111unarodni znanstveno-stru\u010dni skup Imotska krajina u Domovinskom ratu \u2013 35 godina poslije okuplja sudionike iz akademske, stru\u010dne i dru\u0161tvene zajednice s ciljem razmjene spoznaja o ulozi Imotske krajine u Domovinskom ratu te o\u010duvanja povijesne i dru\u0161tvene memorije.\u00a0 Suorganizatori i partneri skupa su: Hrvatsko vojno u\u010dili\u0161te \u201eDr. Franjo Tu\u0111man\u201d, Sveu\u010dili\u0161te obrane\u2026","rel":"","context":"U &quot;Novosti&quot;","block_context":{"text":"Novosti","link":"https:\/\/historiografija.hr\/?cat=3"},"img":{"alt_text":"","src":"https:\/\/i0.wp.com\/historiografija.hr\/wp-content\/uploads\/2026\/05\/plakat-za-WEB-2.jpg?fit=1200%2C543&ssl=1&resize=350%2C200","width":350,"height":200,"srcset":"https:\/\/i0.wp.com\/historiografija.hr\/wp-content\/uploads\/2026\/05\/plakat-za-WEB-2.jpg?fit=1200%2C543&ssl=1&resize=350%2C200 1x, https:\/\/i0.wp.com\/historiografija.hr\/wp-content\/uploads\/2026\/05\/plakat-za-WEB-2.jpg?fit=1200%2C543&ssl=1&resize=525%2C300 1.5x, https:\/\/i0.wp.com\/historiografija.hr\/wp-content\/uploads\/2026\/05\/plakat-za-WEB-2.jpg?fit=1200%2C543&ssl=1&resize=700%2C400 2x, https:\/\/i0.wp.com\/historiografija.hr\/wp-content\/uploads\/2026\/05\/plakat-za-WEB-2.jpg?fit=1200%2C543&ssl=1&resize=1050%2C600 3x"},"classes":[]},{"id":51908,"url":"https:\/\/historiografija.hr\/?p=51908","url_meta":{"origin":39779,"position":3},"title":"(CAPONEU) Poziv za prijavu: Summer School in Critical Theory and Praxis: Literature and Society","author":"Branimir Jankovi\u0107","date":"14. o\u017eujka 2026.","format":false,"excerpt":"Pozivamo vas na ljetnu \u0161kolu\u00a0Summer School in Critical Theory and Praxis: Literature and Society, koja \u0107e se odr\u017eati od\u00a05. do 12. srpnja 2026.\u00a0u\u00a0Pala\u010di Moise u Cresu. Program organizira\u00a0Centar za teorijska istra\u017eivanja u humanistici (CTIH)\u00a0u okviru projekta\u00a0The Cartography of Political Novel in Europe (CAPONEU). Rije\u010d je o sedmodnevnom intenzivnom programu koji\u2026","rel":"","context":"U &quot;Novosti&quot;","block_context":{"text":"Novosti","link":"https:\/\/historiografija.hr\/?cat=3"},"img":{"alt_text":"","src":"https:\/\/i0.wp.com\/historiografija.hr\/wp-content\/uploads\/2026\/03\/Cres.png?fit=712%2C1004&ssl=1&resize=350%2C200","width":350,"height":200,"srcset":"https:\/\/i0.wp.com\/historiografija.hr\/wp-content\/uploads\/2026\/03\/Cres.png?fit=712%2C1004&ssl=1&resize=350%2C200 1x, https:\/\/i0.wp.com\/historiografija.hr\/wp-content\/uploads\/2026\/03\/Cres.png?fit=712%2C1004&ssl=1&resize=525%2C300 1.5x, https:\/\/i0.wp.com\/historiografija.hr\/wp-content\/uploads\/2026\/03\/Cres.png?fit=712%2C1004&ssl=1&resize=700%2C400 2x"},"classes":[]},{"id":54268,"url":"https:\/\/historiografija.hr\/?p=54268","url_meta":{"origin":39779,"position":4},"title":"Poziv na \u201cZnanstveni simpozij o knji\u017eevnom djelu Ivana Aralice\u201d","author":"Branimir Jankovi\u0107","date":"23. lipnja 2026.","format":false,"excerpt":"S rado\u0161\u0107u vas pozivamo na \u201cZnanstveni simpozij o knji\u017eevnom djelu Ivana Aralice\u201d koji \u0107e se odr\u017eati 5. i 6. studenoga 2026. na Filozofskome fakultetu Sveu\u010dili\u0161ta u Mostaru. Vi\u0161e informacija o Simpoziju mo\u017eete vidjeti na\u00a0poveznici. Prijave za sudjelovanje\u00a0potrebno je poslati do\u00a010. srpnja 2026. Izvor: https:\/\/ff.sum.ba\/2026\/05\/21\/poziv-na-znanstveni-simpozij-o-knjizevnom-djelu-ivana-aralice\/","rel":"","context":"U &quot;Novosti&quot;","block_context":{"text":"Novosti","link":"https:\/\/historiografija.hr\/?cat=3"},"img":{"alt_text":"","src":"https:\/\/i0.wp.com\/historiografija.hr\/wp-content\/uploads\/2026\/06\/ff-slika.webp?fit=1024%2C620&ssl=1&resize=350%2C200","width":350,"height":200,"srcset":"https:\/\/i0.wp.com\/historiografija.hr\/wp-content\/uploads\/2026\/06\/ff-slika.webp?fit=1024%2C620&ssl=1&resize=350%2C200 1x, https:\/\/i0.wp.com\/historiografija.hr\/wp-content\/uploads\/2026\/06\/ff-slika.webp?fit=1024%2C620&ssl=1&resize=525%2C300 1.5x, https:\/\/i0.wp.com\/historiografija.hr\/wp-content\/uploads\/2026\/06\/ff-slika.webp?fit=1024%2C620&ssl=1&resize=700%2C400 2x"},"classes":[]},{"id":54750,"url":"https:\/\/historiografija.hr\/?p=54750","url_meta":{"origin":39779,"position":5},"title":"Alta voce et calamo acri: zbornik povodom sedamdesetog ro\u0111endana Mladena An\u010di\u0107a","author":"Branimir Jankovi\u0107","date":"22. srpnja 2026.","format":false,"excerpt":"Novo suizdanje Sveu\u010dili\u0161ta u Zadru i Hrvatske akademije znanosti i umjetnosti\u00a0Alta voce et calamo acri: zbornik povodom sedamdesetog ro\u0111endana Mladena An\u010di\u0107a urednika Ante Brali\u0107a, Nikole Markulina, Antuna Neki\u0107a i Tomislava Popi\u0107a. U nakladi Sveu\u010dili\u0161ta u Zadru i sunakladni\u0161tvu Hrvatske akademije znanosti i umjetnosti tiskan je zbornik znanstvenih radova \u201eAlta voce\u2026","rel":"","context":"U &quot;Knjige&quot;","block_context":{"text":"Knjige","link":"https:\/\/historiografija.hr\/?cat=8"},"img":{"alt_text":"","src":"https:\/\/i0.wp.com\/historiografija.hr\/wp-content\/uploads\/2026\/07\/zbornik-Ancic.jpg?fit=420%2C600&ssl=1&resize=350%2C200","width":350,"height":200},"classes":[]}],"_links":{"self":[{"href":"https:\/\/historiografija.hr\/index.php?rest_route=\/wp\/v2\/posts\/39779","targetHints":{"allow":["GET"]}}],"collection":[{"href":"https:\/\/historiografija.hr\/index.php?rest_route=\/wp\/v2\/posts"}],"about":[{"href":"https:\/\/historiografija.hr\/index.php?rest_route=\/wp\/v2\/types\/post"}],"author":[{"embeddable":true,"href":"https:\/\/historiografija.hr\/index.php?rest_route=\/wp\/v2\/users\/2"}],"replies":[{"embeddable":true,"href":"https:\/\/historiografija.hr\/index.php?rest_route=%2Fwp%2Fv2%2Fcomments&post=39779"}],"version-history":[{"count":2,"href":"https:\/\/historiografija.hr\/index.php?rest_route=\/wp\/v2\/posts\/39779\/revisions"}],"predecessor-version":[{"id":39783,"href":"https:\/\/historiografija.hr\/index.php?rest_route=\/wp\/v2\/posts\/39779\/revisions\/39783"}],"wp:featuredmedia":[{"embeddable":true,"href":"https:\/\/historiografija.hr\/index.php?rest_route=\/wp\/v2\/media\/38816"}],"wp:attachment":[{"href":"https:\/\/historiografija.hr\/index.php?rest_route=%2Fwp%2Fv2%2Fmedia&parent=39779"}],"wp:term":[{"taxonomy":"category","embeddable":true,"href":"https:\/\/historiografija.hr\/index.php?rest_route=%2Fwp%2Fv2%2Fcategories&post=39779"},{"taxonomy":"post_tag","embeddable":true,"href":"https:\/\/historiografija.hr\/index.php?rest_route=%2Fwp%2Fv2%2Ftags&post=39779"}],"curies":[{"name":"wp","href":"https:\/\/api.w.org\/{rel}","templated":true}]}}