{"id":39738,"date":"2024-02-21T17:23:35","date_gmt":"2024-02-21T17:23:35","guid":{"rendered":"http:\/\/historiografija.hr\/?p=39738"},"modified":"2024-02-22T11:18:08","modified_gmt":"2024-02-22T11:18:08","slug":"preminuo-je-jan-assmann","status":"publish","type":"post","link":"https:\/\/historiografija.hr\/?p=39738","title":{"rendered":"Preminuo Jan Assmann"},"content":{"rendered":"\n<p>Portal Historiografija.ba prenio je vijest da je u 85. godini preminuo Jan Assmann (1938-2024), koji je zajedno s Aleidom Assmann imao klju\u010dni utjecaj na etabliranje pojmova \u201ekultura sje\u0107anja\u201c, \u201ekulturno pam\u0107enje\u201c i mnogih drugih &#8211; te s njima povezanih pristupa &#8211; bez kojih je danas nemogu\u0107e zamisliti dru\u0161tvene i humanisti\u010dke znanosti. <\/p>\n\n\n\n<p>Stoga su prevo\u0111eni njegovi radovi i knjige upravo o toj problematici, ali i egiptologiji&nbsp; i povijesti religije: <em>Religija in nasilje: eseji in razprave<\/em> (Ljubljana 2000), <em>Kulturno pam\u0107enje: pismo, sje\u0107anje i politi\u010dki identitet u ranim visokim kulturama<\/em> (Zenica 2005; Beograd 2011), <em>Monoteizam i jezik nasilja<\/em> (Loznica 2009), <em>Mojsije Egip\u0107anin: de\u0161ifriranje traga u pam\u0107enju<\/em> (Zagreb 2010), <em>Totalna religija<\/em> (Ljubljana 2018), <em>Duh starega Egipta: zgodovina in mi\u0161ljenje v \u010dasu faraonov<\/em> (Komen 2021). <\/p>\n\n\n\n<p>Treba spomenuti i prijevode \u010dlanaka \u201eKultura sje\u0107anja\u201c (u zborniku <em>Kultura pam\u0107enja i historija<\/em>, Zagreb 2006) i \u201eKolektivno se\u0107anje i kulturni identitet\u201c (zbornik <em>Kolektivno se\u0107anje i politike pam\u0107enja<\/em>, Beograd 2015), zajedno s drugim prijevodima u raznim \u010dasopisima (kao \u0161to je primjerice nekoliko prijevoda u \u010dasopisu \u201eOdjek\u201c iz 2010. godine). <\/p>\n\n\n\n<p>Za historiografiju je to jo\u0161 jedan podsjetnik koliko je va\u017eno osim istra\u017eivanja pro\u0161losti uzimati u obzir i \u201eodnos prema pro\u0161losti\u201c, o kojem je Assmann posebno vodio ra\u010duna.<\/p>\n\n\n\n<hr class=\"wp-block-separator\"\/>\n\n\n\n<p><strong>Umro je Jan Assmann<\/strong><\/p>\n\n\n\n<p><a href=\"https:\/\/historiografija.ba\/article.php?id=2331\">https:\/\/historiografija.ba\/article.php?id=2331<\/a><\/p>\n\n\n\n<hr class=\"wp-block-separator\"\/>\n\n\n\n<p><strong>Iz medija:<\/strong><\/p>\n\n\n\n<p><a href=\"https:\/\/direktno.hr\/zivot\/preminuo-jedan-od-vodecih-intelektualaca-nasega-doba-ostavio-golem-trag-humanistici-339006\/\">https:\/\/direktno.hr\/zivot\/preminuo-jedan-od-vodecih-intelektualaca-nasega-doba-ostavio-golem-trag-humanistici-339006\/<\/a><\/p>\n\n\n\n<hr class=\"wp-block-separator\"\/>\n","protected":false},"excerpt":{"rendered":"","protected":false},"author":2,"featured_media":39739,"comment_status":"open","ping_status":"open","sticky":false,"template":"","format":"standard","meta":{"_acf_changed":false,"jetpack_post_was_ever_published":false,"_jetpack_newsletter_access":"","_jetpack_dont_email_post_to_subs":false,"_jetpack_newsletter_tier_id":0,"_jetpack_memberships_contains_paywalled_content":false,"_jetpack_memberships_contains_paid_content":false,"footnotes":"","jetpack_publicize_message":"","jetpack_publicize_feature_enabled":true,"jetpack_social_post_already_shared":true,"jetpack_social_options":{"image_generator_settings":{"template":"highway","default_image_id":0,"font":"","enabled":false},"version":2}},"categories":[3,20],"tags":[],"class_list":["post-39738","post","type-post","status-publish","format-standard","has-post-thumbnail","hentry","category-novosti","category-obavijesti-o-smrti-i-nekrolozi"],"acf":{"facebook_opis":""},"jetpack_publicize_connections":[],"jetpack_featured_media_url":"https:\/\/i0.wp.com\/historiografija.hr\/wp-content\/uploads\/2024\/02\/jan-assmann-dpa-scaled.jpg?fit=2560%2C1440&ssl=1","jetpack_sharing_enabled":true,"jetpack-related-posts":[],"_links":{"self":[{"href":"https:\/\/historiografija.hr\/index.php?rest_route=\/wp\/v2\/posts\/39738","targetHints":{"allow":["GET"]}}],"collection":[{"href":"https:\/\/historiografija.hr\/index.php?rest_route=\/wp\/v2\/posts"}],"about":[{"href":"https:\/\/historiografija.hr\/index.php?rest_route=\/wp\/v2\/types\/post"}],"author":[{"embeddable":true,"href":"https:\/\/historiografija.hr\/index.php?rest_route=\/wp\/v2\/users\/2"}],"replies":[{"embeddable":true,"href":"https:\/\/historiografija.hr\/index.php?rest_route=%2Fwp%2Fv2%2Fcomments&post=39738"}],"version-history":[{"count":7,"href":"https:\/\/historiografija.hr\/index.php?rest_route=\/wp\/v2\/posts\/39738\/revisions"}],"predecessor-version":[{"id":39748,"href":"https:\/\/historiografija.hr\/index.php?rest_route=\/wp\/v2\/posts\/39738\/revisions\/39748"}],"wp:featuredmedia":[{"embeddable":true,"href":"https:\/\/historiografija.hr\/index.php?rest_route=\/wp\/v2\/media\/39739"}],"wp:attachment":[{"href":"https:\/\/historiografija.hr\/index.php?rest_route=%2Fwp%2Fv2%2Fmedia&parent=39738"}],"wp:term":[{"taxonomy":"category","embeddable":true,"href":"https:\/\/historiografija.hr\/index.php?rest_route=%2Fwp%2Fv2%2Fcategories&post=39738"},{"taxonomy":"post_tag","embeddable":true,"href":"https:\/\/historiografija.hr\/index.php?rest_route=%2Fwp%2Fv2%2Ftags&post=39738"}],"curies":[{"name":"wp","href":"https:\/\/api.w.org\/{rel}","templated":true}]}}