{"id":39730,"date":"2024-02-21T15:35:22","date_gmt":"2024-02-21T15:35:22","guid":{"rendered":"http:\/\/historiografija.hr\/?p=39730"},"modified":"2024-02-21T15:35:43","modified_gmt":"2024-02-21T15:35:43","slug":"predstavljanje-knjige-andreasa-kappelera-rusi-i-ukrajinci-nejednaka-braca-u-beogradu","status":"publish","type":"post","link":"https:\/\/historiografija.hr\/?p=39730","title":{"rendered":"Predstavljanje knjige Andreasa Kappelera \u201eRusi i Ukrajinci. Nejednaka bra\u0107a\u201c u Beogradu"},"content":{"rendered":"\n<p>Pozivamo vas na predstavljanje nove knjige<\/p>\n\n\n\n<p>Andreas Kepeler \u2013 Rusi i Ukrajinci. Nejednaka bra\u0107a.<\/p>\n\n\n\n<p>\u010cetvrtak, 22. februar u 19h.<\/p>\n\n\n\n<p>KROKODILov Centar (Kara\u0111or\u0111eva 43)<\/p>\n\n\n\n<p>Promocija knjige o istoriji ukrajinsko-ruskih odnosa \u0161vajcarskog istori\u010dara Andreasa Kapelera.<\/p>\n\n\n\n<p>U\u010destvuju: Milan Suboti\u0107, politikolog, recenzent knjige, Ivan \u010colovi\u0107, antropolog, urednik Biblioteke XX vek. Moderatorka: Maja Vukovi\u0107 Biserko, Udru\u017eenje KROKODIL<\/p>\n\n\n\n<p>U okviru promocije knjige, odr\u017ea\u0107e se razgovor i sa Vladimirom Arsenijevi\u0107em i Milanom Adna\u0111em povodom njihovog skorog povratka s putovanja u Herson i uspe\u0161no zavr\u0161ene tre\u0107e KROKODILove humanitarne misije za gra\u0111ane Ukrajine.<\/p>\n\n\n\n<p>Doga\u0111aj se organizuje u okviru Nedelje solidarnosti s Ukrajinom.<\/p>\n\n\n\n<hr class=\"wp-block-separator\"\/>\n\n\n\n<p>Autor Andreas Kapeler, \u0161vajcarski istori\u010dar u knjizi iznosi jasniju perspektivu na istorijske odnose izme\u0111u Rusije i Ukrajine. Knjiga je prvobitno objavljena 2017. godine, sada je pro\u0161irena novim poglavljem koje analizira doga\u0111aje do po\u010detka ruske agresije na Ukrajinu u februaru 2022. godine. Autor pru\u017ea dubok uvid u dugu i promenljivu istoriju odnosa izme\u0111u ova dva naroda, po\u010dev\u0161i od aneksije Krima 2014. godine, sve do najnovijih doga\u0111aja koji su uzdrmali me\u0111unarodnu zajednicu. Knjiga je a\u017eurirana avgusta 2022. godine kako bismo jo\u0161 bolje razumeli savremeni kontekst.<\/p>\n\n\n\n<p>Uzimaju\u0107i u obzir aktuelni rat koje je po\u010deo u februaru 2022. godine, Kapeler zadr\u017eava originalni tekst kao osnovnu istorijsku pozadinu, ali istovremeno pru\u017ea analizu novih doga\u0111aja i njihov uticaj na rusko-ukrajinske odnose. Autor nagla\u0161ava da se agresorski rat ne mo\u017ee shvatiti kao neizbe\u017ean ishod dugotrajnih istorijskih odnosa, ve\u0107 isklju\u010divo kao rezultat odluka lidera, posebno Vladimira Putina.<\/p>\n\n\n\n<hr class=\"wp-block-separator\"\/>\n\n\n\n<p>Izvori i dodatne obavijesti:<\/p>\n\n\n\n<figure class=\"wp-block-embed-wordpress wp-block-embed is-type-wp-embed is-provider-biblioteka-xx-vek\"><div class=\"wp-block-embed__wrapper\">\n<blockquote class=\"wp-embedded-content\" data-secret=\"xNqRb9exJ5\"><a href=\"https:\/\/www.bibliotekaxxvek.com\/predstavljanje-knjige-rusi-i-ukrajinci-nejednaka-braca\/\">Predstavljanje knjige \u201cRusi i Ukrajinci: nejednaka bra\u0107a\u201d<\/a><\/blockquote><iframe loading=\"lazy\" class=\"wp-embedded-content\" sandbox=\"allow-scripts\" security=\"restricted\" style=\"position: absolute; clip: rect(1px, 1px, 1px, 1px);\" title=\"&#8220;Predstavljanje knjige \u201cRusi i Ukrajinci: nejednaka bra\u0107a\u201d&#8221; &#8212; Biblioteka XX vek\" src=\"https:\/\/www.bibliotekaxxvek.com\/predstavljanje-knjige-rusi-i-ukrajinci-nejednaka-braca\/embed\/#?secret=xNqRb9exJ5\" data-secret=\"xNqRb9exJ5\" width=\"600\" height=\"338\" frameborder=\"0\" marginwidth=\"0\" marginheight=\"0\" scrolling=\"no\"><\/iframe>\n<\/div><\/figure>\n\n\n\n<figure class=\"wp-block-embed-wordpress wp-block-embed is-type-wp-embed is-provider-krokodil\"><div class=\"wp-block-embed__wrapper\">\n<blockquote class=\"wp-embedded-content\" data-secret=\"8rHUcRULH5\"><a href=\"https:\/\/www.krokodil.rs\/2024\/02\/solidarnost-s-ukrajinom-nedelja-obelezavanja-godisnjica-aneksije-krima-i-sveobuhvatne-invazije\/\">Solidarnost s Ukrajinom &#8211; nedelja obele\u017eavanja godi\u0161njica aneksije Krima i sveobuhvatne invazije<\/a><\/blockquote><iframe loading=\"lazy\" class=\"wp-embedded-content\" sandbox=\"allow-scripts\" security=\"restricted\" style=\"position: absolute; clip: rect(1px, 1px, 1px, 1px);\" title=\"&#8220;Solidarnost s Ukrajinom &#8211; nedelja obele\u017eavanja godi\u0161njica aneksije Krima i sveobuhvatne invazije&#8221; &#8212; KROKODIL\" src=\"https:\/\/www.krokodil.rs\/2024\/02\/solidarnost-s-ukrajinom-nedelja-obelezavanja-godisnjica-aneksije-krima-i-sveobuhvatne-invazije\/embed\/#?secret=YtIZRYqrhm#?secret=8rHUcRULH5\" data-secret=\"8rHUcRULH5\" width=\"600\" height=\"338\" frameborder=\"0\" marginwidth=\"0\" marginheight=\"0\" scrolling=\"no\"><\/iframe>\n<\/div><\/figure>\n\n\n\n<p><a href=\"https:\/\/www.facebook.com\/profile.php?id=100057607563288\">https:\/\/www.facebook.com\/profile.php?id=100057607563288<\/a><\/p>\n\n\n\n<p><a href=\"https:\/\/www.facebook.com\/KrokodilEngagingWords\">https:\/\/www.facebook.com\/KrokodilEngagingWords<\/a><\/p>\n\n\n\n<hr class=\"wp-block-separator\"\/>\n\n\n\n<figure class=\"wp-block-embed-wordpress wp-block-embed is-type-wp-embed is-provider-historiografija-hr\"><div class=\"wp-block-embed__wrapper\">\n<blockquote class=\"wp-embedded-content\" data-secret=\"cmOLJ5w15z\"><a href=\"https:\/\/historiografija.hr\/?p=38351\">Andreas Kappeler, \u201eRusi i Ukrajinci: Nejednaka bra\u0107a. Od srednjeg veka do danas\u201c<\/a><\/blockquote><iframe loading=\"lazy\" class=\"wp-embedded-content\" sandbox=\"allow-scripts\" security=\"restricted\" style=\"position: absolute; clip: rect(1px, 1px, 1px, 1px);\" title=\"&#8220;Andreas Kappeler, \u201eRusi i Ukrajinci: Nejednaka bra\u0107a. Od srednjeg veka do danas\u201c&#8221; &#8212; Historiografija.hr\" src=\"https:\/\/historiografija.hr\/?p=38351&#038;embed=true#?secret=cmOLJ5w15z\" data-secret=\"cmOLJ5w15z\" width=\"600\" height=\"338\" frameborder=\"0\" marginwidth=\"0\" marginheight=\"0\" scrolling=\"no\"><\/iframe>\n<\/div><\/figure>\n\n\n\n<hr class=\"wp-block-separator\"\/>\n","protected":false},"excerpt":{"rendered":"","protected":false},"author":2,"featured_media":38352,"comment_status":"open","ping_status":"open","sticky":false,"template":"","format":"standard","meta":{"_acf_changed":false,"jetpack_post_was_ever_published":false,"_jetpack_newsletter_access":"","_jetpack_dont_email_post_to_subs":false,"_jetpack_newsletter_tier_id":0,"_jetpack_memberships_contains_paywalled_content":false,"_jetpack_memberships_contains_paid_content":false,"footnotes":"","jetpack_publicize_message":"","jetpack_publicize_feature_enabled":true,"jetpack_social_post_already_shared":true,"jetpack_social_options":{"image_generator_settings":{"template":"highway","default_image_id":0,"font":"","enabled":false},"version":2}},"categories":[3],"tags":[],"class_list":["post-39730","post","type-post","status-publish","format-standard","has-post-thumbnail","hentry","category-novosti"],"acf":{"facebook_opis":""},"jetpack_publicize_connections":[],"jetpack_featured_media_url":"https:\/\/i0.wp.com\/historiografija.hr\/wp-content\/uploads\/2023\/11\/Nejednaka_braca.jpg?fit=600%2C338&ssl=1","jetpack_sharing_enabled":true,"jetpack-related-posts":[],"_links":{"self":[{"href":"https:\/\/historiografija.hr\/index.php?rest_route=\/wp\/v2\/posts\/39730","targetHints":{"allow":["GET"]}}],"collection":[{"href":"https:\/\/historiografija.hr\/index.php?rest_route=\/wp\/v2\/posts"}],"about":[{"href":"https:\/\/historiografija.hr\/index.php?rest_route=\/wp\/v2\/types\/post"}],"author":[{"embeddable":true,"href":"https:\/\/historiografija.hr\/index.php?rest_route=\/wp\/v2\/users\/2"}],"replies":[{"embeddable":true,"href":"https:\/\/historiografija.hr\/index.php?rest_route=%2Fwp%2Fv2%2Fcomments&post=39730"}],"version-history":[{"count":2,"href":"https:\/\/historiografija.hr\/index.php?rest_route=\/wp\/v2\/posts\/39730\/revisions"}],"predecessor-version":[{"id":39732,"href":"https:\/\/historiografija.hr\/index.php?rest_route=\/wp\/v2\/posts\/39730\/revisions\/39732"}],"wp:featuredmedia":[{"embeddable":true,"href":"https:\/\/historiografija.hr\/index.php?rest_route=\/wp\/v2\/media\/38352"}],"wp:attachment":[{"href":"https:\/\/historiografija.hr\/index.php?rest_route=%2Fwp%2Fv2%2Fmedia&parent=39730"}],"wp:term":[{"taxonomy":"category","embeddable":true,"href":"https:\/\/historiografija.hr\/index.php?rest_route=%2Fwp%2Fv2%2Fcategories&post=39730"},{"taxonomy":"post_tag","embeddable":true,"href":"https:\/\/historiografija.hr\/index.php?rest_route=%2Fwp%2Fv2%2Ftags&post=39730"}],"curies":[{"name":"wp","href":"https:\/\/api.w.org\/{rel}","templated":true}]}}