{"id":39698,"date":"2024-02-20T16:46:09","date_gmt":"2024-02-20T16:46:09","guid":{"rendered":"http:\/\/historiografija.hr\/?p=39698"},"modified":"2024-02-20T16:47:31","modified_gmt":"2024-02-20T16:47:31","slug":"znanstveni-kolokvij-povodom-160-obljetnice-rodenja-knjizevnika-suutemeljitelja-druzbe-braca-hrvatskoga-zmaja-i-uglednoga-katolickog-djelatnika-velimira-dezelica-st-1864-1941-praz","status":"publish","type":"post","link":"https:\/\/historiografija.hr\/?p=39698","title":{"rendered":"Znanstveni kolokvij povodom 160. obljetnice ro\u0111enja knji\u017eevnika, suutemeljitelja Dru\u017ebe \u201eBra\u0107a Hrvatskoga Zmaja&#8221; i uglednoga katoli\u010dkog djelatnika Velimira De\u017eeli\u0107a, st. (1864. &#8211; 1941.), Prazmaja-osnivatelja Kloko\u010dkog I."},"content":{"rendered":"\n<p>Znanstveni kolokvij odr\u017eat \u0107e se u sjedi\u0161tu Dru\u017ebe \u201eBra\u0107a Hrvatskoga Zmaja&#8221;, u Kuli nad Kamenitim vratima (adresa: Kamenita ulica 3, Zagreb), u srijedu, 21. velja\u010de 2024. godine, s po\u010detkom u 15.00 sati.<\/p>\n\n\n\n<hr class=\"wp-block-separator\"\/>\n\n\n\n<p><em>Program kolokvija:<\/em><\/p>\n\n\n\n<ul class=\"wp-block-list\"><li>15.00 \u2013 15.15 sati: Pozdravno slovo Velikoga me\u0161tar Dru\u017ebe \u201eBra\u0107a Hrvatskoga Zmaja\u201c prof. dr. sc. Mislava Grgi\u0107a, Zmaja Strossmayerskog i prof. emer. dr. sc. Alojza Jembriha, Zmaja&nbsp;Gregurove\u010dkog<br><br><em>Moderator:<\/em> dr. sc. Dejan Pernjak, zmajski pripravnik<\/li><\/ul>\n\n\n\n<ul class=\"wp-block-list\"><li>15.20 \u2013 15.40 sati: mr. sc. Ladislav Dobrica, Zmaj od Maruli\u0107evog trga, zamjenik pro\u010delnika Povijesne sekcije Dru\u017ebe, arhivist Dru\u017ebe: Zmajska obilje\u017eavanja De\u017eeli\u0107evih jubileja (1914., 1924. i 1933.)<\/li><\/ul>\n\n\n\n<ul class=\"wp-block-list\"><li>15.40 \u2013 16.00 sati: Marijan Kalapuri\u0107, MBA, Zmaj Doborski od svete Brigite: Velimir De\u017eeli\u0107, st. i dru\u0161tvo \u201eZvonimir\u201c u Be\u010du<\/li><\/ul>\n\n\n\n<ul class=\"wp-block-list\"><li>16.00 \u2013 16.20 sati: dr. sc. Agneza Szabo, Zmajica od Anti\u010dke Murse: Velimir De\u017eeli\u0107, st. ugledni katoli\u010dki laik u \u017eari\u0161tu Hrvatskoga katoli\u010dkoga pokreta (1900. \u2013 1941.)<\/li><\/ul>\n\n\n\n<ul class=\"wp-block-list\"><li>16.20 \u2013 16.35 sati: Stanka za okrjepu<\/li><\/ul>\n\n\n\n<ul class=\"wp-block-list\"><li>16.35 \u2013 16.45 sati: dr. sc. Vladimir Lon\u010darevi\u0107, Zmaj od Svetog Mihaela: Velimir De\u017eeli\u0107, st. i katoli\u010dki knji\u017eevni pokret<\/li><\/ul>\n\n\n\n<ul class=\"wp-block-list\"><li>16.45 \u2013 17.05 sati: dr. sc. Hrvojka Mihanovi\u0107 Salopek: Velimir De\u017eeli\u0107, st. i njegovo duhovno pjesni\u0161tvo<\/li><\/ul>\n\n\n\n<ul class=\"wp-block-list\"><li>17.05 \u2013 17.20 sati: prof. emer. dr. sc. Alojz Jembrih, Zmaj Gregurove\u010dki: Biografije znamenitih hrvatskih velikana Velimira De\u017eeli\u0107a, st.<\/li><\/ul>\n\n\n\n<ul class=\"wp-block-list\"><li>Zavr\u0161no slovo Velikoga me\u0161tra prof. dr. sc. Mislava Grgi\u0107a, Zmaja Strossmayerskog<\/li><\/ul>\n\n\n\n<hr class=\"wp-block-separator\"\/>\n\n\n\n<div class=\"wp-block-file\"><a href=\"https:\/\/historiografija.hr\/wp-content\/uploads\/2024\/02\/PROGRAM-Znanstveni-kolokvij.pdf\">PROGRAM-Znanstveni-kolokvij<\/a><a href=\"https:\/\/historiografija.hr\/wp-content\/uploads\/2024\/02\/PROGRAM-Znanstveni-kolokvij.pdf\" class=\"wp-block-file__button\" download>Preuzmi<\/a><\/div>\n\n\n\n<div class=\"wp-block-file\"><a href=\"https:\/\/historiografija.hr\/wp-content\/uploads\/2024\/02\/POZIVNICA-Znanstveni-kolokvij.pdf\">POZIVNICA-Znanstveni-kolokvij<\/a><a href=\"https:\/\/historiografija.hr\/wp-content\/uploads\/2024\/02\/POZIVNICA-Znanstveni-kolokvij.pdf\" class=\"wp-block-file__button\" download>Preuzmi<\/a><\/div>\n\n\n\n<hr class=\"wp-block-separator\"\/>\n\n\n\n<p>Izvor:<\/p>\n\n\n\n<figure class=\"wp-block-embed-wordpress wp-block-embed is-type-wp-embed is-provider-druzba-quot-braca-hrvatskoga-zmaja-quot\"><div class=\"wp-block-embed__wrapper\">\n<blockquote class=\"wp-embedded-content\" data-secret=\"mhJoogqzBg\"><a href=\"https:\/\/dbhz.hr\/najava\/znanstveni-kolokvij-povodom-160-obljetnice-rodenja-knjizevnika-suutemeljitelja-druzbe-braca-hrvatskoga-zmaja-i-uglednoga-katolickog-djelatnika-velimira-dezelica-st-1864-1941\/\">ZNANSTVENI KOLOKVIJ POVODOM 160. OBLJETNICE RO\u0110ENJA KNJI\u017dEVNIKA, SUUTEMELJITELJA DRU\u017dBE \u201eBRA\u0106A HRVATSKOGA ZMAJA\u201c I UGLEDNOGA KATOLI\u010cKOG DJELATNIKA VELIMIRA DE\u017dELI\u0106A, ST. (1864. &#8211; 1941.), PRAZMAJA-OSNIVATELJA KLOKO\u010cKOG I.<\/a><\/blockquote><iframe loading=\"lazy\" class=\"wp-embedded-content\" sandbox=\"allow-scripts\" security=\"restricted\" style=\"position: absolute; clip: rect(1px, 1px, 1px, 1px);\" title=\"&#8220;ZNANSTVENI KOLOKVIJ POVODOM 160. OBLJETNICE RO\u0110ENJA KNJI\u017dEVNIKA, SUUTEMELJITELJA DRU\u017dBE \u201eBRA\u0106A HRVATSKOGA ZMAJA\u201c I UGLEDNOGA KATOLI\u010cKOG DJELATNIKA VELIMIRA DE\u017dELI\u0106A, ST. (1864. &#8211; 1941.), PRAZMAJA-OSNIVATELJA KLOKO\u010cKOG I.&#8221; &#8212; Dru\u017eba &quot;Bra\u0107a Hrvatskoga Zmaja&quot;\" src=\"https:\/\/dbhz.hr\/najava\/znanstveni-kolokvij-povodom-160-obljetnice-rodenja-knjizevnika-suutemeljitelja-druzbe-braca-hrvatskoga-zmaja-i-uglednoga-katolickog-djelatnika-velimira-dezelica-st-1864-1941\/embed\/#?secret=mhJoogqzBg\" data-secret=\"mhJoogqzBg\" width=\"600\" height=\"338\" frameborder=\"0\" marginwidth=\"0\" marginheight=\"0\" scrolling=\"no\"><\/iframe>\n<\/div><\/figure>\n\n\n\n<hr class=\"wp-block-separator\"\/>\n","protected":false},"excerpt":{"rendered":"","protected":false},"author":2,"featured_media":39701,"comment_status":"open","ping_status":"open","sticky":false,"template":"","format":"standard","meta":{"_acf_changed":false,"jetpack_post_was_ever_published":false,"_jetpack_newsletter_access":"","_jetpack_dont_email_post_to_subs":false,"_jetpack_newsletter_tier_id":0,"_jetpack_memberships_contains_paywalled_content":false,"_jetpack_memberships_contains_paid_content":false,"footnotes":"","jetpack_publicize_message":"","jetpack_publicize_feature_enabled":true,"jetpack_social_post_already_shared":true,"jetpack_social_options":{"image_generator_settings":{"template":"highway","default_image_id":0,"font":"","enabled":false},"version":2}},"categories":[3,9],"tags":[],"class_list":["post-39698","post","type-post","status-publish","format-standard","has-post-thumbnail","hentry","category-novosti","category-skupovi"],"acf":{"facebook_opis":""},"jetpack_publicize_connections":[],"jetpack_featured_media_url":"https:\/\/i0.wp.com\/historiografija.hr\/wp-content\/uploads\/2024\/02\/ZV_2024_02_Dezelic.jpg?fit=800%2C367&ssl=1","jetpack_sharing_enabled":true,"jetpack-related-posts":[],"_links":{"self":[{"href":"https:\/\/historiografija.hr\/index.php?rest_route=\/wp\/v2\/posts\/39698","targetHints":{"allow":["GET"]}}],"collection":[{"href":"https:\/\/historiografija.hr\/index.php?rest_route=\/wp\/v2\/posts"}],"about":[{"href":"https:\/\/historiografija.hr\/index.php?rest_route=\/wp\/v2\/types\/post"}],"author":[{"embeddable":true,"href":"https:\/\/historiografija.hr\/index.php?rest_route=\/wp\/v2\/users\/2"}],"replies":[{"embeddable":true,"href":"https:\/\/historiografija.hr\/index.php?rest_route=%2Fwp%2Fv2%2Fcomments&post=39698"}],"version-history":[{"count":2,"href":"https:\/\/historiografija.hr\/index.php?rest_route=\/wp\/v2\/posts\/39698\/revisions"}],"predecessor-version":[{"id":39703,"href":"https:\/\/historiografija.hr\/index.php?rest_route=\/wp\/v2\/posts\/39698\/revisions\/39703"}],"wp:featuredmedia":[{"embeddable":true,"href":"https:\/\/historiografija.hr\/index.php?rest_route=\/wp\/v2\/media\/39701"}],"wp:attachment":[{"href":"https:\/\/historiografija.hr\/index.php?rest_route=%2Fwp%2Fv2%2Fmedia&parent=39698"}],"wp:term":[{"taxonomy":"category","embeddable":true,"href":"https:\/\/historiografija.hr\/index.php?rest_route=%2Fwp%2Fv2%2Fcategories&post=39698"},{"taxonomy":"post_tag","embeddable":true,"href":"https:\/\/historiografija.hr\/index.php?rest_route=%2Fwp%2Fv2%2Ftags&post=39698"}],"curies":[{"name":"wp","href":"https:\/\/api.w.org\/{rel}","templated":true}]}}