{"id":39676,"date":"2024-02-19T21:29:44","date_gmt":"2024-02-19T21:29:44","guid":{"rendered":"http:\/\/historiografija.hr\/?p=39676"},"modified":"2024-03-01T22:45:10","modified_gmt":"2024-03-01T22:45:10","slug":"medunarodna-naucna-konferencija-historija-roma-u-bosni-i-hercegovini-u-sarajevu","status":"publish","type":"post","link":"https:\/\/historiografija.hr\/?p=39676","title":{"rendered":"Me\u0111unarodna nau\u010dna konferencija \u201cHistorija Roma u Bosni i Hercegovini\u201d u Sarajevu"},"content":{"rendered":"\n<p>Me\u0111unarodna nau\u010dna konferencija \u201cHistorija Roma u Bosni i Hercegovini\u201d odr\u017eat \u0107e se 22. velja\u010de 2024. u Sarajevu. Organizatori Konferencije su Univerzitet u Sarajevu &#8211; Institut za historiju iz Sarajeva i Institut dru\u0161tvenih znanosti Ivo Pilar iz Zagreba.<\/p>\n\n\n\n<hr class=\"wp-block-separator\"\/>\n\n\n\n<div class=\"wp-block-file\"><a href=\"https:\/\/historiografija.hr\/wp-content\/uploads\/2024\/02\/Historija-Roma-u-BiH.pdf\">Historija-Roma-u-BiH<\/a><a href=\"https:\/\/historiografija.hr\/wp-content\/uploads\/2024\/02\/Historija-Roma-u-BiH.pdf\" class=\"wp-block-file__button\" download>Preuzmi<\/a><\/div>\n\n\n\n<hr class=\"wp-block-separator\"\/>\n\n\n\n<p>Obavijest je objavljena i na sljede\u0107im poveznicama:<\/p>\n\n\n\n<figure class=\"wp-block-embed-wordpress wp-block-embed is-type-wp-embed is-provider-institut-za-historiju\"><div class=\"wp-block-embed__wrapper\">\nhttps:\/\/iis.unsa.ba\/program-medjunarodne-naucne-konferencije-historija-roma-u-bosni-i-hercegovini-i-sazeci\/\n<\/div><\/figure>\n\n\n\n<p><a href=\"https:\/\/historiografija.ba\/article.php?id=2318\">https:\/\/historiografija.ba\/article.php?id=2318<\/a><\/p>\n\n\n\n<figure class=\"wp-block-embed-wordpress wp-block-embed is-type-wp-embed is-provider-institut-drustvenih-znanosti-ivo-pilar\"><div class=\"wp-block-embed__wrapper\">\n<blockquote class=\"wp-embedded-content\" data-secret=\"C9RcPm3s8y\"><a href=\"https:\/\/www.pilar.hr\/2024\/02\/konferencija-historija-roma-u-bosni-i-hercegovini-sarajevo-22-2-2024\/\">Konferencija \u201cHistorija Roma u Bosni i Hercegovini\u201d; Sarajevo, 22. 2. 2024.<\/a><\/blockquote><iframe loading=\"lazy\" class=\"wp-embedded-content\" sandbox=\"allow-scripts\" security=\"restricted\" style=\"position: absolute; clip: rect(1px, 1px, 1px, 1px);\" title=\"&#8220;Konferencija \u201cHistorija Roma u Bosni i Hercegovini\u201d; Sarajevo, 22. 2. 2024.&#8221; &#8212; Institut dru\u0161tvenih znanosti Ivo Pilar\" src=\"https:\/\/www.pilar.hr\/2024\/02\/konferencija-historija-roma-u-bosni-i-hercegovini-sarajevo-22-2-2024\/embed\/#?secret=YA6emqIgAx#?secret=C9RcPm3s8y\" data-secret=\"C9RcPm3s8y\" width=\"600\" height=\"338\" frameborder=\"0\" marginwidth=\"0\" marginheight=\"0\" scrolling=\"no\"><\/iframe>\n<\/div><\/figure>\n\n\n\n<hr class=\"wp-block-separator\"\/>\n\n\n\n<p>Vijesti o odr\u017eanoj konferenciji:<\/p>\n\n\n\n<figure class=\"wp-block-embed-wordpress wp-block-embed is-type-wp-embed is-provider-institut-drustvenih-znanosti-ivo-pilar\"><div class=\"wp-block-embed__wrapper\">\n<blockquote class=\"wp-embedded-content\" data-secret=\"C9RcPm3s8y\"><a href=\"https:\/\/www.pilar.hr\/2024\/02\/konferencija-historija-roma-u-bosni-i-hercegovini-sarajevo-22-2-2024\/\">Konferencija \u201cHistorija Roma u Bosni i Hercegovini\u201d; Sarajevo, 22. 2. 2024.<\/a><\/blockquote><iframe loading=\"lazy\" class=\"wp-embedded-content\" sandbox=\"allow-scripts\" security=\"restricted\" style=\"position: absolute; clip: rect(1px, 1px, 1px, 1px);\" title=\"&#8220;Konferencija \u201cHistorija Roma u Bosni i Hercegovini\u201d; Sarajevo, 22. 2. 2024.&#8221; &#8212; Institut dru\u0161tvenih znanosti Ivo Pilar\" src=\"https:\/\/www.pilar.hr\/2024\/02\/konferencija-historija-roma-u-bosni-i-hercegovini-sarajevo-22-2-2024\/embed\/#?secret=YA6emqIgAx#?secret=C9RcPm3s8y\" data-secret=\"C9RcPm3s8y\" width=\"600\" height=\"338\" frameborder=\"0\" marginwidth=\"0\" marginheight=\"0\" scrolling=\"no\"><\/iframe>\n<\/div><\/figure>\n\n\n\n<hr class=\"wp-block-separator\"\/>\n","protected":false},"excerpt":{"rendered":"","protected":false},"author":2,"featured_media":39678,"comment_status":"open","ping_status":"open","sticky":false,"template":"","format":"standard","meta":{"_acf_changed":false,"jetpack_post_was_ever_published":false,"_jetpack_newsletter_access":"","_jetpack_dont_email_post_to_subs":false,"_jetpack_newsletter_tier_id":0,"_jetpack_memberships_contains_paywalled_content":false,"_jetpack_memberships_contains_paid_content":false,"footnotes":"","jetpack_publicize_message":"","jetpack_publicize_feature_enabled":true,"jetpack_social_post_already_shared":true,"jetpack_social_options":{"image_generator_settings":{"template":"highway","default_image_id":0,"font":"","enabled":false},"version":2}},"categories":[3,9],"tags":[],"class_list":["post-39676","post","type-post","status-publish","format-standard","has-post-thumbnail","hentry","category-novosti","category-skupovi"],"acf":{"facebook_opis":""},"jetpack_publicize_connections":[],"jetpack_featured_media_url":"https:\/\/i0.wp.com\/historiografija.hr\/wp-content\/uploads\/2024\/02\/historija-roma-plakat.jpg?fit=450%2C635&ssl=1","jetpack_sharing_enabled":true,"jetpack-related-posts":[],"_links":{"self":[{"href":"https:\/\/historiografija.hr\/index.php?rest_route=\/wp\/v2\/posts\/39676","targetHints":{"allow":["GET"]}}],"collection":[{"href":"https:\/\/historiografija.hr\/index.php?rest_route=\/wp\/v2\/posts"}],"about":[{"href":"https:\/\/historiografija.hr\/index.php?rest_route=\/wp\/v2\/types\/post"}],"author":[{"embeddable":true,"href":"https:\/\/historiografija.hr\/index.php?rest_route=\/wp\/v2\/users\/2"}],"replies":[{"embeddable":true,"href":"https:\/\/historiografija.hr\/index.php?rest_route=%2Fwp%2Fv2%2Fcomments&post=39676"}],"version-history":[{"count":5,"href":"https:\/\/historiografija.hr\/index.php?rest_route=\/wp\/v2\/posts\/39676\/revisions"}],"predecessor-version":[{"id":39899,"href":"https:\/\/historiografija.hr\/index.php?rest_route=\/wp\/v2\/posts\/39676\/revisions\/39899"}],"wp:featuredmedia":[{"embeddable":true,"href":"https:\/\/historiografija.hr\/index.php?rest_route=\/wp\/v2\/media\/39678"}],"wp:attachment":[{"href":"https:\/\/historiografija.hr\/index.php?rest_route=%2Fwp%2Fv2%2Fmedia&parent=39676"}],"wp:term":[{"taxonomy":"category","embeddable":true,"href":"https:\/\/historiografija.hr\/index.php?rest_route=%2Fwp%2Fv2%2Fcategories&post=39676"},{"taxonomy":"post_tag","embeddable":true,"href":"https:\/\/historiografija.hr\/index.php?rest_route=%2Fwp%2Fv2%2Ftags&post=39676"}],"curies":[{"name":"wp","href":"https:\/\/api.w.org\/{rel}","templated":true}]}}