{"id":39647,"date":"2024-02-16T22:13:32","date_gmt":"2024-02-16T22:13:32","guid":{"rendered":"http:\/\/historiografija.hr\/?p=39647"},"modified":"2024-08-23T14:18:26","modified_gmt":"2024-08-23T14:18:26","slug":"jasna-bastic-odlazak-u-noc","status":"publish","type":"post","link":"https:\/\/historiografija.hr\/?p=39647","title":{"rendered":"Jasna Ba\u0161ti\u0107, \u201eOdlazak u no\u0107\u201c"},"content":{"rendered":"\n<p>Svjedo\u010denje Zvonimira Zako\u0161eka o ratnim zbivanjima u Topuskom, Pakra\u010dkoj Poljani, Bosni i Oluji mo\u017eda je najpotpunije napisana studija slu\u010daja u literaturi o PTSP-u. S njim \u0107emo po\u010deti razumijevati dva jo\u0161 uvijek nedovoljno rasvijetljena aspekta ratnih trauma me\u0111u vojnim sudionicima rata: psiholo\u0161ki lom osobe s zapovjednom pozicijom u ratnim operacijama i problem krivnje zbog po\u010dinjenih djela, odnosno \u017ertava. Iako je rije\u010d o memoarima, ovo djelo nudi brojne spoznaje o psiholo\u0161kim i sociolo\u0161kim aspektima Domovinskog rata, a napose o veteranskoj populaciji koja se nosi s posljedicama rata u vidu posttraumatskog stresnog poreme\u0107aja. Nadalje, doprinos ovog djela o\u010dituje se i u tome \u0161to je sugovornik (suautor) u ratu obna\u0161ao visoku \u010dasni\u010dku du\u017enost, a takve su ispovijesti raritetne u literaturi o PTSP-u, posebno o jednom od najproblemati\u010dnijih aspekata PTSP-a a koji se odnosi na suo\u010davanje s krivnjom.<br>\u2013 Danijela Luci\u0107<\/p>\n\n\n\n<p>Ovo je sna\u017ean, iskren i vrlo realisti\u010dan opis ratnog iskustva. Iako je o Domovinskom ratu u Hrvatskoj (1991\u201395.) objavljeno mnogo knjiga, ovo su prvi ratni memoari koji nude iskren i suptilan pogled na to \u0161to zna\u010di biti borac u krvavom sukobu. Ovo je izvrsna knjiga koja uspje\u0161no dekonstruira sve dominantne mitove o Domovinskom ratu. Zvonimir Zako\u0161ek uvjerljivo pokazuje da je rat pakao i da mnogim biv\u0161im borcima ratna pobjeda ne pru\u017ea utjehu. Umjesto toga ratno iskustvo vas oblikuje do kraja \u017eivota i zauvijek utje\u010de na va\u0161e odnose s drugim ljudima. Ova knjiga nije samo o PTSP-u, ona je puno vi\u0161e od toga.<br>\u2013 Sini\u0161a Male\u0161evi\u0107<\/p>\n\n\n\n<hr class=\"wp-block-separator\"\/>\n\n\n\n<p>Nakladnik: Jesenski i Turk<\/p>\n\n\n\n<p>Godina izdanja: 2023<\/p>\n\n\n\n<p>Broj stranica: 215<\/p>\n\n\n\n<hr class=\"wp-block-separator\"\/>\n\n\n\n<p>Izvor:<\/p>\n\n\n\n<p><a href=\"https:\/\/www.jesenski-turk.hr\/hr\/odlazak-u-noc-2023-jasna-bastic\">https:\/\/www.jesenski-turk.hr\/hr\/odlazak-u-noc-2023-jasna-bastic<\/a><\/p>\n\n\n\n<hr class=\"wp-block-separator\"\/>\n\n\n\n<p>Osvrti:<\/p>\n\n\n\n<p><a href=\"https:\/\/www.portalnovosti.com\/noc-krvi-i-krivnje\">https:\/\/www.portalnovosti.com\/noc-krvi-i-krivnje<\/a><\/p>\n\n\n\n<hr class=\"wp-block-separator\"\/>\n\n\n\n<figure class=\"wp-block-embed-wordpress wp-block-embed is-type-wp-embed is-provider-h-alter\"><div class=\"wp-block-embed__wrapper\">\n<blockquote class=\"wp-embedded-content\" data-secret=\"r3Ewtn7Lph\"><a href=\"https:\/\/h-alter.org\/kultura\/zlocin-drugim-sredstvima\/\">Zlo\u010din drugim sredstvima<\/a><\/blockquote><iframe loading=\"lazy\" class=\"wp-embedded-content\" sandbox=\"allow-scripts\" security=\"restricted\" style=\"position: absolute; clip: rect(1px, 1px, 1px, 1px);\" title=\"&#8220;Zlo\u010din drugim sredstvima&#8221; &#8212; H-Alter\" src=\"https:\/\/h-alter.org\/kultura\/zlocin-drugim-sredstvima\/embed\/#?secret=sogZU8evC3#?secret=r3Ewtn7Lph\" data-secret=\"r3Ewtn7Lph\" width=\"600\" height=\"338\" frameborder=\"0\" marginwidth=\"0\" marginheight=\"0\" scrolling=\"no\"><\/iframe>\n<\/div><\/figure>\n\n\n\n<hr class=\"wp-block-separator\"\/>\n","protected":false},"excerpt":{"rendered":"","protected":false},"author":2,"featured_media":39648,"comment_status":"open","ping_status":"open","sticky":false,"template":"","format":"standard","meta":{"_acf_changed":false,"jetpack_post_was_ever_published":false,"_jetpack_newsletter_access":"","_jetpack_dont_email_post_to_subs":false,"_jetpack_newsletter_tier_id":0,"_jetpack_memberships_contains_paywalled_content":false,"_jetpack_memberships_contains_paid_content":false,"footnotes":"","jetpack_publicize_message":"","jetpack_publicize_feature_enabled":true,"jetpack_social_post_already_shared":true,"jetpack_social_options":{"image_generator_settings":{"template":"highway","default_image_id":0,"font":"","enabled":false},"version":2}},"categories":[8,3],"tags":[],"class_list":["post-39647","post","type-post","status-publish","format-standard","has-post-thumbnail","hentry","category-knjige","category-novosti"],"acf":{"facebook_opis":""},"jetpack_publicize_connections":[],"jetpack_featured_media_url":"https:\/\/i0.wp.com\/historiografija.hr\/wp-content\/uploads\/2024\/02\/Odlazak.jpeg?fit=230%2C354&ssl=1","jetpack_sharing_enabled":true,"jetpack-related-posts":[],"_links":{"self":[{"href":"https:\/\/historiografija.hr\/index.php?rest_route=\/wp\/v2\/posts\/39647","targetHints":{"allow":["GET"]}}],"collection":[{"href":"https:\/\/historiografija.hr\/index.php?rest_route=\/wp\/v2\/posts"}],"about":[{"href":"https:\/\/historiografija.hr\/index.php?rest_route=\/wp\/v2\/types\/post"}],"author":[{"embeddable":true,"href":"https:\/\/historiografija.hr\/index.php?rest_route=\/wp\/v2\/users\/2"}],"replies":[{"embeddable":true,"href":"https:\/\/historiografija.hr\/index.php?rest_route=%2Fwp%2Fv2%2Fcomments&post=39647"}],"version-history":[{"count":3,"href":"https:\/\/historiografija.hr\/index.php?rest_route=\/wp\/v2\/posts\/39647\/revisions"}],"predecessor-version":[{"id":42007,"href":"https:\/\/historiografija.hr\/index.php?rest_route=\/wp\/v2\/posts\/39647\/revisions\/42007"}],"wp:featuredmedia":[{"embeddable":true,"href":"https:\/\/historiografija.hr\/index.php?rest_route=\/wp\/v2\/media\/39648"}],"wp:attachment":[{"href":"https:\/\/historiografija.hr\/index.php?rest_route=%2Fwp%2Fv2%2Fmedia&parent=39647"}],"wp:term":[{"taxonomy":"category","embeddable":true,"href":"https:\/\/historiografija.hr\/index.php?rest_route=%2Fwp%2Fv2%2Fcategories&post=39647"},{"taxonomy":"post_tag","embeddable":true,"href":"https:\/\/historiografija.hr\/index.php?rest_route=%2Fwp%2Fv2%2Ftags&post=39647"}],"curies":[{"name":"wp","href":"https:\/\/api.w.org\/{rel}","templated":true}]}}