{"id":39624,"date":"2024-02-14T22:26:00","date_gmt":"2024-02-14T22:26:00","guid":{"rendered":"http:\/\/historiografija.hr\/?p=39624"},"modified":"2024-03-07T18:58:01","modified_gmt":"2024-03-07T18:58:01","slug":"odrzano-predstavljanje-knjige-ilana-pappea-deset-mitova-o-izraelu-u-zagrebu","status":"publish","type":"post","link":"https:\/\/historiografija.hr\/?p=39624","title":{"rendered":"Odr\u017eano predstavljanje knjige Ilana Papp\u00e9a \u201eDeset mitova o Izraelu\u201c u Zagrebu"},"content":{"rendered":"\n<p>\u201eU sklopu programa \u201cVe\u010deri Palestine\u201d u organizaciji Inicijative za slobodnu Palestinu, u petak 9. velja\u010de 2024. u Knji\u017enici Bogdana Ogrizovi\u0107a odr\u017eano je predstavljanje knjige Deset mitova o Izraelu poznatog izraelskog povjesni\u010dara, politologa i biv\u0161eg politi\u010dara u egzilu Ilana Papp\u00e9a.\u201c (H-Alter)<\/p>\n\n\n\n<hr class=\"wp-block-separator\"\/>\n\n\n\n<p>Izvor i dodatne obavijesti:<\/p>\n\n\n\n<figure class=\"wp-block-embed-wordpress wp-block-embed is-type-wp-embed is-provider-h-alter\"><div class=\"wp-block-embed__wrapper\">\n<blockquote class=\"wp-embedded-content\" data-secret=\"g4jYTWC2Lr\"><a href=\"https:\/\/h-alter.org\/kultura\/deset-mitova-o-izraelu\/\">\u201cDeset mitova o Izraelu\u201d<\/a><\/blockquote><iframe loading=\"lazy\" class=\"wp-embedded-content\" sandbox=\"allow-scripts\" security=\"restricted\" style=\"position: absolute; clip: rect(1px, 1px, 1px, 1px);\" title=\"&#8220;\u201cDeset mitova o Izraelu\u201d&#8221; &#8212; H-Alter\" src=\"https:\/\/h-alter.org\/kultura\/deset-mitova-o-izraelu\/embed\/#?secret=TumOKDtbiD#?secret=g4jYTWC2Lr\" data-secret=\"g4jYTWC2Lr\" width=\"600\" height=\"338\" frameborder=\"0\" marginwidth=\"0\" marginheight=\"0\" scrolling=\"no\"><\/iframe>\n<\/div><\/figure>\n\n\n\n<p><a href=\"https:\/\/www.kgz.hr\/hr\/dogadjanja\/deset-mitova-o-izraelu\/65758\">https:\/\/www.kgz.hr\/hr\/dogadjanja\/deset-mitova-o-izraelu\/65758<\/a><\/p>\n\n\n\n<p><a href=\"https:\/\/www.facebook.com\/events\/2102213670115682\">https:\/\/www.facebook.com\/events\/2102213670115682<\/a><\/p>\n\n\n\n<p><a href=\"https:\/\/mojzagreb.info\/zagreb\/deset-mitova-o-izraelu-razgovor-i-predstavljane-knjige-u-zagrebu-09-velja%C4%8De-2024-godine-u-knji%C5%BEnici-i-%C4%8Ditaonici-bogdana-ogrizovi%C4%87a\">https:\/\/mojzagreb.info\/zagreb\/deset-mitova-o-izraelu-razgovor-i-predstavljane-knjige-u-zagrebu-09-velja%C4%8De-2024-godine-u-knji%C5%BEnici-i-%C4%8Ditaonici-bogdana-ogrizovi%C4%87a<\/a><\/p>\n\n\n\n<hr class=\"wp-block-separator\"\/>\n\n\n\n<p>Novi prilozi:<\/p>\n\n\n\n<figure class=\"wp-block-embed-wordpress wp-block-embed is-type-wp-embed is-provider-h-alter\"><div class=\"wp-block-embed__wrapper\">\n<blockquote class=\"wp-embedded-content\" data-secret=\"xokjQY1Aja\"><a href=\"https:\/\/h-alter.org\/svijet\/pijanoj-noci-blizi-se-kraj\/\">&#8220;Pijanoj no\u0107i&#8221; bli\u017ei se kraj<\/a><\/blockquote><iframe loading=\"lazy\" class=\"wp-embedded-content\" sandbox=\"allow-scripts\" security=\"restricted\" style=\"position: absolute; clip: rect(1px, 1px, 1px, 1px);\" title=\"&#8220;&#8220;Pijanoj no\u0107i&#8221; bli\u017ei se kraj&#8221; &#8212; H-Alter\" src=\"https:\/\/h-alter.org\/svijet\/pijanoj-noci-blizi-se-kraj\/embed\/#?secret=64kmvBYmdt#?secret=xokjQY1Aja\" data-secret=\"xokjQY1Aja\" width=\"600\" height=\"338\" frameborder=\"0\" marginwidth=\"0\" marginheight=\"0\" scrolling=\"no\"><\/iframe>\n<\/div><\/figure>\n\n\n\n<hr class=\"wp-block-separator\"\/>\n","protected":false},"excerpt":{"rendered":"","protected":false},"author":2,"featured_media":39625,"comment_status":"open","ping_status":"open","sticky":false,"template":"","format":"standard","meta":{"_acf_changed":false,"_jetpack_newsletter_access":"","_jetpack_dont_email_post_to_subs":false,"_jetpack_newsletter_tier_id":0,"_jetpack_memberships_contains_paywalled_content":false,"_jetpack_memberships_contains_paid_content":false,"footnotes":"","jetpack_publicize_message":"","jetpack_publicize_feature_enabled":true,"jetpack_social_post_already_shared":true,"jetpack_social_options":{"image_generator_settings":{"template":"highway","default_image_id":0,"font":"","enabled":false},"version":2},"jetpack_post_was_ever_published":false},"categories":[3],"tags":[],"class_list":["post-39624","post","type-post","status-publish","format-standard","has-post-thumbnail","hentry","category-novosti"],"acf":{"facebook_opis":""},"jetpack_publicize_connections":[],"jetpack_featured_media_url":"https:\/\/i0.wp.com\/historiografija.hr\/wp-content\/uploads\/2024\/02\/Pappe.jpg?fit=785%2C1047&ssl=1","jetpack_sharing_enabled":true,"jetpack-related-posts":[{"id":53820,"url":"https:\/\/historiografija.hr\/?p=53820","url_meta":{"origin":39624,"position":0},"title":"Predstavljanje knjige Antona Bozani\u0107a &#8220;Kr\u010dki iseljenici u New Yorku i Sjedinjenim Ameri\u010dkim Dr\u017eavama&#8221; u Krku","author":"Branimir Jankovi\u0107","date":"29. svibnja 2026.","format":false,"excerpt":"Predstavljanje knjige doc. dr. sc. Antona Bozani\u0107a \"Kr\u010dki iseljenici u New Yorku i Sjedinjenim Ameri\u010dkim Dr\u017eavama\" bit \u0107e odr\u017eano u utorak, 2. lipnja 2026. godine u 12:00 sati u Velikoj vije\u0107nici Grada Krka. Op\u0161irnije u nastavku. Izvor: https:\/\/otok-krk.org\/krk\/krk-predstavljanje-knjige-krcki-iseljenici-u-new-yorku-i-sjedinjenim-ameri%C4%8Dkim-drzavama","rel":"","context":"U &quot;Novosti&quot;","block_context":{"text":"Novosti","link":"https:\/\/historiografija.hr\/?cat=3"},"img":{"alt_text":"","src":"https:\/\/i0.wp.com\/historiografija.hr\/wp-content\/uploads\/2026\/05\/Promocija-knjige-Bozanic.jpg?fit=1200%2C574&ssl=1&resize=350%2C200","width":350,"height":200,"srcset":"https:\/\/i0.wp.com\/historiografija.hr\/wp-content\/uploads\/2026\/05\/Promocija-knjige-Bozanic.jpg?fit=1200%2C574&ssl=1&resize=350%2C200 1x, https:\/\/i0.wp.com\/historiografija.hr\/wp-content\/uploads\/2026\/05\/Promocija-knjige-Bozanic.jpg?fit=1200%2C574&ssl=1&resize=525%2C300 1.5x, https:\/\/i0.wp.com\/historiografija.hr\/wp-content\/uploads\/2026\/05\/Promocija-knjige-Bozanic.jpg?fit=1200%2C574&ssl=1&resize=700%2C400 2x, https:\/\/i0.wp.com\/historiografija.hr\/wp-content\/uploads\/2026\/05\/Promocija-knjige-Bozanic.jpg?fit=1200%2C574&ssl=1&resize=1050%2C600 3x"},"classes":[]},{"id":53372,"url":"https:\/\/historiografija.hr\/?p=53372","url_meta":{"origin":39624,"position":1},"title":"Predstavljanje knjige Marije Vulesice \u201eFrom Zagreb to Palestine. Yugoslav Zionist Aid Networks for European Jews, 1933\u20131941\u201c u Grazu","author":"Branimir Jankovi\u0107","date":"15. svibnja 2026.","format":false,"excerpt":"U ponedjeljak, 18. svibnja 2026. u 17 sati u Grazu bit \u0107e odr\u017eano predavanje Marije Vulesice i predstavljanje njezine knjige \u201eFrom Zagreb to Palestine. Yugoslav Zionist Aid Networks for European Jews, 1933\u20131941\u201c. Op\u0161irnije: https:\/\/historiografija.ba\/historija-u-javnosti\/dogadjaji\/Predstavljanje-knjige-From-Zagreb-to-Palestine https:\/\/juedischestudien.uni-graz.at\/de\/neuigkeiten\/from-zagreb-to-palestine-yugoslav-zionist-aid-networks-for-european-jews-1933-1941 Dodatne obavijesti: https:\/\/historiografija.hr\/?p=49777","rel":"","context":"U &quot;Novosti&quot;","block_context":{"text":"Novosti","link":"https:\/\/historiografija.hr\/?cat=3"},"img":{"alt_text":"","src":"https:\/\/i0.wp.com\/historiografija.hr\/wp-content\/uploads\/2025\/11\/Marija_Vulesica.jpg?fit=800%2C490&ssl=1&resize=350%2C200","width":350,"height":200,"srcset":"https:\/\/i0.wp.com\/historiografija.hr\/wp-content\/uploads\/2025\/11\/Marija_Vulesica.jpg?fit=800%2C490&ssl=1&resize=350%2C200 1x, https:\/\/i0.wp.com\/historiografija.hr\/wp-content\/uploads\/2025\/11\/Marija_Vulesica.jpg?fit=800%2C490&ssl=1&resize=525%2C300 1.5x, https:\/\/i0.wp.com\/historiografija.hr\/wp-content\/uploads\/2025\/11\/Marija_Vulesica.jpg?fit=800%2C490&ssl=1&resize=700%2C400 2x"},"classes":[]},{"id":54656,"url":"https:\/\/historiografija.hr\/?p=54656","url_meta":{"origin":39624,"position":2},"title":"Objavljen novi broj \u010dasopisa &#8220;Pro tempore&#8221;","author":"Filip \u0160imunjak","date":"20. srpnja 2026.","format":false,"excerpt":"Na Portalu hrvatskih znanstvenih i stru\u010dnih \u010dasopisa \u2013 Hr\u010dak objavljen je obljetni\u010dki 20. broj \u010dasopisa studenata povijesti Pro tempore za 2025. godinu (dostupno na poveznici: https:\/\/hrcak.srce.hr\/broj\/27045). Novi broj obra\u0111uje teme mitova i narativa te obuhva\u0107a sva povijesna razdoblja \u2013 od stare do suvremene povijesti. Povodom 20 godina rada na \u010casopisu,\u2026","rel":"","context":"U &quot;\u010casopisi&quot;","block_context":{"text":"\u010casopisi","link":"https:\/\/historiografija.hr\/?cat=21"},"img":{"alt_text":"","src":"https:\/\/i0.wp.com\/historiografija.hr\/wp-content\/uploads\/2026\/07\/Pro-tempore-20-scaled.webp?fit=850%2C1200&ssl=1&resize=350%2C200","width":350,"height":200,"srcset":"https:\/\/i0.wp.com\/historiografija.hr\/wp-content\/uploads\/2026\/07\/Pro-tempore-20-scaled.webp?fit=850%2C1200&ssl=1&resize=350%2C200 1x, https:\/\/i0.wp.com\/historiografija.hr\/wp-content\/uploads\/2026\/07\/Pro-tempore-20-scaled.webp?fit=850%2C1200&ssl=1&resize=525%2C300 1.5x, https:\/\/i0.wp.com\/historiografija.hr\/wp-content\/uploads\/2026\/07\/Pro-tempore-20-scaled.webp?fit=850%2C1200&ssl=1&resize=700%2C400 2x"},"classes":[]},{"id":52944,"url":"https:\/\/historiografija.hr\/?p=52944","url_meta":{"origin":39624,"position":3},"title":"Drago Ma\u017ear, &#8220;Dva kurira&#8221;","author":"Branimir Jankovi\u0107","date":"6. svibnja 2026.","format":false,"excerpt":"U sklopu Festivala povijesti Kliofest bit \u0107e odr\u017eano predstavljanje knjige Drage Ma\u017eara \"Dva kurira\" u \u010detvrtak, 7. svibnja 2026. u 19 sati u Srpskom kulturnom centru u Zagrebu (Preradovi\u0107eva 21). Drago Ma\u017ear: Dva kurira, Srpski kulturni centar Zagreb, Preradovi\u0107eva 21, 7. maja 2026., 19 sati Dan uo\u010di godi\u0161njice ulaska partizana\u2026","rel":"","context":"U &quot;Novosti&quot;","block_context":{"text":"Novosti","link":"https:\/\/historiografija.hr\/?cat=3"},"img":{"alt_text":"","src":"https:\/\/i0.wp.com\/historiografija.hr\/wp-content\/uploads\/2026\/05\/Kliofest-03-cetvrtak-IV-20-PK-Dva-kurira.jpg?fit=1200%2C566&ssl=1&resize=350%2C200","width":350,"height":200,"srcset":"https:\/\/i0.wp.com\/historiografija.hr\/wp-content\/uploads\/2026\/05\/Kliofest-03-cetvrtak-IV-20-PK-Dva-kurira.jpg?fit=1200%2C566&ssl=1&resize=350%2C200 1x, https:\/\/i0.wp.com\/historiografija.hr\/wp-content\/uploads\/2026\/05\/Kliofest-03-cetvrtak-IV-20-PK-Dva-kurira.jpg?fit=1200%2C566&ssl=1&resize=525%2C300 1.5x, https:\/\/i0.wp.com\/historiografija.hr\/wp-content\/uploads\/2026\/05\/Kliofest-03-cetvrtak-IV-20-PK-Dva-kurira.jpg?fit=1200%2C566&ssl=1&resize=700%2C400 2x, https:\/\/i0.wp.com\/historiografija.hr\/wp-content\/uploads\/2026\/05\/Kliofest-03-cetvrtak-IV-20-PK-Dva-kurira.jpg?fit=1200%2C566&ssl=1&resize=1050%2C600 3x"},"classes":[]},{"id":54595,"url":"https:\/\/historiografija.hr\/?p=54595","url_meta":{"origin":39624,"position":4},"title":"Alessandro Vanoli, \u201eIstorija mora\u201c","author":"Branimir Jankovi\u0107","date":"14. srpnja 2026.","format":false,"excerpt":"U izdanju Akademske knjige iz Novog Sada objavljen je 2025. godine prijevod knjige Alesandra Vanolija Istorija mora, koju je na srpski jezik prevela Julijana Vu\u010do. O knjizi: Pred nama je istorija mora. Knjiga pripoveda o geologiji, ljudima sa obala, otkri\u0107ima, brodovima, ratovima, mitovima i snovima. Ali pre svega govori o\u2026","rel":"","context":"U &quot;Knjige&quot;","block_context":{"text":"Knjige","link":"https:\/\/historiografija.hr\/?cat=8"},"img":{"alt_text":"","src":"https:\/\/i0.wp.com\/historiografija.hr\/wp-content\/uploads\/2026\/07\/Istorija-mora.png?fit=600%2C394&ssl=1&resize=350%2C200","width":350,"height":200,"srcset":"https:\/\/i0.wp.com\/historiografija.hr\/wp-content\/uploads\/2026\/07\/Istorija-mora.png?fit=600%2C394&ssl=1&resize=350%2C200 1x, https:\/\/i0.wp.com\/historiografija.hr\/wp-content\/uploads\/2026\/07\/Istorija-mora.png?fit=600%2C394&ssl=1&resize=525%2C300 1.5x"},"classes":[]},{"id":53570,"url":"https:\/\/historiografija.hr\/?p=53570","url_meta":{"origin":39624,"position":5},"title":"Predstavljeno drugo izdanje knjige Vesne \u010cu\u010di\u0107 \u201cPosljednja kriza Dubrova\u010dke Republike\u201d u Dubrovniku i Kotoru","author":"Branimir Jankovi\u0107","date":"21. svibnja 2026.","format":false,"excerpt":"Drugo izdanje knjige \u201cPosljednja kriza Dubrova\u010dke Republike\u201d autorice dr. sc. Vesne \u010cu\u010di\u0107 predstavljeno je 12. svibnja 2026. godine u Dubrovniku, te dan kasnije 13. svibnja 2026. godine u Boki kotorskoj. Predstavljanje 12. svibnja odr\u017eano je u Ljetnikovcu Sorko\u010devi\u0107 pred mnogobrojnom publikom. Najprije su u ime izdava\u010da prisutne pozdravile ravnateljica Zavoda\u2026","rel":"","context":"U &quot;Novosti&quot;","block_context":{"text":"Novosti","link":"https:\/\/historiografija.hr\/?cat=3"},"img":{"alt_text":"","src":"https:\/\/i0.wp.com\/historiografija.hr\/wp-content\/uploads\/2026\/05\/cucic2026-%E2%80%93-2.jpg?fit=1200%2C454&ssl=1&resize=350%2C200","width":350,"height":200,"srcset":"https:\/\/i0.wp.com\/historiografija.hr\/wp-content\/uploads\/2026\/05\/cucic2026-%E2%80%93-2.jpg?fit=1200%2C454&ssl=1&resize=350%2C200 1x, https:\/\/i0.wp.com\/historiografija.hr\/wp-content\/uploads\/2026\/05\/cucic2026-%E2%80%93-2.jpg?fit=1200%2C454&ssl=1&resize=525%2C300 1.5x, https:\/\/i0.wp.com\/historiografija.hr\/wp-content\/uploads\/2026\/05\/cucic2026-%E2%80%93-2.jpg?fit=1200%2C454&ssl=1&resize=700%2C400 2x, https:\/\/i0.wp.com\/historiografija.hr\/wp-content\/uploads\/2026\/05\/cucic2026-%E2%80%93-2.jpg?fit=1200%2C454&ssl=1&resize=1050%2C600 3x"},"classes":[]}],"_links":{"self":[{"href":"https:\/\/historiografija.hr\/index.php?rest_route=\/wp\/v2\/posts\/39624","targetHints":{"allow":["GET"]}}],"collection":[{"href":"https:\/\/historiografija.hr\/index.php?rest_route=\/wp\/v2\/posts"}],"about":[{"href":"https:\/\/historiografija.hr\/index.php?rest_route=\/wp\/v2\/types\/post"}],"author":[{"embeddable":true,"href":"https:\/\/historiografija.hr\/index.php?rest_route=\/wp\/v2\/users\/2"}],"replies":[{"embeddable":true,"href":"https:\/\/historiografija.hr\/index.php?rest_route=%2Fwp%2Fv2%2Fcomments&post=39624"}],"version-history":[{"count":2,"href":"https:\/\/historiografija.hr\/index.php?rest_route=\/wp\/v2\/posts\/39624\/revisions"}],"predecessor-version":[{"id":39971,"href":"https:\/\/historiografija.hr\/index.php?rest_route=\/wp\/v2\/posts\/39624\/revisions\/39971"}],"wp:featuredmedia":[{"embeddable":true,"href":"https:\/\/historiografija.hr\/index.php?rest_route=\/wp\/v2\/media\/39625"}],"wp:attachment":[{"href":"https:\/\/historiografija.hr\/index.php?rest_route=%2Fwp%2Fv2%2Fmedia&parent=39624"}],"wp:term":[{"taxonomy":"category","embeddable":true,"href":"https:\/\/historiografija.hr\/index.php?rest_route=%2Fwp%2Fv2%2Fcategories&post=39624"},{"taxonomy":"post_tag","embeddable":true,"href":"https:\/\/historiografija.hr\/index.php?rest_route=%2Fwp%2Fv2%2Ftags&post=39624"}],"curies":[{"name":"wp","href":"https:\/\/api.w.org\/{rel}","templated":true}]}}