{"id":39617,"date":"2024-02-14T22:06:48","date_gmt":"2024-02-14T22:06:48","guid":{"rendered":"http:\/\/historiografija.hr\/?p=39617"},"modified":"2024-02-14T22:06:48","modified_gmt":"2024-02-14T22:06:48","slug":"medunarodna-zimska-skola-enhancing-publications-skills-in-the-field-of-jewish-studies-in-east-and-east-central-europe-u-dubrovniku","status":"publish","type":"post","link":"https:\/\/historiografija.hr\/?p=39617","title":{"rendered":"Me\u0111unarodna zimska \u0161kola \u201dEnhancing Publications Skills in the Field of Jewish Studies in East and East Central Europe\u201d u Dubrovniku"},"content":{"rendered":"\n<p><a href=\"https:\/\/www.ffzg.unizg.hr\/judaistika\/\">Katedra za \u017eidovske studije i istra\u017eivanje Holokausta<\/a> Filozofskog fakulteta Sveu\u010dili\u0161ta u Zagrebu, kao i U\u010diteljski fakultet Sveu\u010dili\u0161ta u Zagrebu te The Hebrew University of Jerusalem organizirali su <strong>Zimsku \u0161kolu \u017eidovskih studija u Interuniverzitetskom centru<\/strong> (IUC) u Dubrovniku od 5. do 7. velja\u010de 2024. godine.<\/p>\n\n\n\n<hr class=\"wp-block-separator\"\/>\n\n\n\n<p>Op\u0161irnije:<\/p>\n\n\n\n<p><a href=\"https:\/\/iuc.hr\/programme\/1840\">https:\/\/iuc.hr\/programme\/1840<\/a><\/p>\n\n\n\n<figure class=\"wp-block-embed-wordpress wp-block-embed is-type-wp-embed is-provider-filozofski-fakultet-sveucilista-u-zagrebu\"><div class=\"wp-block-embed__wrapper\">\n<blockquote class=\"wp-embedded-content\" data-secret=\"Bxu8o83ngX\"><a href=\"https:\/\/web2020.ffzg.unizg.hr\/blog\/2024\/02\/06\/medunarodna-zimska-skola-enhancing-publications-skills-in-the-field-of-jewish-studies-in-east-and-east-central-europe-unaprijedivanje-izdavackih-vjestina-u-polju-zidovskih-studija-u-istocnoj\/\">Me\u0111unarodna zimska \u0161kola &#8221;Enhancing Publications Skills in the Field of Jewish Studies in East and East Central Europe&#8221; (Unaprije\u0111ivanje izdava\u010dkih vje\u0161tina u polju \u017didovskih studija u Isto\u010dnoj i Srednjoj Europi).<\/a><\/blockquote><iframe loading=\"lazy\" class=\"wp-embedded-content\" sandbox=\"allow-scripts\" security=\"restricted\" style=\"position: absolute; clip: rect(1px, 1px, 1px, 1px);\" title=\"&#8220;Me\u0111unarodna zimska \u0161kola &#8221;Enhancing Publications Skills in the Field of Jewish Studies in East and East Central Europe&#8221; (Unaprije\u0111ivanje izdava\u010dkih vje\u0161tina u polju \u017didovskih studija u Isto\u010dnoj i Srednjoj Europi).&#8221; &#8212; Filozofski fakultet Sveu\u010dili\u0161ta u Zagrebu\" src=\"https:\/\/web2020.ffzg.unizg.hr\/blog\/2024\/02\/06\/medunarodna-zimska-skola-enhancing-publications-skills-in-the-field-of-jewish-studies-in-east-and-east-central-europe-unaprijedivanje-izdavackih-vjestina-u-polju-zidovskih-studija-u-istocnoj\/embed\/#?secret=Bxu8o83ngX\" data-secret=\"Bxu8o83ngX\" width=\"600\" height=\"338\" frameborder=\"0\" marginwidth=\"0\" marginheight=\"0\" scrolling=\"no\"><\/iframe>\n<\/div><\/figure>\n\n\n\n<hr class=\"wp-block-separator\"\/>\n","protected":false},"excerpt":{"rendered":"","protected":false},"author":2,"featured_media":39618,"comment_status":"open","ping_status":"open","sticky":false,"template":"","format":"standard","meta":{"_acf_changed":false,"jetpack_post_was_ever_published":false,"_jetpack_newsletter_access":"","_jetpack_dont_email_post_to_subs":false,"_jetpack_newsletter_tier_id":0,"_jetpack_memberships_contains_paywalled_content":false,"_jetpack_memberships_contains_paid_content":false,"footnotes":"","jetpack_publicize_message":"","jetpack_publicize_feature_enabled":true,"jetpack_social_post_already_shared":true,"jetpack_social_options":{"image_generator_settings":{"template":"highway","default_image_id":0,"font":"","enabled":false},"version":2}},"categories":[3,9],"tags":[],"class_list":["post-39617","post","type-post","status-publish","format-standard","has-post-thumbnail","hentry","category-novosti","category-skupovi"],"acf":{"facebook_opis":""},"jetpack_publicize_connections":[],"jetpack_featured_media_url":"https:\/\/i0.wp.com\/historiografija.hr\/wp-content\/uploads\/2024\/02\/Dubrovnik.jpg?fit=2560%2C1920&ssl=1","jetpack_sharing_enabled":true,"jetpack-related-posts":[],"_links":{"self":[{"href":"https:\/\/historiografija.hr\/index.php?rest_route=\/wp\/v2\/posts\/39617","targetHints":{"allow":["GET"]}}],"collection":[{"href":"https:\/\/historiografija.hr\/index.php?rest_route=\/wp\/v2\/posts"}],"about":[{"href":"https:\/\/historiografija.hr\/index.php?rest_route=\/wp\/v2\/types\/post"}],"author":[{"embeddable":true,"href":"https:\/\/historiografija.hr\/index.php?rest_route=\/wp\/v2\/users\/2"}],"replies":[{"embeddable":true,"href":"https:\/\/historiografija.hr\/index.php?rest_route=%2Fwp%2Fv2%2Fcomments&post=39617"}],"version-history":[{"count":1,"href":"https:\/\/historiografija.hr\/index.php?rest_route=\/wp\/v2\/posts\/39617\/revisions"}],"predecessor-version":[{"id":39619,"href":"https:\/\/historiografija.hr\/index.php?rest_route=\/wp\/v2\/posts\/39617\/revisions\/39619"}],"wp:featuredmedia":[{"embeddable":true,"href":"https:\/\/historiografija.hr\/index.php?rest_route=\/wp\/v2\/media\/39618"}],"wp:attachment":[{"href":"https:\/\/historiografija.hr\/index.php?rest_route=%2Fwp%2Fv2%2Fmedia&parent=39617"}],"wp:term":[{"taxonomy":"category","embeddable":true,"href":"https:\/\/historiografija.hr\/index.php?rest_route=%2Fwp%2Fv2%2Fcategories&post=39617"},{"taxonomy":"post_tag","embeddable":true,"href":"https:\/\/historiografija.hr\/index.php?rest_route=%2Fwp%2Fv2%2Ftags&post=39617"}],"curies":[{"name":"wp","href":"https:\/\/api.w.org\/{rel}","templated":true}]}}