{"id":39615,"date":"2024-02-13T15:01:15","date_gmt":"2024-02-13T15:01:15","guid":{"rendered":"http:\/\/historiografija.hr\/?p=39615"},"modified":"2024-02-13T15:01:15","modified_gmt":"2024-02-13T15:01:15","slug":"tribina-prve-zene-zaboravljene-heroine","status":"publish","type":"post","link":"https:\/\/historiografija.hr\/?p=39615","title":{"rendered":"Tribina: Prve \u017eene, zaboravljene heroine"},"content":{"rendered":"\n<p>Tribina u organizaciji Srpskog privrednog dru\u0161tva Privrednik i Vije\u0107a srpske nacionalne manjine Grada Zagreba pod nazivom \u201ePrve \u017eene, zaboravljene heroine\u201c odr\u017eat \u0107e se u utorak, 13. februara s po\u010detkom u 18 sati na prvom katu Privrednikovog doma (Preradovi\u0107eva 18, Zagreb).<\/p>\n\n\n\n<p>Sve do kraja Drugog svjetskog rata, kada je \u0161kolovanje postalo dostupno svima, obrazovanje je bilo privilegija odabranih i naj\u010de\u0161\u0107e dobrostoje\u0107ih ili bogatih. Naravno, naj\u010de\u0161\u0107e mu\u0161karaca. \u017denama je u principu bila namijenjena uloga majke.<\/p>\n\n\n\n<p>Na novoj Privrednikovoj tribini govorimo o \u017eenama koje su prelazile granice, razbijale stereotipe i otvarale prostore za mogu\u0107nosti koje se danas podrazumijevaju, a nekada su smatrane revolucionarnim privilegijama.<\/p>\n\n\n\n<p>Izme\u0111u ostalih, govorimo o <strong>Milici Bogdanovi\u0107<\/strong>, spisateljici i povjesni\u010darki, prvoj \u017eeni koja je doktorirala na Zagreba\u010dkom sveu\u010dili\u0161tu. Bilo je to 1907. godine, u 25. godini njenog \u017eivota.<\/p>\n\n\n\n<p>Pri\u010du o Milici Bogdanovi\u0107 i jo\u0161 nekim drugim \u017eenama poput nje u knjizi \u201eJulijin balkon s pogledom na slobodu i druge pri\u010de iz XIX veka\u201d ispri\u010dala je prof.dr. <strong>Ivana Spasovi\u0107<\/strong> iz Arhiva Srpske akademije nauka i umetnosti i docentica na Fakultetu za kulturu i medije. Osim o knjizi prof.dr. Spasovi\u0107, govorit \u0107emo o polo\u017eaju i obrazovanju \u017eena u Austro-Ugarskoj s doc.dr. <strong>Idom Ograj\u0161ek Gorenjak<\/strong>, docenticom na Odsjeku za povijest Filozofskog fakulteta u Zagrebu. S istog fakulteta, ali s Odsjeka za sociologiju, o obrazovanju \u017eena danas i op\u0107enito o polo\u017eaju \u017eena u dana\u0161njem dru\u0161tvu, govorit \u0107e prof.dr. <strong>Branka Gali\u0107<\/strong>.<\/p>\n\n\n\n<hr class=\"wp-block-separator\"\/>\n\n\n\n<p>Izvor:<\/p>\n\n\n\n<figure class=\"wp-block-embed-wordpress wp-block-embed is-type-wp-embed is-provider-p-portal\"><div class=\"wp-block-embed__wrapper\">\n<blockquote class=\"wp-embedded-content\" data-secret=\"MEUQvZ2OK2\"><a href=\"https:\/\/p-portal.net\/tribina-prve-zene-zaboravljene-heroine\/\">Tribina: Prve \u017eene, zaboravljene heroine<\/a><\/blockquote><iframe loading=\"lazy\" class=\"wp-embedded-content\" sandbox=\"allow-scripts\" security=\"restricted\" style=\"position: absolute; clip: rect(1px, 1px, 1px, 1px);\" title=\"&#8220;Tribina: Prve \u017eene, zaboravljene heroine&#8221; &#8212; P-portal\" src=\"https:\/\/p-portal.net\/tribina-prve-zene-zaboravljene-heroine\/embed\/#?secret=HJKjjJLRuL#?secret=MEUQvZ2OK2\" data-secret=\"MEUQvZ2OK2\" width=\"600\" height=\"338\" frameborder=\"0\" marginwidth=\"0\" marginheight=\"0\" scrolling=\"no\"><\/iframe>\n<\/div><\/figure>\n\n\n\n<hr class=\"wp-block-separator\"\/>\n","protected":false},"excerpt":{"rendered":"","protected":false},"author":2,"featured_media":4918,"comment_status":"open","ping_status":"open","sticky":false,"template":"","format":"standard","meta":{"_acf_changed":false,"_jetpack_newsletter_access":"","_jetpack_dont_email_post_to_subs":false,"_jetpack_newsletter_tier_id":0,"_jetpack_memberships_contains_paywalled_content":false,"_jetpack_memberships_contains_paid_content":false,"footnotes":"","jetpack_publicize_message":"","jetpack_publicize_feature_enabled":true,"jetpack_social_post_already_shared":true,"jetpack_social_options":{"image_generator_settings":{"template":"highway","default_image_id":0,"font":"","enabled":false},"version":2},"jetpack_post_was_ever_published":false},"categories":[3],"tags":[],"class_list":["post-39615","post","type-post","status-publish","format-standard","has-post-thumbnail","hentry","category-novosti"],"acf":{"facebook_opis":""},"jetpack_publicize_connections":[],"jetpack_featured_media_url":"https:\/\/i0.wp.com\/historiografija.hr\/wp-content\/uploads\/2017\/06\/Privrednik-antifa.jpg?fit=671%2C400&ssl=1","jetpack_sharing_enabled":true,"jetpack-related-posts":[{"id":52619,"url":"https:\/\/historiografija.hr\/?p=52619","url_meta":{"origin":39615,"position":0},"title":"Predavanje \u0110ur\u0111ice Vitkovi\u0107 &#8220;Izme\u0111u pera i objektiva: Zagorka i Foto Tonka&#8221;","author":"Branimir Jankovi\u0107","date":"23. travnja 2026.","format":false,"excerpt":"Memorijalni stan Marije Juri\u0107 Zagorke poziva Vas na predavanje \u0110ur\u0111ice Vitkovi\u0107 \u201eIzme\u0111u pera i objektiva: Zagorka i Foto Tonka\u201c koje \u0107e se odr\u017eati u utorak, 28. travnja 2026. s po\u010detkom u 18 h u sklopu Ciklusa predavanja u Memorijalnom stanu Marije Juri\u0107 Zagorke. Kako su se susrele knji\u017eevnost i fotografija\u2026","rel":"","context":"U &quot;Novosti&quot;","block_context":{"text":"Novosti","link":"https:\/\/historiografija.hr\/?cat=3"},"img":{"alt_text":"","src":"https:\/\/i0.wp.com\/historiografija.hr\/wp-content\/uploads\/2024\/11\/Zagorka_ciklus.jpg?fit=1200%2C1006&ssl=1&resize=350%2C200","width":350,"height":200,"srcset":"https:\/\/i0.wp.com\/historiografija.hr\/wp-content\/uploads\/2024\/11\/Zagorka_ciklus.jpg?fit=1200%2C1006&ssl=1&resize=350%2C200 1x, https:\/\/i0.wp.com\/historiografija.hr\/wp-content\/uploads\/2024\/11\/Zagorka_ciklus.jpg?fit=1200%2C1006&ssl=1&resize=525%2C300 1.5x, https:\/\/i0.wp.com\/historiografija.hr\/wp-content\/uploads\/2024\/11\/Zagorka_ciklus.jpg?fit=1200%2C1006&ssl=1&resize=700%2C400 2x, https:\/\/i0.wp.com\/historiografija.hr\/wp-content\/uploads\/2024\/11\/Zagorka_ciklus.jpg?fit=1200%2C1006&ssl=1&resize=1050%2C600 3x"},"classes":[]},{"id":54840,"url":"https:\/\/historiografija.hr\/?p=54840","url_meta":{"origin":39615,"position":1},"title":"Chiara Bonfiglioli, &#8220;\u017dene i industrija na Balkanu. Uspon i pad tekstilne industrije u Jugoslaviji&#8221;","author":"Branimir Jankovi\u0107","date":"30. srpnja 2026.","format":false,"excerpt":"Knjiga donosi pri\u010du o \u017eenama koje su desetlje\u0107ima \u010dinile okosnicu jedne od najva\u017enijih industrijskih grana socijalisti\u010dke Jugoslavije. Kroz njihove glasove otvara se povijest tekstilne industrije \u2013 od poslijeratne industrijalizacije i \u0161irenja tvornica, koje su mijenjale \u017eivote \u017eena i lokalnih zajednica, do dramati\u010dne deindustrijalizacije, zatvaranja pogona i gubitka stotina tisu\u0107a radnih\u2026","rel":"","context":"U &quot;Knjige&quot;","block_context":{"text":"Knjige","link":"https:\/\/historiografija.hr\/?cat=8"},"img":{"alt_text":"","src":"https:\/\/i0.wp.com\/historiografija.hr\/wp-content\/uploads\/2026\/07\/Zene-i-industrija-na-Balkanu.jpg?fit=1200%2C734&ssl=1&resize=350%2C200","width":350,"height":200,"srcset":"https:\/\/i0.wp.com\/historiografija.hr\/wp-content\/uploads\/2026\/07\/Zene-i-industrija-na-Balkanu.jpg?fit=1200%2C734&ssl=1&resize=350%2C200 1x, https:\/\/i0.wp.com\/historiografija.hr\/wp-content\/uploads\/2026\/07\/Zene-i-industrija-na-Balkanu.jpg?fit=1200%2C734&ssl=1&resize=525%2C300 1.5x, https:\/\/i0.wp.com\/historiografija.hr\/wp-content\/uploads\/2026\/07\/Zene-i-industrija-na-Balkanu.jpg?fit=1200%2C734&ssl=1&resize=700%2C400 2x, https:\/\/i0.wp.com\/historiografija.hr\/wp-content\/uploads\/2026\/07\/Zene-i-industrija-na-Balkanu.jpg?fit=1200%2C734&ssl=1&resize=1050%2C600 3x"},"classes":[]},{"id":53768,"url":"https:\/\/historiografija.hr\/?p=53768","url_meta":{"origin":39615,"position":2},"title":"Ciklus tribina \u201eU lavirintu\u201c: Kud plovi ovaj svet","author":"Branimir Jankovi\u0107","date":"27. svibnja 2026.","format":false,"excerpt":"U okviru programa U lavirintu, Muzej 90-ih u Beogradu organizuje razgovor 28. maja 2026. u 19 \u010dasova o savremenim globalnim krizama, ratu, me\u0111unarodnom pravu i politi\u010dkim promenama koje oblikuju dana\u0161nji svet. Ratovi u Ukrajini, Gazi, Libanu i Iranu, kao i duboke politi\u010dke promene u Sjedinjenim Ameri\u010dkim Dr\u017eavama tokom druge administracije\u2026","rel":"","context":"U &quot;Novosti&quot;","block_context":{"text":"Novosti","link":"https:\/\/historiografija.hr\/?cat=3"},"img":{"alt_text":"","src":"https:\/\/i0.wp.com\/historiografija.hr\/wp-content\/uploads\/2026\/05\/U-lavirintu-2026.jpg?fit=1200%2C700&ssl=1&resize=350%2C200","width":350,"height":200,"srcset":"https:\/\/i0.wp.com\/historiografija.hr\/wp-content\/uploads\/2026\/05\/U-lavirintu-2026.jpg?fit=1200%2C700&ssl=1&resize=350%2C200 1x, https:\/\/i0.wp.com\/historiografija.hr\/wp-content\/uploads\/2026\/05\/U-lavirintu-2026.jpg?fit=1200%2C700&ssl=1&resize=525%2C300 1.5x, https:\/\/i0.wp.com\/historiografija.hr\/wp-content\/uploads\/2026\/05\/U-lavirintu-2026.jpg?fit=1200%2C700&ssl=1&resize=700%2C400 2x, https:\/\/i0.wp.com\/historiografija.hr\/wp-content\/uploads\/2026\/05\/U-lavirintu-2026.jpg?fit=1200%2C700&ssl=1&resize=1050%2C600 3x"},"classes":[]},{"id":45459,"url":"https:\/\/historiografija.hr\/?p=45459","url_meta":{"origin":39615,"position":3},"title":"Nadila\u017eenje nacionalne paradigme. Od historiografskog nacionalizma do transnacionalnih pristupa","author":"Branimir Jankovi\u0107","date":"25. o\u017eujka 2025.","format":false,"excerpt":"Zbornik radova koji su uredili Branimir Jankovi\u0107 i Nikola Toma\u0161egovi\u0107 predstavlja nove pristupe u studijima nacija i nacionalizma koji preispituju prevladavaju\u0107a mi\u0161ljenja o etni\u010dkim i nacionalnim identifikacijama. Nasuprot tome, radovi zagovaraju koncepte poput nacionalne ravnodu\u0161nosti i ukazuju na svepro\u017eimni odnos emocija i nacionalizma, kao i sveprisutni svakodnevni nacionalizam. Zbornik donosi\u2026","rel":"","context":"U &quot;Knjige&quot;","block_context":{"text":"Knjige","link":"https:\/\/historiografija.hr\/?cat=8"},"img":{"alt_text":"","src":"https:\/\/i0.wp.com\/historiografija.hr\/wp-content\/uploads\/2025\/03\/Nadilazenje-nacionalne-paradigme.webp?fit=713%2C928&ssl=1&resize=350%2C200","width":350,"height":200,"srcset":"https:\/\/i0.wp.com\/historiografija.hr\/wp-content\/uploads\/2025\/03\/Nadilazenje-nacionalne-paradigme.webp?fit=713%2C928&ssl=1&resize=350%2C200 1x, https:\/\/i0.wp.com\/historiografija.hr\/wp-content\/uploads\/2025\/03\/Nadilazenje-nacionalne-paradigme.webp?fit=713%2C928&ssl=1&resize=525%2C300 1.5x, https:\/\/i0.wp.com\/historiografija.hr\/wp-content\/uploads\/2025\/03\/Nadilazenje-nacionalne-paradigme.webp?fit=713%2C928&ssl=1&resize=700%2C400 2x"},"classes":[]},{"id":52717,"url":"https:\/\/historiografija.hr\/?p=52717","url_meta":{"origin":39615,"position":4},"title":"Okrugli stol &#8220;Dvjestapedeset godina Sjedinjenih Ameri\u010dkih Dr\u017eava \u2013 od kolonije do prve zemlje svijeta i dalje&#8221;","author":"Filip \u0160imunjak","date":"29. travnja 2026.","format":false,"excerpt":"Ove godine obilje\u017eava se 250. obljetnica osnutka Sjedinjenih Ameri\u010dkih Dr\u017eava, povodom koje je pokrenut niz rasprava o ameri\u010dkoj povijesti, njezinoj globalnoj ulozi i naslje\u0111u koje se prote\u017ee od 1776. do danas. Obljetnica je ujedno prilika za promi\u0161ljanje o tome kako danas tuma\u010dimo ameri\u010dku pro\u0161lost, ali i (aktualnu) ulogu SAD-a u\u2026","rel":"","context":"U &quot;Novosti&quot;","block_context":{"text":"Novosti","link":"https:\/\/historiografija.hr\/?cat=3"},"img":{"alt_text":"","src":"https:\/\/i0.wp.com\/historiografija.hr\/wp-content\/uploads\/2026\/04\/Kliofest-01-utorak-I-02-OS-250-godina-SAD.jpg?fit=1200%2C566&ssl=1&resize=350%2C200","width":350,"height":200,"srcset":"https:\/\/i0.wp.com\/historiografija.hr\/wp-content\/uploads\/2026\/04\/Kliofest-01-utorak-I-02-OS-250-godina-SAD.jpg?fit=1200%2C566&ssl=1&resize=350%2C200 1x, https:\/\/i0.wp.com\/historiografija.hr\/wp-content\/uploads\/2026\/04\/Kliofest-01-utorak-I-02-OS-250-godina-SAD.jpg?fit=1200%2C566&ssl=1&resize=525%2C300 1.5x, https:\/\/i0.wp.com\/historiografija.hr\/wp-content\/uploads\/2026\/04\/Kliofest-01-utorak-I-02-OS-250-godina-SAD.jpg?fit=1200%2C566&ssl=1&resize=700%2C400 2x, https:\/\/i0.wp.com\/historiografija.hr\/wp-content\/uploads\/2026\/04\/Kliofest-01-utorak-I-02-OS-250-godina-SAD.jpg?fit=1200%2C566&ssl=1&resize=1050%2C600 3x"},"classes":[]},{"id":26186,"url":"https:\/\/historiografija.hr\/?p=26186","url_meta":{"origin":39615,"position":5},"title":"Kliofest 2021: Konferencija \u201cPROTIV historijskog revizionizma, ZA reviziju povijesnih spoznaja\u201d","author":"Branimir Jankovi\u0107","date":"10. svibnja 2021.","format":false,"excerpt":"PROTIV historijskog revizionizma, ZA reviziju povijesnih spoznaja naslov je konferencije planirane ove godine u okviru festivala Kliofest (odr\u017eat \u0107e se 12. svibnja izme\u0111u 11 i 14 sati), u sklopu projekta Histoire pour la libert\u00e9, koji financira Europska komisija iz programa \u201eEuropa za gra\u0111ane\u201c. Njezina je temeljna ideja upravo poticanje rasprave\u2026","rel":"","context":"U &quot;Novosti&quot;","block_context":{"text":"Novosti","link":"https:\/\/historiografija.hr\/?cat=3"},"img":{"alt_text":"","src":"https:\/\/i0.wp.com\/historiografija.hr\/wp-content\/uploads\/2021\/05\/ZG-histoire.jpg?fit=1024%2C1024&ssl=1&resize=350%2C200","width":350,"height":200,"srcset":"https:\/\/i0.wp.com\/historiografija.hr\/wp-content\/uploads\/2021\/05\/ZG-histoire.jpg?fit=1024%2C1024&ssl=1&resize=350%2C200 1x, https:\/\/i0.wp.com\/historiografija.hr\/wp-content\/uploads\/2021\/05\/ZG-histoire.jpg?fit=1024%2C1024&ssl=1&resize=525%2C300 1.5x, https:\/\/i0.wp.com\/historiografija.hr\/wp-content\/uploads\/2021\/05\/ZG-histoire.jpg?fit=1024%2C1024&ssl=1&resize=700%2C400 2x"},"classes":[]}],"_links":{"self":[{"href":"https:\/\/historiografija.hr\/index.php?rest_route=\/wp\/v2\/posts\/39615","targetHints":{"allow":["GET"]}}],"collection":[{"href":"https:\/\/historiografija.hr\/index.php?rest_route=\/wp\/v2\/posts"}],"about":[{"href":"https:\/\/historiografija.hr\/index.php?rest_route=\/wp\/v2\/types\/post"}],"author":[{"embeddable":true,"href":"https:\/\/historiografija.hr\/index.php?rest_route=\/wp\/v2\/users\/2"}],"replies":[{"embeddable":true,"href":"https:\/\/historiografija.hr\/index.php?rest_route=%2Fwp%2Fv2%2Fcomments&post=39615"}],"version-history":[{"count":1,"href":"https:\/\/historiografija.hr\/index.php?rest_route=\/wp\/v2\/posts\/39615\/revisions"}],"predecessor-version":[{"id":39616,"href":"https:\/\/historiografija.hr\/index.php?rest_route=\/wp\/v2\/posts\/39615\/revisions\/39616"}],"wp:featuredmedia":[{"embeddable":true,"href":"https:\/\/historiografija.hr\/index.php?rest_route=\/wp\/v2\/media\/4918"}],"wp:attachment":[{"href":"https:\/\/historiografija.hr\/index.php?rest_route=%2Fwp%2Fv2%2Fmedia&parent=39615"}],"wp:term":[{"taxonomy":"category","embeddable":true,"href":"https:\/\/historiografija.hr\/index.php?rest_route=%2Fwp%2Fv2%2Fcategories&post=39615"},{"taxonomy":"post_tag","embeddable":true,"href":"https:\/\/historiografija.hr\/index.php?rest_route=%2Fwp%2Fv2%2Ftags&post=39615"}],"curies":[{"name":"wp","href":"https:\/\/api.w.org\/{rel}","templated":true}]}}