{"id":39604,"date":"2024-02-12T18:48:29","date_gmt":"2024-02-12T18:48:29","guid":{"rendered":"http:\/\/historiografija.hr\/?p=39604"},"modified":"2024-02-12T18:48:29","modified_gmt":"2024-02-12T18:48:29","slug":"exhibition-inflation-1923-war-money-trauma-inflation-1923-krieg-geld-trauma","status":"publish","type":"post","link":"https:\/\/historiografija.hr\/?p=39604","title":{"rendered":"Exhibition &#8220;Inflation 1923. War, Money, Trauma \/ Inflation 1923. Krieg, Geld, Trauma&#8221;"},"content":{"rendered":"\n<p>Frankfurtski povijesni muzej priredio je 2023. godine izlo\u017ebu i prate\u0107i katalog o rekordnoj inflaciji u Njema\u010dkoj 1923. godine. Tom prilikom je otvoreno i pitanje dana\u0161nje inflacije. Osim u okviru obljetnice, navedenu izlo\u017ebu mo\u017eemo promatrati i kao primjer stru\u010dnog reagiranja \u2013 povijesne i muzeolo\u0161ke struke \u2013 na aktualna dru\u0161tvena pitanja. S obzirom na proteklih godina zaista velike stope inflacije u Hrvatskoj i neka te\u0161ka povijesna iskustva u vezi s njom, itekako bismo mogli i kod nas zamisliti sli\u010dnu izlo\u017ebu o inflaciji u povijesnoj i suvremenoj perspektivi. Na isti na\u010din bi se moglo tematizirati i kod nas trenutno tako\u0111er vrlo aktualno pitanje zabrane rada nedjeljom u povijesnoj i suvremenoj perspektivi, primjerice kao dio dugotrajne borbe kroz povijest za slobodan dan u tjednu, ali i kroz druge i druga\u010dije poglede.<\/p>\n\n\n\n<hr class=\"wp-block-separator\"\/>\n\n\n\n<p>Op\u0161irnije o izlo\u017ebi:<\/p>\n\n\n\n<p><a href=\"https:\/\/www.historisches-museum-frankfurt.de\/de\/ausstellung\/inflation?language=en\">https:\/\/www.historisches-museum-frankfurt.de\/de\/ausstellung\/inflation?language=en<\/a><\/p>\n\n\n\n<p><a href=\"https:\/\/www.historisches-museum-frankfurt.de\/de\/ausstellung\/inflation\">https:\/\/www.historisches-museum-frankfurt.de\/de\/ausstellung\/inflation<\/a><\/p>\n\n\n\n<hr class=\"wp-block-separator\"\/>\n","protected":false},"excerpt":{"rendered":"","protected":false},"author":2,"featured_media":39605,"comment_status":"open","ping_status":"open","sticky":false,"template":"","format":"standard","meta":{"_acf_changed":false,"jetpack_post_was_ever_published":false,"_jetpack_newsletter_access":"","_jetpack_dont_email_post_to_subs":false,"_jetpack_newsletter_tier_id":0,"_jetpack_memberships_contains_paywalled_content":false,"_jetpack_memberships_contains_paid_content":false,"footnotes":"","jetpack_publicize_message":"","jetpack_publicize_feature_enabled":true,"jetpack_social_post_already_shared":true,"jetpack_social_options":{"image_generator_settings":{"template":"highway","default_image_id":0,"font":"","enabled":false},"version":2}},"categories":[10,3],"tags":[],"class_list":["post-39604","post","type-post","status-publish","format-standard","has-post-thumbnail","hentry","category-izlozbe","category-novosti"],"acf":{"facebook_opis":""},"jetpack_publicize_connections":[],"jetpack_featured_media_url":"https:\/\/i0.wp.com\/historiografija.hr\/wp-content\/uploads\/2024\/02\/Inflation_Ausstellung.png?fit=1024%2C780&ssl=1","jetpack_sharing_enabled":true,"jetpack-related-posts":[],"_links":{"self":[{"href":"https:\/\/historiografija.hr\/index.php?rest_route=\/wp\/v2\/posts\/39604","targetHints":{"allow":["GET"]}}],"collection":[{"href":"https:\/\/historiografija.hr\/index.php?rest_route=\/wp\/v2\/posts"}],"about":[{"href":"https:\/\/historiografija.hr\/index.php?rest_route=\/wp\/v2\/types\/post"}],"author":[{"embeddable":true,"href":"https:\/\/historiografija.hr\/index.php?rest_route=\/wp\/v2\/users\/2"}],"replies":[{"embeddable":true,"href":"https:\/\/historiografija.hr\/index.php?rest_route=%2Fwp%2Fv2%2Fcomments&post=39604"}],"version-history":[{"count":1,"href":"https:\/\/historiografija.hr\/index.php?rest_route=\/wp\/v2\/posts\/39604\/revisions"}],"predecessor-version":[{"id":39606,"href":"https:\/\/historiografija.hr\/index.php?rest_route=\/wp\/v2\/posts\/39604\/revisions\/39606"}],"wp:featuredmedia":[{"embeddable":true,"href":"https:\/\/historiografija.hr\/index.php?rest_route=\/wp\/v2\/media\/39605"}],"wp:attachment":[{"href":"https:\/\/historiografija.hr\/index.php?rest_route=%2Fwp%2Fv2%2Fmedia&parent=39604"}],"wp:term":[{"taxonomy":"category","embeddable":true,"href":"https:\/\/historiografija.hr\/index.php?rest_route=%2Fwp%2Fv2%2Fcategories&post=39604"},{"taxonomy":"post_tag","embeddable":true,"href":"https:\/\/historiografija.hr\/index.php?rest_route=%2Fwp%2Fv2%2Ftags&post=39604"}],"curies":[{"name":"wp","href":"https:\/\/api.w.org\/{rel}","templated":true}]}}