{"id":39563,"date":"2024-02-08T22:32:31","date_gmt":"2024-02-08T22:32:31","guid":{"rendered":"http:\/\/historiografija.hr\/?p=39563"},"modified":"2024-02-08T22:32:31","modified_gmt":"2024-02-08T22:32:31","slug":"izvori-za-historiju-bosne-u-srednjem-vijeku-ispisi-arhivske-grade-iz-serije-acta-consilii-maioris-drzavnog-arhiva-u-dubrovniku-1415-1497","status":"publish","type":"post","link":"https:\/\/historiografija.hr\/?p=39563","title":{"rendered":"Izvori za historiju Bosne u srednjem vijeku. Ispisi arhivske gra\u0111e iz serije Acta Consilii Maioris Dr\u017eavnog arhiva u Dubrovniku (1415-1497)"},"content":{"rendered":"\n<p>Institut za historiju Univerziteta u Sarajevu objavio je novu knjigu iz edicije Dokumenti pod naslovom <em>Izvori za historiju Bosne u srednjem vijeku. Ispisi arhivske gra\u0111e iz serije Acta Consilii Maioris Dr\u017eavnog arhiva u Dubrovniku (1415-1497)<\/em> autora dr. Enesa Dedi\u0107a. Knjiga sadr\u017ei odabrane odluke Velikog vije\u0107a Dubrova\u010dke republike koje se odnose na teritorij Bosne ili pojedince sa ovog prostora od 1415. godine, kada je uvedena praksa zasebnog bilje\u017eenja odluka sva tri vije\u0107a, do 1497. godine kada je zabilje\u017eena posljednja odluka o ranijem teritoriju Bosne u 15. stolje\u0107u.<\/p>\n\n\n\n<p>Veliko vije\u0107e je predstavljalo najvi\u0161i organ vlasti u Dubrovniku, odlu\u010divalo je o izboru du\u017enosnika (razli\u010ditih funkcija u politi\u010dkom sistemu Dubrova\u010dke republike, te poslanstava), davalo saglasnost za uvoz i izvoz dobara i pru\u017eanje razli\u010ditih usluga susjedima, donosilo \u0161iri spektar odluka o diplomatskim misijama, odre\u0111ivalo visinu iznosa diplomatskih poklona vladarima, vlastelinima i drugim \u010dinovnicima iz susjednih zemalja, kao i njihovim poslanicima koji su dolazili u Dubrovnik. U okviru ovog izdanja ukupno je prire\u0111eno oko 1450 odluka i uredaba, te su prire\u0111eni kratki opisi odluka na bosanskom jeziku. Odluke Velikog vije\u0107a koje su prire\u0111ene u okviru ovog izdanja odnose se na \u0161irok spektar politi\u010dkih i diplomatskih aktivnosti dubrova\u010dkih vlasti prema bosanskim kraljevima, vlastelinima \u010dlanovima njihovih porodica, poslanicima, te drugim du\u017enosnicima i \u010dinovnicima. Kroz ove odluke se kristali\u0161u informacije o politi\u010dkoj slici u srednjovjekovnoj Bosni odnosno o ustrojstvu dr\u017eave, odnosu izme\u0111u vladara i vlastelina, unutra\u0161njoj politici, odnosu sa susjedima, kupovini i prodaji dr\u017eavnih teritorija, te diplomatiji srednjovjekovne epohe u Bosni.<\/p>\n\n\n\n<hr class=\"wp-block-separator\"\/>\n\n\n\n<p>Preneseno s portala <strong>Historiografija.ba<\/strong>:<\/p>\n\n\n\n<p><a href=\"https:\/\/historiografija.ba\/article.php?id=2247\">https:\/\/historiografija.ba\/article.php?id=2247<\/a><\/p>\n\n\n\n<hr class=\"wp-block-separator\"\/>\n","protected":false},"excerpt":{"rendered":"","protected":false},"author":2,"featured_media":39564,"comment_status":"open","ping_status":"open","sticky":false,"template":"","format":"standard","meta":{"_acf_changed":false,"jetpack_post_was_ever_published":false,"_jetpack_newsletter_access":"","_jetpack_dont_email_post_to_subs":false,"_jetpack_newsletter_tier_id":0,"_jetpack_memberships_contains_paywalled_content":false,"_jetpack_memberships_contains_paid_content":false,"footnotes":"","jetpack_publicize_message":"","jetpack_publicize_feature_enabled":true,"jetpack_social_post_already_shared":true,"jetpack_social_options":{"image_generator_settings":{"template":"highway","default_image_id":0,"font":"","enabled":false},"version":2}},"categories":[8,3],"tags":[],"class_list":["post-39563","post","type-post","status-publish","format-standard","has-post-thumbnail","hentry","category-knjige","category-novosti"],"acf":{"facebook_opis":""},"jetpack_publicize_connections":[],"jetpack_featured_media_url":"https:\/\/i0.wp.com\/historiografija.hr\/wp-content\/uploads\/2024\/02\/dedic-enes-izvori.jpg?fit=555%2C555&ssl=1","jetpack_sharing_enabled":true,"jetpack-related-posts":[],"_links":{"self":[{"href":"https:\/\/historiografija.hr\/index.php?rest_route=\/wp\/v2\/posts\/39563","targetHints":{"allow":["GET"]}}],"collection":[{"href":"https:\/\/historiografija.hr\/index.php?rest_route=\/wp\/v2\/posts"}],"about":[{"href":"https:\/\/historiografija.hr\/index.php?rest_route=\/wp\/v2\/types\/post"}],"author":[{"embeddable":true,"href":"https:\/\/historiografija.hr\/index.php?rest_route=\/wp\/v2\/users\/2"}],"replies":[{"embeddable":true,"href":"https:\/\/historiografija.hr\/index.php?rest_route=%2Fwp%2Fv2%2Fcomments&post=39563"}],"version-history":[{"count":1,"href":"https:\/\/historiografija.hr\/index.php?rest_route=\/wp\/v2\/posts\/39563\/revisions"}],"predecessor-version":[{"id":39565,"href":"https:\/\/historiografija.hr\/index.php?rest_route=\/wp\/v2\/posts\/39563\/revisions\/39565"}],"wp:featuredmedia":[{"embeddable":true,"href":"https:\/\/historiografija.hr\/index.php?rest_route=\/wp\/v2\/media\/39564"}],"wp:attachment":[{"href":"https:\/\/historiografija.hr\/index.php?rest_route=%2Fwp%2Fv2%2Fmedia&parent=39563"}],"wp:term":[{"taxonomy":"category","embeddable":true,"href":"https:\/\/historiografija.hr\/index.php?rest_route=%2Fwp%2Fv2%2Fcategories&post=39563"},{"taxonomy":"post_tag","embeddable":true,"href":"https:\/\/historiografija.hr\/index.php?rest_route=%2Fwp%2Fv2%2Ftags&post=39563"}],"curies":[{"name":"wp","href":"https:\/\/api.w.org\/{rel}","templated":true}]}}