{"id":39560,"date":"2024-02-08T22:25:46","date_gmt":"2024-02-08T22:25:46","guid":{"rendered":"http:\/\/historiografija.hr\/?p=39560"},"modified":"2024-02-08T22:25:46","modified_gmt":"2024-02-08T22:25:46","slug":"sebastian-conrad-die-konigin-nofretetes-globale-karriere","status":"publish","type":"post","link":"https:\/\/historiografija.hr\/?p=39560","title":{"rendered":"Sebastian Conrad, \u201eDie K\u00f6nigin. Nofretetes globale Karriere\u201c"},"content":{"rendered":"\n<p>Povjesni\u010dar Sebastian Conrad objavio je po\u010detkom 2024. knjigu o egipatskoj kraljici Nefertiti, prate\u0107i njezinu kasniju \u201eglobalnu karijeru\u201c &#8211; primjerice preko utjecaja koji je imala njezina \u010duvena bista i popratnih predod\u017ebi o ljepoti &#8211; kako u doba kolonijalizma, tako i danas (i to diljem svijeta), povezav\u0161i time svoje specijalizacije za globalnu historiju i njema\u010dku kolonijalnu povijest.<\/p>\n\n\n\n<hr class=\"wp-block-separator\"\/>\n\n\n\n<p><strong>Eine Reise auf den Spuren der sagenhaften K\u00f6nigin&nbsp;<\/strong><\/p>\n\n\n\n<p>Ihre Entdeckung im \u00e4gyptischen Tell el-Amarna war eine Sensation, ihre Pr\u00e4sentation 1924 in Berlin sorgte f\u00fcr Furore weit \u00fcber Deutschland hinaus. Inzwischen reicht schon ihre Silhouette aus, und alle wissen, wer gemeint ist und wof\u00fcr sie steht. Was aber ist der Grund daf\u00fcr, dass die weltber\u00fchmte B\u00fcste der Nofretete heute an ganz unterschiedlichen Orten als Paradebeispiel f\u00fcr weibliche Sch\u00f6nheit verstanden wird? Und wie kommt es, dass Nofretetes Zauber mehr als drei Jahrtausende unbeschadet \u00fcberstanden hat?<\/p>\n\n\n\n<p>Der Historiker Sebastian Conrad nimmt uns mit auf eine Reise in das alte \u00c4gypten und die Welt der Pharaonen; er schildert, unter welch dubiosen Umst\u00e4nden die B\u00fcste im Zeitalter des Kolonialismus nach Berlin gelangte und wie seither um ihren Besitz gerungen wird. Seine weitgespannte historische Erz\u00e4hlung f\u00fchrt uns nicht nur nach Berlin und Kairo, sondern auch nach China, Indien und Brasilien, und wir erfahren, warum sich heute gerade K\u00fcnstlerinnen wie Beyonc\u00e9 und Rihanna als Wiederg\u00e4ngerinnen Nofretetes inszenieren.\u00a0\u00a0<\/p>\n\n\n\n<hr class=\"wp-block-separator\"\/>\n\n\n\n<p><strong>Sebastian Conrad<\/strong>, geboren 1966 in Heidelberg, ist Professor f\u00fcr Neuere Geschichte an der Freien Universit\u00e4t Berlin. Zu seinen Forschungsschwerpunkten z\u00e4hlen die Geschichte von Kolonialismus und Postkolonialismus sowie die Geschichte\u202fOstasiens und des historischen Denkens. Er hat in New York und Paris, Florenz und Tokio gelehrt und ist heute einer der international renommiertesten Vertreter der Globalgeschichte sowie Autor zahlreicher B\u00fccher, darunter <em>Deutsche Kolonialgeschichte <\/em>und\u00a0<em>Globalgeschichte. Eine Einf\u00fchrung<\/em>.\u00a0<\/p>\n\n\n\n<hr class=\"wp-block-separator\"\/>\n\n\n\n<p>Leseprobe:<\/p>\n\n\n\n<p><a href=\"https:\/\/www.ullstein.de\/werke\/die-koenigin\/hardcover\/9783549100745\">https:\/\/www.ullstein.de\/werke\/die-koenigin\/hardcover\/9783549100745<\/a><\/p>\n\n\n\n<hr class=\"wp-block-separator\"\/>\n","protected":false},"excerpt":{"rendered":"","protected":false},"author":2,"featured_media":39561,"comment_status":"open","ping_status":"open","sticky":false,"template":"","format":"standard","meta":{"_acf_changed":false,"jetpack_post_was_ever_published":false,"_jetpack_newsletter_access":"","_jetpack_dont_email_post_to_subs":false,"_jetpack_newsletter_tier_id":0,"_jetpack_memberships_contains_paywalled_content":false,"_jetpack_memberships_contains_paid_content":false,"footnotes":"","jetpack_publicize_message":"","jetpack_publicize_feature_enabled":true,"jetpack_social_post_already_shared":true,"jetpack_social_options":{"image_generator_settings":{"template":"highway","default_image_id":0,"font":"","enabled":false},"version":2}},"categories":[8,3],"tags":[],"class_list":["post-39560","post","type-post","status-publish","format-standard","has-post-thumbnail","hentry","category-knjige","category-novosti"],"acf":{"facebook_opis":""},"jetpack_publicize_connections":[],"jetpack_featured_media_url":"https:\/\/i0.wp.com\/historiografija.hr\/wp-content\/uploads\/2024\/02\/nofretete.jpg?fit=1070%2C713&ssl=1","jetpack_sharing_enabled":true,"jetpack-related-posts":[],"_links":{"self":[{"href":"https:\/\/historiografija.hr\/index.php?rest_route=\/wp\/v2\/posts\/39560","targetHints":{"allow":["GET"]}}],"collection":[{"href":"https:\/\/historiografija.hr\/index.php?rest_route=\/wp\/v2\/posts"}],"about":[{"href":"https:\/\/historiografija.hr\/index.php?rest_route=\/wp\/v2\/types\/post"}],"author":[{"embeddable":true,"href":"https:\/\/historiografija.hr\/index.php?rest_route=\/wp\/v2\/users\/2"}],"replies":[{"embeddable":true,"href":"https:\/\/historiografija.hr\/index.php?rest_route=%2Fwp%2Fv2%2Fcomments&post=39560"}],"version-history":[{"count":1,"href":"https:\/\/historiografija.hr\/index.php?rest_route=\/wp\/v2\/posts\/39560\/revisions"}],"predecessor-version":[{"id":39562,"href":"https:\/\/historiografija.hr\/index.php?rest_route=\/wp\/v2\/posts\/39560\/revisions\/39562"}],"wp:featuredmedia":[{"embeddable":true,"href":"https:\/\/historiografija.hr\/index.php?rest_route=\/wp\/v2\/media\/39561"}],"wp:attachment":[{"href":"https:\/\/historiografija.hr\/index.php?rest_route=%2Fwp%2Fv2%2Fmedia&parent=39560"}],"wp:term":[{"taxonomy":"category","embeddable":true,"href":"https:\/\/historiografija.hr\/index.php?rest_route=%2Fwp%2Fv2%2Fcategories&post=39560"},{"taxonomy":"post_tag","embeddable":true,"href":"https:\/\/historiografija.hr\/index.php?rest_route=%2Fwp%2Fv2%2Ftags&post=39560"}],"curies":[{"name":"wp","href":"https:\/\/api.w.org\/{rel}","templated":true}]}}