{"id":39551,"date":"2024-02-07T22:26:02","date_gmt":"2024-02-07T22:26:02","guid":{"rendered":"http:\/\/historiografija.hr\/?p=39551"},"modified":"2024-02-07T22:27:10","modified_gmt":"2024-02-07T22:27:10","slug":"decade-of-remembrance-memory-politics-and-commemorative-practices-in-the-post-yugoslav-countries","status":"publish","type":"post","link":"https:\/\/historiografija.hr\/?p=39551","title":{"rendered":"Decade of Remembrance: Memory Politics and Commemorative Practices in the Post-Yugoslav Countries"},"content":{"rendered":"\n<p>Objavljena je po\u010detkom 2024. godine publikacija \u201eDecade of Remembrance: Memory Politics and Commemorative Practices in the Post-Yugoslav Countries\u201c koji donosi priloge o na\u010dinima obilje\u017eavanja po pet povijesnih doga\u0111aja tijekom proteklih deset godina u Bosni i Hercegovini, Kosovu, Hrvatskoj, Srbiji, Crnoj Gori i Sjevernoj Makedoniji.<\/p>\n\n\n\n<hr class=\"wp-block-separator\"\/>\n\n\n\n<p>Publikacija je dostupna na sljede\u0107oj poveznici:<\/p>\n\n\n\n<figure class=\"wp-block-embed-wordpress wp-block-embed is-type-wp-embed is-provider-rekom-komra-recom\"><div class=\"wp-block-embed__wrapper\">\n<blockquote class=\"wp-embedded-content\" data-secret=\"T9csZrIG9I\"><a href=\"https:\/\/www.recom.link\/bhsc\/debata-decenija-secanja\/\">Debata: Decenija se\u0107anja<\/a><\/blockquote><iframe loading=\"lazy\" class=\"wp-embedded-content\" sandbox=\"allow-scripts\" security=\"restricted\" style=\"position: absolute; clip: rect(1px, 1px, 1px, 1px);\" title=\"&#8220;Debata: Decenija se\u0107anja&#8221; &#8212; REKOM ~ KOMRA ~ RECOM\" src=\"https:\/\/www.recom.link\/bhsc\/debata-decenija-secanja\/embed\/#?secret=e9gO1HHqXI#?secret=T9csZrIG9I\" data-secret=\"T9csZrIG9I\" width=\"600\" height=\"338\" frameborder=\"0\" marginwidth=\"0\" marginheight=\"0\" scrolling=\"no\"><\/iframe>\n<\/div><\/figure>\n\n\n\n<hr class=\"wp-block-separator\"\/>\n","protected":false},"excerpt":{"rendered":"","protected":false},"author":2,"featured_media":39552,"comment_status":"open","ping_status":"open","sticky":false,"template":"","format":"standard","meta":{"_acf_changed":false,"jetpack_post_was_ever_published":false,"_jetpack_newsletter_access":"","_jetpack_dont_email_post_to_subs":false,"_jetpack_newsletter_tier_id":0,"_jetpack_memberships_contains_paywalled_content":false,"_jetpack_memberships_contains_paid_content":false,"footnotes":"","jetpack_publicize_message":"","jetpack_publicize_feature_enabled":true,"jetpack_social_post_already_shared":true,"jetpack_social_options":{"image_generator_settings":{"template":"highway","default_image_id":0,"font":"","enabled":false},"version":2}},"categories":[19,8,3],"tags":[],"class_list":["post-39551","post","type-post","status-publish","format-standard","has-post-thumbnail","hentry","category-e-knjige","category-knjige","category-novosti"],"acf":{"facebook_opis":""},"jetpack_publicize_connections":[],"jetpack_featured_media_url":"https:\/\/i0.wp.com\/historiografija.hr\/wp-content\/uploads\/2024\/02\/Decenija-secanja.png?fit=1280%2C480&ssl=1","jetpack_sharing_enabled":true,"jetpack-related-posts":[],"_links":{"self":[{"href":"https:\/\/historiografija.hr\/index.php?rest_route=\/wp\/v2\/posts\/39551","targetHints":{"allow":["GET"]}}],"collection":[{"href":"https:\/\/historiografija.hr\/index.php?rest_route=\/wp\/v2\/posts"}],"about":[{"href":"https:\/\/historiografija.hr\/index.php?rest_route=\/wp\/v2\/types\/post"}],"author":[{"embeddable":true,"href":"https:\/\/historiografija.hr\/index.php?rest_route=\/wp\/v2\/users\/2"}],"replies":[{"embeddable":true,"href":"https:\/\/historiografija.hr\/index.php?rest_route=%2Fwp%2Fv2%2Fcomments&post=39551"}],"version-history":[{"count":2,"href":"https:\/\/historiografija.hr\/index.php?rest_route=\/wp\/v2\/posts\/39551\/revisions"}],"predecessor-version":[{"id":39554,"href":"https:\/\/historiografija.hr\/index.php?rest_route=\/wp\/v2\/posts\/39551\/revisions\/39554"}],"wp:featuredmedia":[{"embeddable":true,"href":"https:\/\/historiografija.hr\/index.php?rest_route=\/wp\/v2\/media\/39552"}],"wp:attachment":[{"href":"https:\/\/historiografija.hr\/index.php?rest_route=%2Fwp%2Fv2%2Fmedia&parent=39551"}],"wp:term":[{"taxonomy":"category","embeddable":true,"href":"https:\/\/historiografija.hr\/index.php?rest_route=%2Fwp%2Fv2%2Fcategories&post=39551"},{"taxonomy":"post_tag","embeddable":true,"href":"https:\/\/historiografija.hr\/index.php?rest_route=%2Fwp%2Fv2%2Ftags&post=39551"}],"curies":[{"name":"wp","href":"https:\/\/api.w.org\/{rel}","templated":true}]}}