{"id":39540,"date":"2024-02-07T21:16:40","date_gmt":"2024-02-07T21:16:40","guid":{"rendered":"http:\/\/historiografija.hr\/?p=39540"},"modified":"2024-02-07T21:17:14","modified_gmt":"2024-02-07T21:17:14","slug":"medunarodni-dan-grckog-jezika-predavanja-o-konstantinu-porfirogenetu","status":"publish","type":"post","link":"https:\/\/historiografija.hr\/?p=39540","title":{"rendered":"Me\u0111unarodni dan gr\u010dkog jezika: Predavanja o Konstantinu Porfirogenetu"},"content":{"rendered":"\n<p>Program obilje\u017eavanja Me\u0111unarodnog dana gr\u010dkog jezika koji \u0107e se odr\u017eati na Filozofskom fakultetu Sveu\u010dili\u0161ta u Zagrebu u petak, 9. velja\u010de 2024. sadr\u017ei i predavanja Hrvoja Gra\u010danina i Teute Serreqi Juri\u0107 o Konstantinu Porfirogenetu. Op\u0161irnije u nastavku.<\/p>\n\n\n\n<hr class=\"wp-block-separator\"\/>\n\n\n\n<p><strong>Me\u0111unarodni dan gr\u010dkog jezika<\/strong><br><strong>\u03a0\u03b1\u03b3\u03ba\u03cc\u03c3\u03bc\u03b9\u03b1 \u0397\u03bc\u03ad\u03c1\u03b1 \u03c4\u03b7\u03c2 \u0395\u03bb\u03bb\u03b7\u03bd\u03b9\u03ba\u03ae\u03c2 \u0393\u03bb\u03ce\u03c3\u03c3\u03b1\u03c2<\/strong><br><strong>International Greek Language Day<\/strong><br><strong>9. 2. 2024.<\/strong><br><strong>Filozofski fakultet, Zagreb<\/strong><\/p>\n\n\n\n<p>150 godina Filozofskog fakulteta je ujedno i 150 godina <a href=\"https:\/\/www.ffzg.unizg.hr\/klafil\/\">Odsjeka za klasi\u010dnu filologiju<\/a>; latinski i gr\u010dki su, zajedno s hrvatskim, prvi jezici koji su se podu\u010davali na na\u0161em fakultetu. Zato pozivamo sve zainteresirane da nam se pridru\u017ee na obilje\u017eavanju Me\u0111unarodnog dana gr\u010dkog jezika s temom \u201ePoklasi\u010dni gr\u010dki\u201c koje \u0107e se odr\u017eati na Filozofskom fakultetu u petak 9. 2. u D5 u 12:30, u organizaciji Odsjeka za klasi\u010dnu filologiju i u suradnji s <a href=\"https:\/\/www.mfa.gr\/missionsabroad\/en\/croatia.html\">Ambasadom Helenske Republike u Zagrebu<\/a> te <a href=\"https:\/\/klfil.unizd.hr\/\">Odjelom za klasi\u010dnu filologiju Sveu\u010dili\u0161ta u Zadru<\/a>.<\/p>\n\n\n\n<hr class=\"wp-block-separator\"\/>\n\n\n\n<p><a href=\"https:\/\/web2020.ffzg.unizg.hr\/wp-content\/uploads\/2024\/02\/Program-Dana-gr\u010dkog-jezika.pdf\">Program<\/a><\/p>\n\n\n\n<hr class=\"wp-block-separator\"\/>\n\n\n\n<p>Izvor:<\/p>\n\n\n\n<figure class=\"wp-block-embed-wordpress wp-block-embed is-type-wp-embed is-provider-filozofski-fakultet-sveucilista-u-zagrebu\"><div class=\"wp-block-embed__wrapper\">\n<blockquote class=\"wp-embedded-content\" data-secret=\"q1sXj7NHLe\"><a href=\"https:\/\/web2020.ffzg.unizg.hr\/blog\/2024\/02\/06\/medunarodni-dan-grckog-jezika\/\">Me\u0111unarodni dan gr\u010dkog jezika<\/a><\/blockquote><iframe loading=\"lazy\" class=\"wp-embedded-content\" sandbox=\"allow-scripts\" security=\"restricted\" style=\"position: absolute; clip: rect(1px, 1px, 1px, 1px);\" title=\"&#8220;Me\u0111unarodni dan gr\u010dkog jezika&#8221; &#8212; Filozofski fakultet Sveu\u010dili\u0161ta u Zagrebu\" src=\"https:\/\/web2020.ffzg.unizg.hr\/blog\/2024\/02\/06\/medunarodni-dan-grckog-jezika\/embed\/#?secret=q1sXj7NHLe\" data-secret=\"q1sXj7NHLe\" width=\"600\" height=\"338\" frameborder=\"0\" marginwidth=\"0\" marginheight=\"0\" scrolling=\"no\"><\/iframe>\n<\/div><\/figure>\n\n\n\n<hr class=\"wp-block-separator\"\/>\n","protected":false},"excerpt":{"rendered":"","protected":false},"author":2,"featured_media":10204,"comment_status":"open","ping_status":"open","sticky":false,"template":"","format":"standard","meta":{"_acf_changed":false,"_jetpack_newsletter_access":"","_jetpack_dont_email_post_to_subs":false,"_jetpack_newsletter_tier_id":0,"_jetpack_memberships_contains_paywalled_content":false,"_jetpack_memberships_contains_paid_content":false,"footnotes":"","jetpack_publicize_message":"","jetpack_publicize_feature_enabled":true,"jetpack_social_post_already_shared":true,"jetpack_social_options":{"image_generator_settings":{"template":"highway","default_image_id":0,"font":"","enabled":false},"version":2},"jetpack_post_was_ever_published":false},"categories":[3],"tags":[],"class_list":["post-39540","post","type-post","status-publish","format-standard","has-post-thumbnail","hentry","category-novosti"],"acf":{"facebook_opis":""},"jetpack_publicize_connections":[],"jetpack_featured_media_url":"https:\/\/i0.wp.com\/historiografija.hr\/wp-content\/uploads\/2018\/06\/FFZG.png?fit=231%2C118&ssl=1","jetpack_sharing_enabled":true,"jetpack-related-posts":[{"id":52768,"url":"https:\/\/historiografija.hr\/?p=52768","url_meta":{"origin":39540,"position":0},"title":"Poziv za prijavu na me\u0111unarodni ljetni kamp za mlade \u201cYouth in Cold-War Europe\u201d","author":"Filip \u0160imunjak","date":"30. travnja 2026.","format":false,"excerpt":"Otvoren je poziv za prijavu na me\u0111unarodni ljetni kamp \"Youth in Cold-War Europe\", koji se odr\u017eava od 28.08. do 06.09. 2026. godine u Weimaru (Njema\u010dka). Kamp se odr\u017eava u organizaciji Europskog centra za obrazovanje mladih (EJBW) iz Weimara i njegovih me\u0111unarodnih partnera, te uz financijsku podr\u0161ku Europske unije i Savezne\u2026","rel":"","context":"U &quot;Novosti&quot;","block_context":{"text":"Novosti","link":"https:\/\/historiografija.hr\/?cat=3"},"img":{"alt_text":"","src":"https:\/\/i0.wp.com\/historiografija.hr\/wp-content\/uploads\/2026\/04\/LJETNI-KAMP-ZA-MLADE-YOUTH-IN-COLD-WAR-EUROPE.jpg?fit=667%2C375&ssl=1&resize=350%2C200","width":350,"height":200,"srcset":"https:\/\/i0.wp.com\/historiografija.hr\/wp-content\/uploads\/2026\/04\/LJETNI-KAMP-ZA-MLADE-YOUTH-IN-COLD-WAR-EUROPE.jpg?fit=667%2C375&ssl=1&resize=350%2C200 1x, https:\/\/i0.wp.com\/historiografija.hr\/wp-content\/uploads\/2026\/04\/LJETNI-KAMP-ZA-MLADE-YOUTH-IN-COLD-WAR-EUROPE.jpg?fit=667%2C375&ssl=1&resize=525%2C300 1.5x"},"classes":[]},{"id":52657,"url":"https:\/\/historiografija.hr\/?p=52657","url_meta":{"origin":39540,"position":1},"title":"[Predavanje] Jezik i drugost u (post)socijalisti\u010dkoj Srbiji: diskurzivne politike identiteta (YugoLab)","author":"Branimir Jankovi\u0107","date":"24. travnja 2026.","format":false,"excerpt":"U sklopu projekta Prizma \/ IMAGINATION (\u201eZami\u0161ljanje nacije: srpski nacionalni narativi u sporu (XX\u2013XXI vek)\u201c), koji se realizuje na Institutu za filozofiju i dru\u0161tvenu teoriju Univerziteta u Beogradu (2024\u20132027) uz finansijsku podr\u0161ku Fonda za nauku Republike Srbije, organizuje se serija predavanja na kojoj istra\u017eiva\u010di i istra\u017eiva\u010dice projekta predstavljaju rezultate svojih\u2026","rel":"","context":"U &quot;Novosti&quot;","block_context":{"text":"Novosti","link":"https:\/\/historiografija.hr\/?cat=3"},"img":{"alt_text":"","src":"https:\/\/i0.wp.com\/historiografija.hr\/wp-content\/uploads\/2026\/04\/IFDT_28_IV.png?fit=1200%2C675&ssl=1&resize=350%2C200","width":350,"height":200,"srcset":"https:\/\/i0.wp.com\/historiografija.hr\/wp-content\/uploads\/2026\/04\/IFDT_28_IV.png?fit=1200%2C675&ssl=1&resize=350%2C200 1x, https:\/\/i0.wp.com\/historiografija.hr\/wp-content\/uploads\/2026\/04\/IFDT_28_IV.png?fit=1200%2C675&ssl=1&resize=525%2C300 1.5x, https:\/\/i0.wp.com\/historiografija.hr\/wp-content\/uploads\/2026\/04\/IFDT_28_IV.png?fit=1200%2C675&ssl=1&resize=700%2C400 2x, https:\/\/i0.wp.com\/historiografija.hr\/wp-content\/uploads\/2026\/04\/IFDT_28_IV.png?fit=1200%2C675&ssl=1&resize=1050%2C600 3x"},"classes":[]},{"id":53328,"url":"https:\/\/historiografija.hr\/?p=53328","url_meta":{"origin":39540,"position":2},"title":"Me\u0111unarodni dan muzeja \u2013 \u201eMuzeji ujedinjuju podijeljeni svijet\u201c","author":"Branimir Jankovi\u0107","date":"14. svibnja 2026.","format":false,"excerpt":"Muzeji diljem Hrvatske i svijeta obilje\u017eit \u0107e u ponedjeljak 18. svibnja 2026. raznolikim programima Me\u0111unarodni dan muzeja pod temom \u201eMuzeji ujedinjuju podijeljeni svijet\u201c s namjerom da zauzmu aktivniju ulogu u oblikovanju odr\u017eive budu\u0107nosti, djeluju\u0107i kao mostovi preko kulturnih, dru\u0161tvenih i geopoliti\u010dkih podjela. Nositelj manifestacije je Muzejski dokumentacijski centar (MDC) na\u2026","rel":"","context":"U &quot;Novosti&quot;","block_context":{"text":"Novosti","link":"https:\/\/historiografija.hr\/?cat=3"},"img":{"alt_text":"","src":"https:\/\/i0.wp.com\/historiografija.hr\/wp-content\/uploads\/2026\/05\/Dan-muzeja.jpg?fit=540%2C360&ssl=1&resize=350%2C200","width":350,"height":200,"srcset":"https:\/\/i0.wp.com\/historiografija.hr\/wp-content\/uploads\/2026\/05\/Dan-muzeja.jpg?fit=540%2C360&ssl=1&resize=350%2C200 1x, https:\/\/i0.wp.com\/historiografija.hr\/wp-content\/uploads\/2026\/05\/Dan-muzeja.jpg?fit=540%2C360&ssl=1&resize=525%2C300 1.5x"},"classes":[]},{"id":53742,"url":"https:\/\/historiografija.hr\/?p=53742","url_meta":{"origin":39540,"position":3},"title":"Javna predavanja &#8220;Kulturalna povijest kolektivnog stanovanja i komercijalni urbanizam&#8221;","author":"Branimir Jankovi\u0107","date":"26. svibnja 2026.","format":false,"excerpt":"U okviru ERC projekta Housing.Yu, Lea Horvat i Ivana Mihaela \u017dimbrek odr\u017eat \u0107e javna predavanja o kulturalnoj povijesti kolektivnog stanovanja i komercijalnom urbanizmu u petak, 29. svibnja 2026., u 13:00 sati na Arhitektonskom fakultetu u Zagrebu (Ka\u010di\u0107eva 26, 2. kat, soba 221). Lea HorvatKako nam kulturalna povijest poma\u017ee razumjeti kolektivno\u2026","rel":"","context":"U &quot;Novosti&quot;","block_context":{"text":"Novosti","link":"https:\/\/historiografija.hr\/?cat=3"},"img":{"alt_text":"","src":"https:\/\/i0.wp.com\/historiografija.hr\/wp-content\/uploads\/2026\/05\/erc-hyu-predavnje-ivana-zimbrek-1779202528.jpg?fit=900%2C563&ssl=1&resize=350%2C200","width":350,"height":200,"srcset":"https:\/\/i0.wp.com\/historiografija.hr\/wp-content\/uploads\/2026\/05\/erc-hyu-predavnje-ivana-zimbrek-1779202528.jpg?fit=900%2C563&ssl=1&resize=350%2C200 1x, https:\/\/i0.wp.com\/historiografija.hr\/wp-content\/uploads\/2026\/05\/erc-hyu-predavnje-ivana-zimbrek-1779202528.jpg?fit=900%2C563&ssl=1&resize=525%2C300 1.5x, https:\/\/i0.wp.com\/historiografija.hr\/wp-content\/uploads\/2026\/05\/erc-hyu-predavnje-ivana-zimbrek-1779202528.jpg?fit=900%2C563&ssl=1&resize=700%2C400 2x"},"classes":[]},{"id":54951,"url":"https:\/\/historiografija.hr\/?p=54951","url_meta":{"origin":39540,"position":4},"title":"Nelio Biedermann, &#8220;L\u00e1z\u00e1r&#8221;","author":"Branimir Jankovi\u0107","date":"13. kolovoza 2026.","format":false,"excerpt":"L\u00e1z\u00e1r Nelija Biedermanna knji\u017eevna je senzacija prevedena na desetke jezika i ve\u0107 uspore\u0111ivana s Mannovim Buddenbrookovima i M\u00e1rquezovim romanima. Kroz sudbinu ma\u0111arske plemi\u0107ke obitelji tijekom raspada Austro-Ugarske, ratova i politi\u010dkih prevrata, autor ispisuje rasko\u0161nu, mra\u010dnu i nezaboravnu obiteljsku sagu o ljubavi, tajnama i naslje\u0111u. Od prvog objavljivanja u Njema\u010dkoj u\u2026","rel":"","context":"U &quot;Novosti&quot;","block_context":{"text":"Novosti","link":"https:\/\/historiografija.hr\/?cat=3"},"img":{"alt_text":"","src":"https:\/\/i0.wp.com\/historiografija.hr\/wp-content\/uploads\/2026\/08\/lazar.jpg?fit=768%2C577&ssl=1&resize=350%2C200","width":350,"height":200,"srcset":"https:\/\/i0.wp.com\/historiografija.hr\/wp-content\/uploads\/2026\/08\/lazar.jpg?fit=768%2C577&ssl=1&resize=350%2C200 1x, https:\/\/i0.wp.com\/historiografija.hr\/wp-content\/uploads\/2026\/08\/lazar.jpg?fit=768%2C577&ssl=1&resize=525%2C300 1.5x, https:\/\/i0.wp.com\/historiografija.hr\/wp-content\/uploads\/2026\/08\/lazar.jpg?fit=768%2C577&ssl=1&resize=700%2C400 2x"},"classes":[]},{"id":32156,"url":"https:\/\/historiografija.hr\/?p=32156","url_meta":{"origin":39540,"position":5},"title":"Boris Akunin, \u201cPelagija i bijeli buldog\u201d","author":"Branimir Jankovi\u0107","date":"18. srpnja 2022.","format":false,"excerpt":"Zavjere, prezreni ljubavnici, ubojita pohlepa, ljubomora, politika, mo\u0107 i pletenje: prvi dio kriminalisti\u010dke serije o avanturama sestre Pelagije me\u0111unarodnog hit-autora Borisa Akunina. U udaljenoj ruskoj provinciji krajem devetnaestog stolje\u0107a vladika Mitrofanij mora se nositi s obiteljskom krizom. Nakon \u0161to je jedan od voljenih i rijetkih bijelih buldoga njegove tete otrovan,\u2026","rel":"","context":"U &quot;Novosti&quot;","block_context":{"text":"Novosti","link":"https:\/\/historiografija.hr\/?cat=3"},"img":{"alt_text":"","src":"https:\/\/i0.wp.com\/historiografija.hr\/wp-content\/uploads\/2022\/07\/Pelagija-i-bijeli-buldog.jpg?fit=675%2C1000&ssl=1&resize=350%2C200","width":350,"height":200,"srcset":"https:\/\/i0.wp.com\/historiografija.hr\/wp-content\/uploads\/2022\/07\/Pelagija-i-bijeli-buldog.jpg?fit=675%2C1000&ssl=1&resize=350%2C200 1x, https:\/\/i0.wp.com\/historiografija.hr\/wp-content\/uploads\/2022\/07\/Pelagija-i-bijeli-buldog.jpg?fit=675%2C1000&ssl=1&resize=525%2C300 1.5x"},"classes":[]}],"_links":{"self":[{"href":"https:\/\/historiografija.hr\/index.php?rest_route=\/wp\/v2\/posts\/39540","targetHints":{"allow":["GET"]}}],"collection":[{"href":"https:\/\/historiografija.hr\/index.php?rest_route=\/wp\/v2\/posts"}],"about":[{"href":"https:\/\/historiografija.hr\/index.php?rest_route=\/wp\/v2\/types\/post"}],"author":[{"embeddable":true,"href":"https:\/\/historiografija.hr\/index.php?rest_route=\/wp\/v2\/users\/2"}],"replies":[{"embeddable":true,"href":"https:\/\/historiografija.hr\/index.php?rest_route=%2Fwp%2Fv2%2Fcomments&post=39540"}],"version-history":[{"count":2,"href":"https:\/\/historiografija.hr\/index.php?rest_route=\/wp\/v2\/posts\/39540\/revisions"}],"predecessor-version":[{"id":39542,"href":"https:\/\/historiografija.hr\/index.php?rest_route=\/wp\/v2\/posts\/39540\/revisions\/39542"}],"wp:featuredmedia":[{"embeddable":true,"href":"https:\/\/historiografija.hr\/index.php?rest_route=\/wp\/v2\/media\/10204"}],"wp:attachment":[{"href":"https:\/\/historiografija.hr\/index.php?rest_route=%2Fwp%2Fv2%2Fmedia&parent=39540"}],"wp:term":[{"taxonomy":"category","embeddable":true,"href":"https:\/\/historiografija.hr\/index.php?rest_route=%2Fwp%2Fv2%2Fcategories&post=39540"},{"taxonomy":"post_tag","embeddable":true,"href":"https:\/\/historiografija.hr\/index.php?rest_route=%2Fwp%2Fv2%2Ftags&post=39540"}],"curies":[{"name":"wp","href":"https:\/\/api.w.org\/{rel}","templated":true}]}}