{"id":39520,"date":"2024-02-05T14:39:07","date_gmt":"2024-02-05T14:39:07","guid":{"rendered":"http:\/\/historiografija.hr\/?p=39520"},"modified":"2024-02-05T14:39:07","modified_gmt":"2024-02-05T14:39:07","slug":"izlozba-sindikat-zena-dizajn-feministickih-promotivnih-materijala-od-1980-ih-do-danas","status":"publish","type":"post","link":"https:\/\/historiografija.hr\/?p=39520","title":{"rendered":"Izlo\u017eba &#8220;SINDIKAT \u017dENA\u2026 Dizajn feministi\u010dkih promotivnih materijala od 1980-ih do danas&#8221;"},"content":{"rendered":"\n<p>U HDD galeriji u Zagrebu otvorena je od 23.1. do 5.2. 2024. izlo\u017eba \u201eSINDIKAT \u017dENA\u2026 Dizajn feministi\u010dkih promotivnih materijala od 1980-ih do danas\u201c kojom \u0107e se predstaviti \u010detiri desetlje\u0107a oblikovanja promotivnih materijala, publikacija, plakata i drugih oblika i strategija vizualnog komuniciranja u kontekstu djelovanja autonomnih feministi\u010dkih organizacija i inicijativa u Hrvatskoj. Izlo\u017eba prikazuje raspon od skromnih produkcijskih po\u010detaka aktivistica-dizajnerica iz druge polovice 1980-ih, preko radova renomiranih dizajner\/ica, agencija i studija, cjelovitih vizualnih identiteta kampanja i organizacija, do najmla\u0111e generacije dizajnerica i ilustratorica koje oblikuju feministi\u010dko-zagovara\u010dke ideje danas.<\/p>\n\n\n\n<p><em>Adieu patrijarhat!<\/em> poru\u010duje slogan plakata anonimne autorice \u017eenske sekcije Lilit iz Ljubljane, osnovane jo\u0161 1985. Doista, ve\u0107inu feministi\u010dkih tiskanih materijala s kraja 1980-ih i po\u010detka 1990-ih oblikovale su same aktivistkinje, koriste\u0107i \u0161kare, fotokopirne ure\u0111aje, flomastere i pisa\u0107e ma\u0161ine, u najboljoj maniri onog \u0161to bismo nazvali \u201eaktivisti\u010dki dizajn\u201c, u estetskom i svjetonazorskom okrilju DIY i fanzinske kulture te epohe. Stoga se ova izlo\u017eba neizbje\u017eno u jednom svom va\u017enom dijelu oslanja na produkciju iza koje stoje nama nepoznate, nepotpisane autorice, ili one \u010dijim imenima nismo mogli u\u0107i u trag, no njima se vrlo rano priklju\u010duje \u010ditav niz autorica koje su bile ili \u0107e s vremenom postati neka od sredi\u0161njih imena hrvatske dizajnerske i umjetni\u010dke scene \u2013 me\u0111u njima Sanja Ivekovi\u0107, Sanja Bachrach Kri\u0161tofi\u0107, Iva Babaja, Ira Payer, Barbara Blasin, Koraljka Vlajo, Dora Bili\u0107 i Tina M\u00fcller, Goga Golik, Ana Labudovi\u0107, Tessa Bachrach Kri\u0161tofi\u0107, Tea \u0160okac, Gabrijela Ivanov i mnoge druge.<\/p>\n\n\n\n<p>Pored dizajnerica, feministi\u010dke promotivne materijale oblikuju i dizajneri (primjerice Dejan Dragosavac, Dejan Kr\u0161i\u0107, Ivan Klisuri\u0107, Jimbo Bernhaus, Kre\u0161imir \u0106uk), \u0161tovi\u0161e, jedno od simboli\u010dkih i kronolo\u0161kih polazi\u0161ta prilikom koncipiranja ove izlo\u017ebe bila nam je ilustracija jednog od najistaknutijih svjetskih dizajnera, Mirka Ili\u0107a, nastala u kontekstu me\u0111unarodne konferencije <em>DRUG-ca \u017eena \u2013 novi pristup \u017eenskom pitanju<\/em> (1978.), kao i nekoliko njegovih drugih radova iz ranih 1980-ih.<\/p>\n\n\n\n<p>Nakon 2000. feministi\u010dkim udrugama svoje profesionalne usluge nude i najeksponiranije ogla\u0161iva\u010dke agencije (npr. Bruketa&amp;\u017dini\u0107) i dizajnerske tvrtke (npr. Bestias Dizajn). Napokon, izlo\u017eba donosi i neke primjere dizajnerskih rje\u0161enja iz regije, odabrane zbog srodnosti u pristupu i utjecaju na na\u0161u produkciju.<\/p>\n\n\n\n<p>Usvajanje raznih i razli\u010ditih feministi\u010dkih koncepcija danas je vidljivo u \u0161irokom rasponu radova i rje\u0161enja, od aktivisti\u010dko-zagovara\u010dkih materijala sve do komercijalnih i namjenskih kampanja za odre\u0111ene proizvode. Od 2010-ih do danas, razne organizacije razvile su svoje izdava\u0161tvo i promotivne strategije, te su mnoge dugoro\u010dno sura\u0111ivale s dizajnericama\/ima na osmi\u0161ljavanju cjelovitih vizualnih identiteta, npr. dizajn za <em>Memorijalni stan Marije Juri\u0107 Zagorke<\/em>, koji su u cijelosti oblikovale Dora Bili\u0107 i Tina M\u00fcller, ili Goga Golik koja potpisuje vizualni identitet organizacije B.a.B.e.<\/p>\n\n\n\n<p>Iz raznolike suvremene produkcije odlu\u010dili smo prezentirati one autorice i rje\u0161enja koji govore o jo\u0161 uvijek aktualnim rodnim pitanjima u dru\u0161tvu, kao i one radove koji kroz subjektivan autorski pristup ukazuju na istu problematiku.&nbsp;<\/p>\n\n\n\n<p>U oblikovanju promotivnih materijala s feministi\u010dkom agendom danas dominiraju ne samo dizajnerice\/i nego i ilustratorice, npr. Rina Barbari\u0107, Hana Tintor i Hana Vrca, ili Ena Jurov koja svoje feministi\u010dke stavove izra\u017eava koriste\u0107i formu stripa\/fanzina npr. <em>Good Night Macho Pride<\/em>.<\/p>\n\n\n\n<p>Izlo\u017eba nije sveobuhvatni pregled dizajnerske produkcije informativno-promotivnih materijala feministi\u010dkih organizacija, ali nudi cjelovit uvid u dizajnerske ideje, pristupe, produkcijske uvjete i dru\u0161tveni kontekst u kojima su nastajala ova dizajnerska rje\u0161enja.<\/p>\n\n\n\n<hr class=\"wp-block-separator\"\/>\n\n\n\n<p><strong>SINDIKAT \u017dENA\u2026&nbsp;Dizajn feministi\u010dkih promotivnih materijala od 1980-ih do danas<br><\/strong>HDD galerija 23. 1. \u2013 5. 2. 2024.<\/p>\n\n\n\n<p><strong>Autori izlo\u017ebe:<\/strong> Sanja Bachrach Kri\u0161tofi\u0107, Barbara Blasin, Marko Golub<br><strong>Postav izlo\u017ebe:<\/strong> Sanja Bachrach Kri\u0161tofi\u0107, Barbara Blasin, Marko Golub<br><strong>Vizualni identitet izlo\u017ebe i grafi\u010dki dizajn:<\/strong> Sanja Bachrach Kri\u0161tofi\u0107 i Barbara Blasin<br><strong>Fotografija:<\/strong> Mario Kri\u0161tofi\u0107 i privatne arhive autorica i autora<br><strong>Skeniranje materijala za izlo\u017ebu:<\/strong> Mario Kri\u0161tofi\u0107, Ars Kopija<br><strong>Voditelj HDD galerije:<\/strong> Marko Golub<br><strong><br>Hvala:<\/strong> svim \u017eenskim, feministi\u010dkim, \u017eensko-prava\u0161kim udrugama, aktivistkinjama, dizajnericama i dizajnerima, marketin\u0161kim agencijama na pomo\u0107i prilikom istra\u017eivanja te ustupanju gra\u0111e za ovu izlo\u017ebu.<\/p>\n\n\n\n<p><strong>Sponzori tiska:&nbsp;<\/strong>Kerschoffset<strong>,&nbsp;<\/strong>Ars kopija<\/p>\n\n\n\n<p>Izlo\u017eba je financirana sredstvima&nbsp;<strong>Ministarstva kulture i medija RH i Gradskog ureda za kulturu i civilno dru\u0161tvo Grada Zagreba<\/strong>. Izlo\u017ebeni i diskurzivni program HDD galerije sufinanciran je sredstvima&nbsp;<strong>Zaklade Kultura nova<\/strong>.<\/p>\n\n\n\n<p><strong><br>HDD galerija \/ Hrvatsko dizajnersko dru\u0161tvo<\/strong><br>Bo\u0161kovi\u0107eva 18, Zagreb<br>Radno vrijeme: pon \u2013 pet \/ 12 \u2013 19h \/<br>www.dizajn.hr<\/p>\n\n\n\n<hr class=\"wp-block-separator\"\/>\n\n\n\n<p>Izvor:<\/p>\n\n\n\n<figure class=\"wp-block-embed-wordpress wp-block-embed is-type-wp-embed is-provider-hrvatsko-dizajnersko-drustvo-croatian-designers-association\"><div class=\"wp-block-embed__wrapper\">\n<blockquote class=\"wp-embedded-content\" data-secret=\"YDbhpz96ax\"><a href=\"http:\/\/dizajn.hr\/blog\/izlozba-sindikat-zena-dizajn-feministickih-promotivnih-materijala-od-1980-ih-do-danas\/\">Izlo\u017eba SINDIKAT \u017dENA&#8230; Dizajn feministi\u010dkih promotivnih materijala od 1980-ih do danas (23.1. \u2013 5.2.2024.)<\/a><\/blockquote><iframe loading=\"lazy\" class=\"wp-embedded-content\" sandbox=\"allow-scripts\" security=\"restricted\" style=\"position: absolute; clip: rect(1px, 1px, 1px, 1px);\" title=\"&#8220;Izlo\u017eba SINDIKAT \u017dENA&#8230; Dizajn feministi\u010dkih promotivnih materijala od 1980-ih do danas (23.1. \u2013 5.2.2024.)&#8221; &#8212; Hrvatsko dizajnersko dru\u0161tvo \/ Croatian Designers Association\" src=\"http:\/\/dizajn.hr\/blog\/izlozba-sindikat-zena-dizajn-feministickih-promotivnih-materijala-od-1980-ih-do-danas\/embed\/#?secret=GBP2MHLgl4#?secret=YDbhpz96ax\" data-secret=\"YDbhpz96ax\" width=\"600\" height=\"338\" frameborder=\"0\" marginwidth=\"0\" marginheight=\"0\" scrolling=\"no\"><\/iframe>\n<\/div><\/figure>\n\n\n\n<hr class=\"wp-block-separator\"\/>\n","protected":false},"excerpt":{"rendered":"","protected":false},"author":2,"featured_media":39521,"comment_status":"open","ping_status":"open","sticky":false,"template":"","format":"standard","meta":{"_acf_changed":false,"jetpack_post_was_ever_published":false,"_jetpack_newsletter_access":"","_jetpack_dont_email_post_to_subs":false,"_jetpack_newsletter_tier_id":0,"_jetpack_memberships_contains_paywalled_content":false,"_jetpack_memberships_contains_paid_content":false,"footnotes":"","jetpack_publicize_message":"","jetpack_publicize_feature_enabled":true,"jetpack_social_post_already_shared":true,"jetpack_social_options":{"image_generator_settings":{"template":"highway","default_image_id":0,"font":"","enabled":false},"version":2}},"categories":[10,3],"tags":[],"class_list":["post-39520","post","type-post","status-publish","format-standard","has-post-thumbnail","hentry","category-izlozbe","category-novosti"],"acf":{"facebook_opis":""},"jetpack_publicize_connections":[],"jetpack_featured_media_url":"https:\/\/i0.wp.com\/historiografija.hr\/wp-content\/uploads\/2024\/02\/1989-Sindikat-zena.jpg?fit=1463%2C2048&ssl=1","jetpack_sharing_enabled":true,"jetpack-related-posts":[],"_links":{"self":[{"href":"https:\/\/historiografija.hr\/index.php?rest_route=\/wp\/v2\/posts\/39520","targetHints":{"allow":["GET"]}}],"collection":[{"href":"https:\/\/historiografija.hr\/index.php?rest_route=\/wp\/v2\/posts"}],"about":[{"href":"https:\/\/historiografija.hr\/index.php?rest_route=\/wp\/v2\/types\/post"}],"author":[{"embeddable":true,"href":"https:\/\/historiografija.hr\/index.php?rest_route=\/wp\/v2\/users\/2"}],"replies":[{"embeddable":true,"href":"https:\/\/historiografija.hr\/index.php?rest_route=%2Fwp%2Fv2%2Fcomments&post=39520"}],"version-history":[{"count":1,"href":"https:\/\/historiografija.hr\/index.php?rest_route=\/wp\/v2\/posts\/39520\/revisions"}],"predecessor-version":[{"id":39522,"href":"https:\/\/historiografija.hr\/index.php?rest_route=\/wp\/v2\/posts\/39520\/revisions\/39522"}],"wp:featuredmedia":[{"embeddable":true,"href":"https:\/\/historiografija.hr\/index.php?rest_route=\/wp\/v2\/media\/39521"}],"wp:attachment":[{"href":"https:\/\/historiografija.hr\/index.php?rest_route=%2Fwp%2Fv2%2Fmedia&parent=39520"}],"wp:term":[{"taxonomy":"category","embeddable":true,"href":"https:\/\/historiografija.hr\/index.php?rest_route=%2Fwp%2Fv2%2Fcategories&post=39520"},{"taxonomy":"post_tag","embeddable":true,"href":"https:\/\/historiografija.hr\/index.php?rest_route=%2Fwp%2Fv2%2Ftags&post=39520"}],"curies":[{"name":"wp","href":"https:\/\/api.w.org\/{rel}","templated":true}]}}