{"id":39505,"date":"2024-02-05T13:45:06","date_gmt":"2024-02-05T13:45:06","guid":{"rendered":"http:\/\/historiografija.hr\/?p=39505"},"modified":"2024-02-05T13:45:06","modified_gmt":"2024-02-05T13:45:06","slug":"cfp-final-issues-endings-in-modern-intellectual-history","status":"publish","type":"post","link":"https:\/\/historiografija.hr\/?p=39505","title":{"rendered":"CfP: Final Issues: Endings in Modern Intellectual History"},"content":{"rendered":"\n<p>The workshop &#8220;Final Issues: Endings in Modern Intellectual History&#8221; hosted by the Cluster of Excellence Temporal Communities at Freie Universit\u00e4t Berlin and the Leibniz-Zentrum f\u00fcr Literatur- und Kulturforschung will take place in Berlin from 10 to 11 October 2024.<\/p>\n\n\n\n<hr class=\"wp-block-separator\"\/>\n\n\n\n<p><strong>Final Issues. Endings in Modern Intellectual History<\/strong><\/p>\n\n\n\n<p>Histories of political, intellectual, literary and aesthetic movements are often told through documents of their beginnings: Manifestos, declarations, and programs testify to what groups, avant-gardes or collectives stand for, what they want to achieve, and what they oppose. The importance of &#8216;beginnings&#8217; and the practices and narratives they entail have been emphasized in cultural theory and historiography alike: \u201cA beginning not only creates but is its own method because it has intention,\u201d Edward Said wrote in his study Beginnings: Intention and Method in 1975, in which he theorized forms of beginnings in modern literature.<\/p>\n\n\n\n<p>Yet, in contrast to the clarity of beginnings, endings seem much harder to grasp. This is not least due to the fact that the late and final stages of political-intellectual projects are often underdocumented, as many avant-gardes and collectives in history disperse, fade out, or lose their social and intellectual coherence gradually. Studies on endings, understood as a set of intentional practices, politics, or &#8211; with Said &#8211; \u201cmethods\u201d, are thus rare to find. One example has been given by French sociologist Ren\u00e9 Lourau, who in 1980 collected final documents from a variety of groups for his book on the Autodissolution des avant-gardes: from Dada to the Situationists, from the Sex Pistols to numerous journals and magazines, Lourau tried to show how and to what purpose endings were narrated, justified, and communicated. For the sociologist, manifestations of self-dissolution always combine analytical and performative dimensions, describing and enacting endings at the same time.<\/p>\n\n\n\n<p>Starting from such observations, the workshop focuses on concrete textual and medial representations of endings in modern cultural and intellectual history. Our working hypothesis is that materialized representations of endings give expression to temporal experiences of individuals and collectives, shedding light on the self-given interpretations of their own past, present, or future afterlives. Hence, the workshop aims to transfer Edward Said\u2019s questions on beginning &#8211; on what is special about beginning as an activity or a moment or a place &#8211; to its opposite, asking how we can reconstruct endings, theorize them and read them as interventions into the present.<\/p>\n\n\n\n<p>We invite case studies from the fields of intellectual history, literature, arts, media studies or the history of social movements. The workshop aims at a transregional perspective on the subject matter and considers the practice of ending in its relationship to various conceptualizations of modernity within global intellectual history. Especially welcome are contributions that focus on concrete medial representations of endings such as final issues of journals and magazines, manifestos, interviews, public speeches, or other textual, visual, or audio-visual documents. Contributions may focus on, but are not narrowly confined to the following questions:<\/p>\n\n\n\n<p>&#8211; Which forms of endings can we discern? How are endings justified, which strategies and narratives of legitimation can be observed? What forms of resistance to endings occur?<br>&#8211; Which imaginations of present and future are at work in endings, which closures of futures once conceived as open do they express?<br>&#8211; How have endings been discussed in the afterlife of movements or groups, e. g. in memoirs of former protagonists?<br>&#8211; In which ways do individual manifestations of endings, such as the last issue of a journal, symbolize, depict or represent endings of a larger historical and social scale?<br>&#8211; How do (materialized) endings work as communicative interventions into their present, how are they disseminated and received?<br>&#8211; How do media practices and manifestations of self-dissolution create narratives of belonging ex post?<br>&#8211; To what extent do communities compete for interpretations at the moment of their &#8216;farewell&#8217; and, with regard to the representation of their own history, even beyond?<br>&#8211; And how do we deal with the numerous examples of uncommented disappearances, those endings that never materialized or were documented as such?<\/p>\n\n\n\n<p>The workshop is convened by Yvonne Albers (EXC 2020) and Moritz Neuffer (ZfL Berlin) and co-organized by the Cluster of Excellence Temporal Communities: Doing Literature in a Global Perspective at Freie Universit\u00e4t Berlin and the Leibniz-Zentrum f\u00fcr Literatur- und Kulturforschung (ZfL) Berlin. The conference language will be English. Proposals should include a short CV, a provisional title and an abstract of no more than 300 words. Please send these documents in one PDF file to Yvonne Albers (yvonne.albers@fu-berlin.de) and Moritz Neuffer (neuffer@zfl-berlin.org) by March 1, 2024. Contributions are intended for publication in 2025.<\/p>\n\n\n\n<p><strong>Kontakt<\/strong><\/p>\n\n\n\n<p>Yvonne Albers (yvonne.albers@fu-berlin.de), Moritz Neuffer (neuffer@zfl-berlin.org)<\/p>\n\n\n\n<hr class=\"wp-block-separator\"\/>\n\n\n\n<p><em>Final Issues: Endings in Modern Intellectual History<\/em>., In: H-Soz-Kult, 04.02.2024, <a href=\"http:\/\/www.hsozkult.de\/event\/id\/event-141748\">&lt;www.hsozkult.de\/event\/id\/event-141748><\/a>.<\/p>\n\n\n\n<hr class=\"wp-block-separator\"\/>\n","protected":false},"excerpt":{"rendered":"","protected":false},"author":2,"featured_media":6331,"comment_status":"open","ping_status":"open","sticky":false,"template":"","format":"standard","meta":{"_acf_changed":false,"jetpack_post_was_ever_published":false,"_jetpack_newsletter_access":"","_jetpack_dont_email_post_to_subs":false,"_jetpack_newsletter_tier_id":0,"_jetpack_memberships_contains_paywalled_content":false,"_jetpack_memberships_contains_paid_content":false,"footnotes":"","jetpack_publicize_message":"","jetpack_publicize_feature_enabled":true,"jetpack_social_post_already_shared":true,"jetpack_social_options":{"image_generator_settings":{"template":"highway","default_image_id":0,"font":"","enabled":false},"version":2}},"categories":[3,9],"tags":[],"class_list":["post-39505","post","type-post","status-publish","format-standard","has-post-thumbnail","hentry","category-novosti","category-skupovi"],"acf":{"facebook_opis":""},"jetpack_publicize_connections":[],"jetpack_featured_media_url":"https:\/\/i0.wp.com\/historiografija.hr\/wp-content\/uploads\/2017\/10\/hsozkult.png?fit=1006%2C241&ssl=1","jetpack_sharing_enabled":true,"jetpack-related-posts":[{"id":52664,"url":"https:\/\/historiografija.hr\/?p=52664","url_meta":{"origin":39505,"position":0},"title":"CfP: CONFERENCE OF THE HISTORY OF CONCEPTS GROUP, HELSINKI, 19TH\u201321ST AUGUST 2026 (DEADLINE: 30TH APRIL 2026)","author":"Branimir Jankovi\u0107","date":"24. travnja 2026.","format":false,"excerpt":"The annual conference of the History of Concepts Group is held at the University of Helsinki, 19-21 August 2026. Conference of the History of Concepts Group Conceptual history studies the use of concepts and tries to understand how historical actors have linguistically articulated views of the world. Studying concepts from\u2026","rel":"","context":"U &quot;Novosti&quot;","block_context":{"text":"Novosti","link":"https:\/\/historiografija.hr\/?cat=3"},"img":{"alt_text":"","src":"https:\/\/i0.wp.com\/historiografija.hr\/wp-content\/uploads\/2017\/10\/hsozkult.png?fit=1006%2C241&ssl=1&resize=350%2C200","width":350,"height":200,"srcset":"https:\/\/i0.wp.com\/historiografija.hr\/wp-content\/uploads\/2017\/10\/hsozkult.png?fit=1006%2C241&ssl=1&resize=350%2C200 1x, https:\/\/i0.wp.com\/historiografija.hr\/wp-content\/uploads\/2017\/10\/hsozkult.png?fit=1006%2C241&ssl=1&resize=525%2C300 1.5x, https:\/\/i0.wp.com\/historiografija.hr\/wp-content\/uploads\/2017\/10\/hsozkult.png?fit=1006%2C241&ssl=1&resize=700%2C400 2x"},"classes":[]},{"id":52516,"url":"https:\/\/historiografija.hr\/?p=52516","url_meta":{"origin":39505,"position":1},"title":"Marko Grde\u0161i\u0107, Mislav \u017ditko, \u201eSocialist Economics in Yugoslavia: A Critical History\u201c","author":"Branimir Jankovi\u0107","date":"17. travnja 2026.","format":false,"excerpt":"This book presents a critical history of Yugoslav socialist economics, from its inception in the late 1940s to its dissolution in the late 1980s. After the dramatic break with the Soviet Union in 1948, Yugoslavia found itself in urgent need of a third way: A socialist trajectory which would not\u2026","rel":"","context":"U &quot;Knjige&quot;","block_context":{"text":"Knjige","link":"https:\/\/historiografija.hr\/?cat=8"},"img":{"alt_text":"","src":"https:\/\/i0.wp.com\/historiografija.hr\/wp-content\/uploads\/2026\/04\/Zitko_Grdesic.jpg?fit=350%2C535&ssl=1&resize=350%2C200","width":350,"height":200},"classes":[]},{"id":52643,"url":"https:\/\/historiografija.hr\/?p=52643","url_meta":{"origin":39505,"position":2},"title":"BRACEWELL TRAVELLING SCHOLARSHIP\u202fFOR PHD STUDENTS (DEADLINE: 30TH APRIL 2026)","author":"Branimir Jankovi\u0107","date":"24. travnja 2026.","format":false,"excerpt":"The Bracewell Travelling Scholarship\u202fis funded by a gift from SSEES Emeritus Professor of History Wendy Bracewell, whose research examines South Slav history, and travel writing in eastern Europe. The Scholarship honours the long tradition of mutual curiosity between the UK and eastern, central and southeastern Europe by supporting PhD students\u2026","rel":"","context":"U &quot;Novosti&quot;","block_context":{"text":"Novosti","link":"https:\/\/historiografija.hr\/?cat=3"},"img":{"alt_text":"","src":"https:\/\/i0.wp.com\/historiografija.hr\/wp-content\/uploads\/2026\/04\/Bracewell-Travelling-Scholarship-.webp?fit=980%2C700&ssl=1&resize=350%2C200","width":350,"height":200,"srcset":"https:\/\/i0.wp.com\/historiografija.hr\/wp-content\/uploads\/2026\/04\/Bracewell-Travelling-Scholarship-.webp?fit=980%2C700&ssl=1&resize=350%2C200 1x, https:\/\/i0.wp.com\/historiografija.hr\/wp-content\/uploads\/2026\/04\/Bracewell-Travelling-Scholarship-.webp?fit=980%2C700&ssl=1&resize=525%2C300 1.5x, https:\/\/i0.wp.com\/historiografija.hr\/wp-content\/uploads\/2026\/04\/Bracewell-Travelling-Scholarship-.webp?fit=980%2C700&ssl=1&resize=700%2C400 2x"},"classes":[]},{"id":52692,"url":"https:\/\/historiografija.hr\/?p=52692","url_meta":{"origin":39505,"position":3},"title":"Florian Bieber \u201eHvar in the Modern Age: Identity and Change in Southeast Europe\u201c","author":"Filip \u0160imunjak","date":"28. travnja 2026.","format":false,"excerpt":"Description\u00a0 In this open-access book, Florian Bieber traces the history of the Adriatic island of Hvar over half a millennium, from the advent of Venetian rule in the 15th century to the end of Yugoslavia in the late 20th century. The history of Hvar tells a larger story about modernity,\u2026","rel":"","context":"U &quot;Knjige&quot;","block_context":{"text":"Knjige","link":"https:\/\/historiografija.hr\/?cat=8"},"img":{"alt_text":"","src":"https:\/\/i0.wp.com\/historiografija.hr\/wp-content\/uploads\/2026\/04\/Florian-Bieber-Hvar-in-the-Modern-Age-Identity-and-Change-in-Southeast-Europe.webp?fit=540%2C810&ssl=1&resize=350%2C200","width":350,"height":200,"srcset":"https:\/\/i0.wp.com\/historiografija.hr\/wp-content\/uploads\/2026\/04\/Florian-Bieber-Hvar-in-the-Modern-Age-Identity-and-Change-in-Southeast-Europe.webp?fit=540%2C810&ssl=1&resize=350%2C200 1x, https:\/\/i0.wp.com\/historiografija.hr\/wp-content\/uploads\/2026\/04\/Florian-Bieber-Hvar-in-the-Modern-Age-Identity-and-Change-in-Southeast-Europe.webp?fit=540%2C810&ssl=1&resize=525%2C300 1.5x"},"classes":[]},{"id":52688,"url":"https:\/\/historiografija.hr\/?p=52688","url_meta":{"origin":39505,"position":4},"title":"Eleonora Naxidou and Yura Konstantinova \u201eBalkan Perspectives of Europe: Between East and West\u201c","author":"Filip \u0160imunjak","date":"28. travnja 2026.","format":false,"excerpt":"Through the lens of the Balkan nations, this volume makes a valuable and significant contribution to the fields of European and Southeast European studies by reconsidering the East\/West dichotomy \u2013 both in terms of the Orient\u2013Occident divide and the Eastern\u2013Western Europe binary. Balkan Perspectives of Europe focuses on concepts of\u2026","rel":"","context":"U &quot;Knjige&quot;","block_context":{"text":"Knjige","link":"https:\/\/historiografija.hr\/?cat=8"},"img":{"alt_text":"","src":"https:\/\/i0.wp.com\/historiografija.hr\/wp-content\/uploads\/2026\/04\/Balkan-Perspectives-of-Europe-Between-East-and-West.jpg?fit=350%2C525&ssl=1&resize=350%2C200","width":350,"height":200},"classes":[]},{"id":52679,"url":"https:\/\/historiografija.hr\/?p=52679","url_meta":{"origin":39505,"position":5},"title":"CfP: CHOSEN NATION(S): HISTORICAL AND CULTURAL INTERPRETATIONS OF EXCEPTIONALISM, BUDAPEST, 10TH\u201311TH JUNE 2026 (DEADLINE: 1ST MAY 2026)","author":"Branimir Jankovi\u0107","date":"27. travnja 2026.","format":false,"excerpt":"The Ludovika University of Public Service (NKE) and the Jewish Theological Seminary \u2013 University of Jewish Studies (OR-ZSE) are pleased to announce a joint academic conference on \u201cChosen Nation(s): Historical and Cultural Interpretations of Exceptionalism\u201d, to be held in Budapest, Hungary. Chosen Nation(s): Historical and Cultural Interpretations of Exceptionalism Keynote\u2026","rel":"","context":"U &quot;Novosti&quot;","block_context":{"text":"Novosti","link":"https:\/\/historiografija.hr\/?cat=3"},"img":{"alt_text":"","src":"https:\/\/i0.wp.com\/historiografija.hr\/wp-content\/uploads\/2017\/10\/hsozkult.png?fit=1006%2C241&ssl=1&resize=350%2C200","width":350,"height":200,"srcset":"https:\/\/i0.wp.com\/historiografija.hr\/wp-content\/uploads\/2017\/10\/hsozkult.png?fit=1006%2C241&ssl=1&resize=350%2C200 1x, https:\/\/i0.wp.com\/historiografija.hr\/wp-content\/uploads\/2017\/10\/hsozkult.png?fit=1006%2C241&ssl=1&resize=525%2C300 1.5x, https:\/\/i0.wp.com\/historiografija.hr\/wp-content\/uploads\/2017\/10\/hsozkult.png?fit=1006%2C241&ssl=1&resize=700%2C400 2x"},"classes":[]}],"_links":{"self":[{"href":"https:\/\/historiografija.hr\/index.php?rest_route=\/wp\/v2\/posts\/39505","targetHints":{"allow":["GET"]}}],"collection":[{"href":"https:\/\/historiografija.hr\/index.php?rest_route=\/wp\/v2\/posts"}],"about":[{"href":"https:\/\/historiografija.hr\/index.php?rest_route=\/wp\/v2\/types\/post"}],"author":[{"embeddable":true,"href":"https:\/\/historiografija.hr\/index.php?rest_route=\/wp\/v2\/users\/2"}],"replies":[{"embeddable":true,"href":"https:\/\/historiografija.hr\/index.php?rest_route=%2Fwp%2Fv2%2Fcomments&post=39505"}],"version-history":[{"count":1,"href":"https:\/\/historiografija.hr\/index.php?rest_route=\/wp\/v2\/posts\/39505\/revisions"}],"predecessor-version":[{"id":39506,"href":"https:\/\/historiografija.hr\/index.php?rest_route=\/wp\/v2\/posts\/39505\/revisions\/39506"}],"wp:featuredmedia":[{"embeddable":true,"href":"https:\/\/historiografija.hr\/index.php?rest_route=\/wp\/v2\/media\/6331"}],"wp:attachment":[{"href":"https:\/\/historiografija.hr\/index.php?rest_route=%2Fwp%2Fv2%2Fmedia&parent=39505"}],"wp:term":[{"taxonomy":"category","embeddable":true,"href":"https:\/\/historiografija.hr\/index.php?rest_route=%2Fwp%2Fv2%2Fcategories&post=39505"},{"taxonomy":"post_tag","embeddable":true,"href":"https:\/\/historiografija.hr\/index.php?rest_route=%2Fwp%2Fv2%2Ftags&post=39505"}],"curies":[{"name":"wp","href":"https:\/\/api.w.org\/{rel}","templated":true}]}}