{"id":39490,"date":"2024-02-02T21:56:27","date_gmt":"2024-02-02T21:56:27","guid":{"rendered":"http:\/\/historiografija.hr\/?p=39490"},"modified":"2024-02-20T17:59:32","modified_gmt":"2024-02-20T17:59:32","slug":"poziv-za-prijavu-na-znanstveni-skup-150-godina-nastave-i-istrazivanja-povijesti-na-filozofskom-fakultetu-sveucilista-u-zagrebu","status":"publish","type":"post","link":"https:\/\/historiografija.hr\/?p=39490","title":{"rendered":"Poziv za prijavu na znanstveni skup: 150 godina nastave i istra\u017eivanja povijesti na Filozofskom fakultetu Sveu\u010dili\u0161ta u Zagrebu"},"content":{"rendered":"\n<p>Kada je 5. sije\u010dnja 1874. zakonsku osnovu \u201eob ustrojstvu sveu\u010dili\u0161ta Franje Josipa I. u Zagrebu\u201c sankcionirao car i kralj Franjo Josip I., a 13. sije\u010dnja ban Ivan Ma\u017eurani\u0107 u Hrvatskom saboru proglasio prihva\u0107anje tog zakona, uspostavljeno je moderno Sveu\u010dili\u0161te u Zagrebu. Bio je to vrhunac vi\u0161estoljetnih nastojanja da se organizira takva ustanova na hrvatskome prostoru. Time zapo\u010dinje i povijest visoko\u0161kolske nastave povijesti. Prvim kraljevskim javnim redovitim profesorom hrvatske povijesti imenovan je 27. travnja 1874. Matija Mesi\u0107 (1826 \u2013 1878), koji je ujedno bio i prvi rektor. Do danas je preko stotinu nastavnika u raznim statusima i zvanjima obrazovalo niz generacija povjesni\u010dara. Istovremeno je u sklopu Filozofsko-historijskog odjela, kasnije Historijskog seminara i kona\u010dno, od 1961. godine, Odsjeka za povijest Filozofskog fakulteta djelovao \u010ditav niz istaknutih stru\u010dnjaka koji su povijesnu znanost svojim predavanjima, radovima i idejama konstantno mijenjali. Odsjek je u stolje\u0107e i pol dugoj povijesti bio i ostao \u010dvori\u0161no mjesto hrvatske historiografije, kao i va\u017ena to\u010dka povezivanja sa suvremenim trendovima europske i svjetske historiografije.<\/p>\n\n\n\n<p>Povodom <strong>proslave 150 godina nastave i istra\u017eivanja povijesti na Filozofskom fakultetu<\/strong> Sveu\u010dili\u0161ta u Zagrebu pozivamo sve zainteresirane na prijavu izlaganja na <strong>znanstvenom skupu<\/strong>, koji \u0107e se odr\u017eati 28. i 29. studenog 2024. godine.<\/p>\n\n\n\n<p>Povodom proslave planiran je i poseban broj <em>Radova Zavoda za hrvatsku povijest<\/em> koji \u0107e biti posve\u0107en ovoj temi, a izlazak je planiran za kraj 2024. Stoga pozivamo sve zainteresirane da objedinjenu <strong>prijavu<\/strong> za <strong>sudjelovanje<\/strong> <strong>na skupu<\/strong> i <strong>prilog u \u010dasopisu<\/strong> dostave na e-mail adrese: <a href=\"mailto:dagicic@ffzg.hr\">dagicic@ffzg.hr<\/a> i <a href=\"mailto:fsimetin@m.ffzg.hr\">fsimetin@m.ffzg.hr<\/a><\/p>\n\n\n\n<p>Radni jezici skupa bit \u0107e hrvatski i engleski. Prilozi za \u010dasopis, maksimalnog opsega (s bilje\u0161kama) mogu biti do 50.000 slovnih mjesta s razmacima (Times New Roman\/12).<\/p>\n\n\n\n<p><strong>Va\u017eni datumi<\/strong>:<\/p>\n\n\n\n<p>\u2022 Prijava naslova i sa\u017eetka izlaganja: <strong>15. travnja 2024.<\/strong><\/p>\n\n\n\n<p>Obavijest o prihva\u0107anju izlaganja prijavitelji \u0107e dobiti do kraja travnja. Uz obavijest o prihva\u0107anju izlaganja, autori \u0107e dobiti i upute za na\u010din pisanja rada za \u010dasopis.<\/p>\n\n\n\n<p>\u2022 Predaja cjelokupnog teksta izlaganja, odnosno \u010dlanka za <em>Radove ZHP:<\/em> <strong>31. listopada 2024.<\/strong><\/p>\n\n\n\n<p><strong>Teme koje bi se u zborniku posebno trebale razmatrati su, primjerice:<\/strong><\/p>\n\n\n\n<ul class=\"wp-block-list\"><li>Odsjek za povijest iz perspektive intelektualne povijesti i povijesti znanosti<\/li><li>valorizacija pojedina\u010dnih doprinosa istaknutih ili manje poznatih djelatnika Odsjeka za povijest<\/li><li>prilozi i nova istra\u017eivanja biografij\u00e2 djelatnika Odsjeka za povijest<\/li><li>prilozi za novu institucionalnu povijest Odsjeka za povijest i Zavoda za hrvatsku povijest<\/li><li>prilozi za povijest sastavnica Odsjeka (katedre, seminari, Institut odnosno Zavod za hrvatsku povijest, knji\u017enica itd.)<\/li><li>analiza doprinosa pojedinaca ili skupina povjesni\u010dara hrvatskoj, europskoj ili svjetskoj historiografiji<\/li><li>specifi\u010dnosti nastave povijesti na Odsjeku za povijest kroz njegovu pro\u0161lost<\/li><li>valorizacija javnih nastupa odnosno javnog dru\u0161tvenog djelovanja pojedinaca ili skupina djelatnika Odsjeka<\/li><li>prilozi intelektualnoj povijesti \u010dasopis\u00e2 povezanih uz pojedince s Odsjeka ili sam Odsjek<\/li><li>povijest studentskog \u017eivota, udruga, dru\u0161tava, projekata i \u010dasopisa<\/li><li>prilozi za usmenu povijest Odsjeka.<\/li><\/ul>\n\n\n\n<p>U Zagrebu, 1. velja\u010de 2024.<\/p>\n\n\n\n<hr class=\"wp-block-separator\"\/>\n\n\n\n<p>U ime pripremnog odbora:<\/p>\n\n\n\n<p>prof. dr. sc. Zrinka Nikoli\u0107 Jakus, pro\u010delnica Odsjeka za povijest<\/p>\n\n\n\n<p>prof. dr. sc. Damir Agi\u010di\u0107<\/p>\n\n\n\n<p>doc. dr. sc. Filip \u0160imetin \u0160egvi\u0107<\/p>\n\n\n\n<hr class=\"wp-block-separator\"\/>\n\n\n\n<div class=\"wp-block-file\"><a href=\"https:\/\/historiografija.hr\/wp-content\/uploads\/2024\/02\/Poziv-150-god-povijesti-na-FF.pdf\">Poziv-150-god-povijesti-na-FF<\/a><a href=\"https:\/\/historiografija.hr\/wp-content\/uploads\/2024\/02\/Poziv-150-god-povijesti-na-FF.pdf\" class=\"wp-block-file__button\" download>Preuzmi<\/a><\/div>\n\n\n\n<hr class=\"wp-block-separator\"\/>\n","protected":false},"excerpt":{"rendered":"","protected":false},"author":2,"featured_media":39491,"comment_status":"open","ping_status":"open","sticky":false,"template":"","format":"standard","meta":{"_acf_changed":false,"jetpack_post_was_ever_published":false,"_jetpack_newsletter_access":"","_jetpack_dont_email_post_to_subs":false,"_jetpack_newsletter_tier_id":0,"_jetpack_memberships_contains_paywalled_content":false,"_jetpack_memberships_contains_paid_content":false,"footnotes":"","jetpack_publicize_message":"","jetpack_publicize_feature_enabled":true,"jetpack_social_post_already_shared":true,"jetpack_social_options":{"image_generator_settings":{"template":"highway","default_image_id":0,"font":"","enabled":false},"version":2}},"categories":[3,9],"tags":[],"class_list":["post-39490","post","type-post","status-publish","format-standard","has-post-thumbnail","hentry","category-novosti","category-skupovi"],"acf":{"facebook_opis":""},"jetpack_publicize_connections":[],"jetpack_featured_media_url":"https:\/\/i0.wp.com\/historiografija.hr\/wp-content\/uploads\/2024\/02\/FFZG.png?fit=437%2C600&ssl=1","jetpack_sharing_enabled":true,"jetpack-related-posts":[],"_links":{"self":[{"href":"https:\/\/historiografija.hr\/index.php?rest_route=\/wp\/v2\/posts\/39490","targetHints":{"allow":["GET"]}}],"collection":[{"href":"https:\/\/historiografija.hr\/index.php?rest_route=\/wp\/v2\/posts"}],"about":[{"href":"https:\/\/historiografija.hr\/index.php?rest_route=\/wp\/v2\/types\/post"}],"author":[{"embeddable":true,"href":"https:\/\/historiografija.hr\/index.php?rest_route=\/wp\/v2\/users\/2"}],"replies":[{"embeddable":true,"href":"https:\/\/historiografija.hr\/index.php?rest_route=%2Fwp%2Fv2%2Fcomments&post=39490"}],"version-history":[{"count":7,"href":"https:\/\/historiografija.hr\/index.php?rest_route=\/wp\/v2\/posts\/39490\/revisions"}],"predecessor-version":[{"id":39722,"href":"https:\/\/historiografija.hr\/index.php?rest_route=\/wp\/v2\/posts\/39490\/revisions\/39722"}],"wp:featuredmedia":[{"embeddable":true,"href":"https:\/\/historiografija.hr\/index.php?rest_route=\/wp\/v2\/media\/39491"}],"wp:attachment":[{"href":"https:\/\/historiografija.hr\/index.php?rest_route=%2Fwp%2Fv2%2Fmedia&parent=39490"}],"wp:term":[{"taxonomy":"category","embeddable":true,"href":"https:\/\/historiografija.hr\/index.php?rest_route=%2Fwp%2Fv2%2Fcategories&post=39490"},{"taxonomy":"post_tag","embeddable":true,"href":"https:\/\/historiografija.hr\/index.php?rest_route=%2Fwp%2Fv2%2Ftags&post=39490"}],"curies":[{"name":"wp","href":"https:\/\/api.w.org\/{rel}","templated":true}]}}